{"id":60865,"date":"2025-07-01T10:43:22","date_gmt":"2025-07-01T10:43:22","guid":{"rendered":"http:\/\/cordobanewsnet.wordpress.com\/?p=13032"},"modified":"2025-07-01T10:43:22","modified_gmt":"2025-07-01T10:43:22","slug":"en-cordoba-ypf-subio-la-nafta-mas-de-lo-esperado-el-litro-5-mas-caro","status":"publish","type":"post","link":"http:\/\/nuevacordoba.net\/index.php\/2025\/07\/01\/en-cordoba-ypf-subio-la-nafta-mas-de-lo-esperado-el-litro-5-mas-caro\/","title":{"rendered":"En C\u00f3rdoba, YPF subi\u00f3 la nafta m\u00e1s de lo esperado: el litro, 5% m\u00e1s caro"},"content":{"rendered":"<p>El ajuste en combustibles de la petrolera estatal tiene m\u00e1s novedades en la Capital. Cu\u00e1les son los nuevos precios. El anuncio, finalmente, se concret\u00f3.<\/p>\n<p>Sin embargo, en la ciudad de C\u00f3rdoba el ajuste de YPF fue por encima del 3,5% anunciado.<\/p>\n<p>As\u00ed, la nafta S\u00faper, cuyo valor era de $ 1.278 por litro, cuesta a partir de este martes 1.346 pesos.<\/p>\n<p><strong>Al igual que en la Infinia, la nafta Premium de la petrolera estatal, el ajuste se ubica por encima del 5 por ciento<\/strong>.<\/p>\n<p>En cuanto al gasoil, los nuevos precios se sienten menos en el producto Premium.<\/p>\n<p><strong>Los nuevos precios \u2013 YPF ciudad de C\u00f3rdoba<\/strong><\/p>\n<p><em>Nafta S\u00faper &nbsp; &nbsp; &nbsp; &nbsp;$ 1346<\/em><br \/><em>Nafta Premium &nbsp; $ 1550<\/em><br \/><em>Gasoil &nbsp; &nbsp; &nbsp; &nbsp; &nbsp; &nbsp; &nbsp; &nbsp; $ 1359<\/em><br \/><em>Gasoil Premium $ 1503<\/em><\/p>\n<figure class=\"wp-block-image size-large\"><img loading=\"lazy\" data-attachment-id=\"13033\" data-permalink=\"https:\/\/cordobanewsnet.wordpress.com\/2025\/07\/01\/en-cordoba-ypf-subio-la-nafta-mas-de-lo-esperado-el-litro-5-mas-caro\/image-723\/\" data-orig-file=\"http:\/\/nuevacordoba.net\/wp-content\/uploads\/2025\/07\/en-cordoba-ypf-subio-la-nafta-mas-de-lo-esperado-el-litro-5-mas-caro-4.png\" data-orig-size=\"1272,720\" data-comments-opened=\"1\" data-image-meta=\"{&quot;aperture&quot;:&quot;0&quot;,&quot;credit&quot;:&quot;&quot;,&quot;camera&quot;:&quot;&quot;,&quot;caption&quot;:&quot;&quot;,&quot;created_timestamp&quot;:&quot;0&quot;,&quot;copyright&quot;:&quot;&quot;,&quot;focal_length&quot;:&quot;0&quot;,&quot;iso&quot;:&quot;0&quot;,&quot;shutter_speed&quot;:&quot;0&quot;,&quot;title&quot;:&quot;&quot;,&quot;orientation&quot;:&quot;0&quot;}\" data-image-title=\"image\" data-image-description data-image-caption data-medium-file=\"http:\/\/nuevacordoba.net\/wp-content\/uploads\/2025\/07\/en-cordoba-ypf-subio-la-nafta-mas-de-lo-esperado-el-litro-5-mas-caro-2.png\" data-large-file=\"http:\/\/nuevacordoba.net\/wp-content\/uploads\/2025\/07\/en-cordoba-ypf-subio-la-nafta-mas-de-lo-esperado-el-litro-5-mas-caro-4.png?w=736\" width=\"1024\" height=\"579\" src=\"http:\/\/nuevacordoba.net\/wp-content\/uploads\/2025\/07\/en-cordoba-ypf-subio-la-nafta-mas-de-lo-esperado-el-litro-5-mas-caro.png\" alt class=\"wp-image-13033\" srcset=\"http:\/\/nuevacordoba.net\/wp-content\/uploads\/2025\/07\/en-cordoba-ypf-subio-la-nafta-mas-de-lo-esperado-el-litro-5-mas-caro.png 1024w, http:\/\/nuevacordoba.net\/wp-content\/uploads\/2025\/07\/en-cordoba-ypf-subio-la-nafta-mas-de-lo-esperado-el-litro-5-mas-caro-1.png 150w, http:\/\/nuevacordoba.net\/wp-content\/uploads\/2025\/07\/en-cordoba-ypf-subio-la-nafta-mas-de-lo-esperado-el-litro-5-mas-caro-2.png 300w, http:\/\/nuevacordoba.net\/wp-content\/uploads\/2025\/07\/en-cordoba-ypf-subio-la-nafta-mas-de-lo-esperado-el-litro-5-mas-caro-3.png 768w, http:\/\/nuevacordoba.net\/wp-content\/uploads\/2025\/07\/en-cordoba-ypf-subio-la-nafta-mas-de-lo-esperado-el-litro-5-mas-caro-4.png 1272w\" sizes=\"(max-width: 1024px) 100vw, 1024px\"><\/figure>\n<p>Fuente : Cba24n C\u00f3rdoba Argentina<\/p>\n<p><span id=\"wordads-inline-marker\"><\/span><\/p>\n<div id=\"jp-post-flair\" class=\"sharedaddy sd-like-enabled sd-sharing-enabled\">\n<div class=\"sharedaddy sd-sharing-enabled\">\n<div class=\"robots-nocontent sd-block sd-social sd-social-icon-text sd-sharing\">\n<h3 class=\"sd-title\">Comparte esto:<\/h3>\n<\/div>\n<\/div>\n<div class=\"sharedaddy sd-block sd-like jetpack-likes-widget-wrapper jetpack-likes-widget-unloaded\" id=\"like-post-wrapper-143108178-13032-6863d19102a2f\" data-src=\"\/\/widgets.wp.com\/likes\/index.html?ver=20250701#blog_id=143108178&amp;post_id=13032&amp;origin=cordobanewsnet.wordpress.com&amp;obj_id=143108178-13032-6863d19102a2f\" data-name=\"like-post-frame-143108178-13032-6863d19102a2f\" data-title=\"Me gusta o Compartir\">\n<p><span class=\"button\"><span>Me gusta<\/span><\/span> <span class=\"loading\">Cargando&#8230;<\/span><\/p>\n<p><span class=\"sd-text-color\"><\/span><\/div>\n<p><h3 class=\"jp-relatedposts-headline\"><em>Relacionado<\/em><\/h3>\n<\/p>\n<\/div>\n","protected":false},"excerpt":{"rendered":"<p>El ajuste en combustibles de la petrolera estatal tiene m\u00e1s novedades en la Capital. Cu\u00e1les son los nuevos precios. El anuncio, finalmente, se concret\u00f3. Sin embargo, en la ciudad de C\u00f3rdoba el ajuste de YPF fue por encima del 3,5% anunciado. As\u00ed, la nafta S\u00faper, cuyo valor era de $ 1.278 por litro, cuesta a [&hellip;]<\/p>\n","protected":false},"author":1,"featured_media":60866,"comment_status":"closed","ping_status":"closed","sticky":false,"template":"","format":"standard","meta":[],"categories":[14],"tags":[],"_links":{"self":[{"href":"http:\/\/nuevacordoba.net\/index.php\/wp-json\/wp\/v2\/posts\/60865"}],"collection":[{"href":"http:\/\/nuevacordoba.net\/index.php\/wp-json\/wp\/v2\/posts"}],"about":[{"href":"http:\/\/nuevacordoba.net\/index.php\/wp-json\/wp\/v2\/types\/post"}],"author":[{"embeddable":true,"href":"http:\/\/nuevacordoba.net\/index.php\/wp-json\/wp\/v2\/users\/1"}],"replies":[{"embeddable":true,"href":"http:\/\/nuevacordoba.net\/index.php\/wp-json\/wp\/v2\/comments?post=60865"}],"version-history":[{"count":0,"href":"http:\/\/nuevacordoba.net\/index.php\/wp-json\/wp\/v2\/posts\/60865\/revisions"}],"wp:featuredmedia":[{"embeddable":true,"href":"http:\/\/nuevacordoba.net\/index.php\/wp-json\/wp\/v2\/media\/60866"}],"wp:attachment":[{"href":"http:\/\/nuevacordoba.net\/index.php\/wp-json\/wp\/v2\/media?parent=60865"}],"wp:term":[{"taxonomy":"category","embeddable":true,"href":"http:\/\/nuevacordoba.net\/index.php\/wp-json\/wp\/v2\/categories?post=60865"},{"taxonomy":"post_tag","embeddable":true,"href":"http:\/\/nuevacordoba.net\/index.php\/wp-json\/wp\/v2\/tags?post=60865"}],"curies":[{"name":"wp","href":"https:\/\/api.w.org\/{rel}","templated":true}]}}