{"id":60915,"date":"2025-07-01T17:50:32","date_gmt":"2025-07-01T17:50:32","guid":{"rendered":"https:\/\/puntoapunto.com.ar\/?p=374484"},"modified":"2025-07-01T17:50:32","modified_gmt":"2025-07-01T17:50:32","slug":"asi-es-fronda-el-nuevo-condominio-en-zona-norte-para-vivir-rodeado-de-naturaleza","status":"publish","type":"post","link":"http:\/\/nuevacordoba.net\/index.php\/2025\/07\/01\/asi-es-fronda-el-nuevo-condominio-en-zona-norte-para-vivir-rodeado-de-naturaleza\/","title":{"rendered":"As\u00ed es Fronda, el nuevo condominio en Zona Norte para vivir rodeado de naturaleza"},"content":{"rendered":"<p data-start=\"377\" data-end=\"710\">El pasado jueves se inaugur\u00f3 oficialmente <strong>Fronda<\/strong>, un condominio pensado para quienes buscan mucho m\u00e1s que una propiedad: <strong>una forma de vivir en armon\u00eda, calma y contacto profundo con un entorno natural privilegiado.<\/strong><\/p>\n<p data-start=\"712\" data-end=\"1021\">Durante el evento, que reuni\u00f3 a propietarios, aliados estrat\u00e9gicos y referentes del sector, se celebr\u00f3 mucho m\u00e1s que la entrega de unidades: se comparti\u00f3 una visi\u00f3n. La de demostrar que es posible construir con identidad, respetando el entorno y ofreciendo una experiencia de vida que trasciende lo funcional.<\/p>\n<p data-start=\"1023\" data-end=\"1341\">Ubicado sobre <strong>Av. Ricardo Rojas 8864, en la zona norte de C\u00f3rdoba,<\/strong> Fronda integra dise\u00f1o, confort y naturaleza en una propuesta sin precedentes. Con<strong> 42 departamentos exclusivos distribuidos en dos torres<\/strong>, el proyecto ofrece privacidad, seguridad, un contacto real con el paisaje y una calidad de vida excepcional.<\/p>\n<p data-start=\"1343\" data-end=\"1573\">Se trata de un verdadero privilegio natural: <strong>m\u00e1s de 13.000 m\u00b2 de vegetaci\u00f3n nativa, con m\u00e1s de 50 especies aut\u00f3ctonas cuidadosamente preservadas, en torno a una casona de 1900 totalmente restaurada y reconvertida en espacio com\u00fan.<\/strong><\/p>\n<p data-start=\"1343\" data-end=\"1573\"><img decoding=\"async\" class=\"aligncenter size-full wp-image-374554\" src=\"http:\/\/nuevacordoba.net\/wp-content\/uploads\/2025\/07\/asi-es-fronda-el-nuevo-condominio-en-zona-norte-para-vivir-rodeado-de-naturaleza.jpg\" alt width=\"2560\" height=\"1707\" srcset=\"http:\/\/nuevacordoba.net\/wp-content\/uploads\/2025\/07\/asi-es-fronda-el-nuevo-condominio-en-zona-norte-para-vivir-rodeado-de-naturaleza.jpg 2560w, http:\/\/nuevacordoba.net\/wp-content\/uploads\/2025\/07\/asi-es-fronda-el-nuevo-condominio-en-zona-norte-para-vivir-rodeado-de-naturaleza-1.jpg 300w, http:\/\/nuevacordoba.net\/wp-content\/uploads\/2025\/07\/asi-es-fronda-el-nuevo-condominio-en-zona-norte-para-vivir-rodeado-de-naturaleza-2.jpg 1024w, http:\/\/nuevacordoba.net\/wp-content\/uploads\/2025\/07\/asi-es-fronda-el-nuevo-condominio-en-zona-norte-para-vivir-rodeado-de-naturaleza-3.jpg 768w, http:\/\/nuevacordoba.net\/wp-content\/uploads\/2025\/07\/asi-es-fronda-el-nuevo-condominio-en-zona-norte-para-vivir-rodeado-de-naturaleza-4.jpg 1536w, http:\/\/nuevacordoba.net\/wp-content\/uploads\/2025\/07\/asi-es-fronda-el-nuevo-condominio-en-zona-norte-para-vivir-rodeado-de-naturaleza-5.jpg 2048w, http:\/\/nuevacordoba.net\/wp-content\/uploads\/2025\/07\/asi-es-fronda-el-nuevo-condominio-en-zona-norte-para-vivir-rodeado-de-naturaleza-6.jpg 750w, http:\/\/nuevacordoba.net\/wp-content\/uploads\/2025\/07\/asi-es-fronda-el-nuevo-condominio-en-zona-norte-para-vivir-rodeado-de-naturaleza-7.jpg 1140w\" sizes=\"(max-width: 2560px) 100vw, 2560px\" loading=\"lazy\"><\/p>\n<p data-start=\"1343\" data-end=\"1573\"><strong>Un equilibrio entre naturaleza y dise\u00f1o<\/strong><\/p>\n<p data-start=\"1625\" data-end=\"1775\">Desarrollado sobre un terreno de caracter\u00edsticas \u00fanicas, Fronda fue concebido bajo una premisa clara: que la naturaleza sea la verdadera protagonista.<\/p>\n<p data-start=\"1777\" data-end=\"2076\">El emprendimiento ofrece unidades de <strong>2 y 3 dormitorios, que van de 130 a 250 m\u00b2<\/strong>, con amplios ventanales que conectan con vistas al parque o a las sierras, balcones con asador propio, cocheras subterr\u00e1neas con bauleras y amenities inmersos en un entorno verde intervenido con criterio y sensibilidad.<\/p>\n<p data-start=\"2078\" data-end=\"2425\">La parquizaci\u00f3n prioriz\u00f3 especies aut\u00f3ctonas y el respeto por \u00e1rboles centenarios, creando un ecosistema vivo y arm\u00f3nico. La casona restaurada \u2014s\u00edmbolo patrimonial y emocional\u2014 integra pasado y presente, sumando m\u00e1s de 500 m\u00b2 de espacios comunes de primer nivel:<strong> SUM, sal\u00f3n de juegos, wellness center, coworking, piscina con sol\u00e1rium, entre otros.<\/strong><\/p>\n<p><iframe loading=\"lazy\" id=\"_ytid_72555\" width=\"480\" height=\"270\" data-origwidth=\"480\" data-origheight=\"270\" src=\"https:\/\/www.youtube.com\/embed\/6Av5vQ03620?enablejsapi=1&amp;autoplay=0&amp;cc_load_policy=0&amp;cc_lang_pref=&amp;iv_load_policy=1&amp;loop=0&amp;rel=0&amp;fs=1&amp;playsinline=0&amp;autohide=2&amp;theme=dark&amp;color=red&amp;controls=1&amp;\" class=\"__youtube_prefs__ epyt-is-override no-lazyload\" title=\"YouTube player\" allow=\"fullscreen; accelerometer; autoplay; clipboard-write; encrypted-media; gyroscope; picture-in-picture\" allowfullscreen data-no-lazy=\"1\" data-skipgform_ajax_framebjll>[embedded content]<\/iframe><\/p>\n<p data-start=\"2432\" data-end=\"2482\"><strong>Arquitectura, bienestar y visi\u00f3n a largo plazo<\/strong><\/p>\n<p data-start=\"2484\" data-end=\"2645\">Cada espacio de Fronda fue pensado para promover un estilo de vida sereno, consciente y conectado, en respuesta a una demanda creciente de hogares con prop\u00f3sito.<\/p>\n<p data-start=\"2647\" data-end=\"2881\">Durante el encuentro, desde Marchesini Desarrollos destacaron que Fronda representa tambi\u00e9n un mensaje: incluso en contextos econ\u00f3micos complejos, es posible desarrollar proyectos con identidad, compromiso ambiental y visi\u00f3n a futuro.<\/p>\n<p data-start=\"2883\" data-end=\"3033\">Este emprendimiento refuerza la misi\u00f3n de la desarrollista: transformar espacios apostando siempre por la innovaci\u00f3n, el cumplimiento y la excelencia.<\/p>\n<p data-start=\"3040\" data-end=\"3075\"><strong>Una entrega que celebra un hito<\/strong><\/p>\n<p data-start=\"3077\" data-end=\"3238\">La entrega de FRONDA no solo marca el cierre de un emprendimiento: consolida una filosof\u00eda de trabajo basada en el valor, el prop\u00f3sito y la mirada a largo plazo.<\/p>\n<p data-start=\"3240\" data-end=\"3544\">Con m\u00e1s de 25 a\u00f1os de trayectoria, Marchesini Desarrollos reafirma su compromiso con proyectos que conjugan excelencia, responsabilidad y dise\u00f1o. <strong>Hoy, Fronda ya es una comunidad en movimiento. Y a\u00fan quedan las \u00faltimas unidades disponibles para quienes sue\u00f1an con un lugar donde lo natural es vivir mejor.<\/strong><\/p>\n<p><strong>Para m\u00e1s informaci\u00f3n:<\/strong><\/p>\n<p>\ud83c\udf10<a href=\"https:\/\/marchesinidesarrollos.com\/fronda\/\"> https:\/\/marchesinidesarrollos.com\/fronda\/<\/a><br \/>\ud83d\udce7 Ana Schuster \u2013 Gerente Comercial<br \/>\ud83d\udcf1 (+54 9) 3516 79-9777<br \/>\ud83d\udce9 <a href=\"https:\/\/puntoapunto.com.ar\/cdn-cgi\/l\/email-protection\" class=\"__cf_email__\" data-cfemail=\"264755454e5355524354664b4754454e43554f484f424355475454494a4a49550845494b\">[email&nbsp;protected]<\/a><\/p>\n","protected":false},"excerpt":{"rendered":"<p>El pasado jueves se inaugur\u00f3 oficialmente Fronda, un condominio pensado para quienes buscan mucho m\u00e1s que una propiedad: una forma de vivir en armon\u00eda, calma y contacto profundo con un entorno natural privilegiado. Durante el evento, que reuni\u00f3 a propietarios, aliados estrat\u00e9gicos y referentes del sector, se celebr\u00f3 mucho m\u00e1s que la entrega de unidades: [&hellip;]<\/p>\n","protected":false},"author":1,"featured_media":60916,"comment_status":"open","ping_status":"closed","sticky":false,"template":"","format":"standard","meta":[],"categories":[14],"tags":[],"_links":{"self":[{"href":"http:\/\/nuevacordoba.net\/index.php\/wp-json\/wp\/v2\/posts\/60915"}],"collection":[{"href":"http:\/\/nuevacordoba.net\/index.php\/wp-json\/wp\/v2\/posts"}],"about":[{"href":"http:\/\/nuevacordoba.net\/index.php\/wp-json\/wp\/v2\/types\/post"}],"author":[{"embeddable":true,"href":"http:\/\/nuevacordoba.net\/index.php\/wp-json\/wp\/v2\/users\/1"}],"replies":[{"embeddable":true,"href":"http:\/\/nuevacordoba.net\/index.php\/wp-json\/wp\/v2\/comments?post=60915"}],"version-history":[{"count":0,"href":"http:\/\/nuevacordoba.net\/index.php\/wp-json\/wp\/v2\/posts\/60915\/revisions"}],"wp:featuredmedia":[{"embeddable":true,"href":"http:\/\/nuevacordoba.net\/index.php\/wp-json\/wp\/v2\/media\/60916"}],"wp:attachment":[{"href":"http:\/\/nuevacordoba.net\/index.php\/wp-json\/wp\/v2\/media?parent=60915"}],"wp:term":[{"taxonomy":"category","embeddable":true,"href":"http:\/\/nuevacordoba.net\/index.php\/wp-json\/wp\/v2\/categories?post=60915"},{"taxonomy":"post_tag","embeddable":true,"href":"http:\/\/nuevacordoba.net\/index.php\/wp-json\/wp\/v2\/tags?post=60915"}],"curies":[{"name":"wp","href":"https:\/\/api.w.org\/{rel}","templated":true}]}}