{"id":60985,"date":"2025-07-02T14:53:43","date_gmt":"2025-07-02T14:53:43","guid":{"rendered":"https:\/\/cordoba.gob.ar\/?p=79069"},"modified":"2025-07-02T14:53:43","modified_gmt":"2025-07-02T14:53:43","slug":"media-hora-para-aprender-de-ambiente-la-expo-climatica-brinda-charlas-a-los-vistantes","status":"publish","type":"post","link":"http:\/\/nuevacordoba.net\/index.php\/2025\/07\/02\/media-hora-para-aprender-de-ambiente-la-expo-climatica-brinda-charlas-a-los-vistantes\/","title":{"rendered":"Media hora para aprender de ambiente: la Expo Clim\u00e1tica brinda charlas a los vistantes"},"content":{"rendered":"<div><img src=\"http:\/\/nuevacordoba.net\/wp-content\/uploads\/2025\/07\/media-hora-para-aprender-de-ambiente-la-expo-climatica-brinda-charlas-a-los-vistantes.jpg\" class=\"ff-og-image-inserted\"><\/div>\n<ul>\n<li><strong>Ser\u00e1n abiertas para todos los asistentes durante las jornadas.<\/strong><\/li>\n<\/ul>\n<hr>\n<p>La Primera Conferencia Clim\u00e1tica Internacional Quinta Cumbre Mundial de Econom\u00eda Circular presenta una serie de charlas en el marco de la Expo Clim\u00e1tica.<\/p>\n<p>En el escenario, dentro de la carpa, habr\u00e1 exposiciones sobre temas tales como la educaci\u00f3n ambiental, salud, juventudes, manejo del fuego, ODS y cooperaci\u00f3n del sector privado, entre otras.<\/p>\n<p>La Municipalidad de C\u00f3rdoba aportar\u00e1 sus experiencias con la Econom\u00eda Circular con la presencia de la Universidad Libre del Ambiente, el Cl\u00faster de Econom\u00eda Circular, el Desaf\u00edo Innovar por el Clima y la App Ciudadana.<\/p>\n<p>El mi\u00e9rcoles se desarrollar\u00e1n desde la primera hora hasta las 17:30 y el jueves hasta las 12:30. Ambos d\u00edas tendr\u00e1n un cierre con m\u00fasica en vivo.<\/p>\n","protected":false},"excerpt":{"rendered":"<p>Ser\u00e1n abiertas para todos los asistentes durante las jornadas. La Primera Conferencia Clim\u00e1tica Internacional Quinta Cumbre Mundial de Econom\u00eda Circular presenta una serie de charlas en el marco de la Expo Clim\u00e1tica. En el escenario, dentro de la carpa, habr\u00e1 exposiciones sobre temas tales como la educaci\u00f3n ambiental, salud, juventudes, manejo del fuego, ODS y [&hellip;]<\/p>\n","protected":false},"author":1,"featured_media":60986,"comment_status":"closed","ping_status":"closed","sticky":false,"template":"","format":"standard","meta":[],"categories":[14],"tags":[],"_links":{"self":[{"href":"http:\/\/nuevacordoba.net\/index.php\/wp-json\/wp\/v2\/posts\/60985"}],"collection":[{"href":"http:\/\/nuevacordoba.net\/index.php\/wp-json\/wp\/v2\/posts"}],"about":[{"href":"http:\/\/nuevacordoba.net\/index.php\/wp-json\/wp\/v2\/types\/post"}],"author":[{"embeddable":true,"href":"http:\/\/nuevacordoba.net\/index.php\/wp-json\/wp\/v2\/users\/1"}],"replies":[{"embeddable":true,"href":"http:\/\/nuevacordoba.net\/index.php\/wp-json\/wp\/v2\/comments?post=60985"}],"version-history":[{"count":0,"href":"http:\/\/nuevacordoba.net\/index.php\/wp-json\/wp\/v2\/posts\/60985\/revisions"}],"wp:featuredmedia":[{"embeddable":true,"href":"http:\/\/nuevacordoba.net\/index.php\/wp-json\/wp\/v2\/media\/60986"}],"wp:attachment":[{"href":"http:\/\/nuevacordoba.net\/index.php\/wp-json\/wp\/v2\/media?parent=60985"}],"wp:term":[{"taxonomy":"category","embeddable":true,"href":"http:\/\/nuevacordoba.net\/index.php\/wp-json\/wp\/v2\/categories?post=60985"},{"taxonomy":"post_tag","embeddable":true,"href":"http:\/\/nuevacordoba.net\/index.php\/wp-json\/wp\/v2\/tags?post=60985"}],"curies":[{"name":"wp","href":"https:\/\/api.w.org\/{rel}","templated":true}]}}