{"id":60987,"date":"2025-07-02T14:11:52","date_gmt":"2025-07-02T14:11:52","guid":{"rendered":"http:\/\/cordobanewsnet.wordpress.com\/?p=13036"},"modified":"2025-07-02T14:11:52","modified_gmt":"2025-07-02T14:11:52","slug":"la-inflacion-de-junio-fue-del-18-en-cordoba-segun-almaceneros","status":"publish","type":"post","link":"http:\/\/nuevacordoba.net\/index.php\/2025\/07\/02\/la-inflacion-de-junio-fue-del-18-en-cordoba-segun-almaceneros\/","title":{"rendered":"La inflaci\u00f3n de junio fue del 1,8% en C\u00f3rdoba, seg\u00fan Almaceneros"},"content":{"rendered":"<p>El IETSE report\u00f3 una suba del 1,8% en junio y un acumulado del 15,4% en lo que va del a\u00f1o.<\/p>\n<p>La inflaci\u00f3n minorista en la provincia de C\u00f3rdoba<strong>&nbsp;registr\u00f3 un aumento del 1,8% en junio<\/strong>&nbsp;de 2025, seg\u00fan el informe del<strong>&nbsp;Instituto de Estad\u00edsticas y Tendencias Sociales y Econ\u00f3micas<\/strong>&nbsp;(IETSE).<\/p>\n<p>Adem\u00e1s, el organismo que depende del Centro de Almaceneros de C\u00f3rdoba precis\u00f3 que el&nbsp;<strong>rubro de alimentos y bebidas sin alcohol<\/strong>&nbsp;tuvo un incremento del&nbsp;<strong>1,6%<\/strong>, un salto notable frente al 0,9% del mes anterior.<\/p>\n<p>Se trata de un dato preocupante, ya que impacta sobre bienes esenciales de la canasta b\u00e1sica e impacta directamente en el poder adquisitivo de las familias.<\/p>\n<p>Pese a la desaceleraci\u00f3n inflacionaria en comparaci\u00f3n con meses anteriores, desde el sector advierten que la&nbsp;<strong>ca\u00edda del consumo<\/strong>&nbsp;no se revirti\u00f3 y la demanda contin\u00faa en baja.<\/p>\n<p>Con este nuevo registro, la&nbsp;<strong>inflaci\u00f3n acumulada<\/strong>&nbsp;en C\u00f3rdoba durante los primeros seis meses del a\u00f1o alcanza el&nbsp;<strong>15,4%<\/strong>.<\/p>\n<figure class=\"wp-block-image size-large\"><img loading=\"lazy\" data-attachment-id=\"13037\" data-permalink=\"https:\/\/cordobanewsnet.wordpress.com\/2025\/07\/02\/la-inflacion-de-junio-fue-del-18-en-cordoba-segun-almaceneros\/image-724\/\" data-orig-file=\"http:\/\/nuevacordoba.net\/wp-content\/uploads\/2025\/07\/la-inflacion-de-junio-fue-del-18-en-cordoba-segun-almaceneros.png\" data-orig-size=\"929,523\" data-comments-opened=\"1\" data-image-meta=\"{&quot;aperture&quot;:&quot;0&quot;,&quot;credit&quot;:&quot;&quot;,&quot;camera&quot;:&quot;&quot;,&quot;caption&quot;:&quot;&quot;,&quot;created_timestamp&quot;:&quot;0&quot;,&quot;copyright&quot;:&quot;&quot;,&quot;focal_length&quot;:&quot;0&quot;,&quot;iso&quot;:&quot;0&quot;,&quot;shutter_speed&quot;:&quot;0&quot;,&quot;title&quot;:&quot;&quot;,&quot;orientation&quot;:&quot;0&quot;}\" data-image-title=\"image\" data-image-description data-image-caption data-medium-file=\"http:\/\/nuevacordoba.net\/wp-content\/uploads\/2025\/07\/la-inflacion-de-junio-fue-del-18-en-cordoba-segun-almaceneros.png?w=300\" data-large-file=\"http:\/\/nuevacordoba.net\/wp-content\/uploads\/2025\/07\/la-inflacion-de-junio-fue-del-18-en-cordoba-segun-almaceneros.png?w=736\" width=\"929\" height=\"523\" src=\"http:\/\/nuevacordoba.net\/wp-content\/uploads\/2025\/07\/la-inflacion-de-junio-fue-del-18-en-cordoba-segun-almaceneros.png\" alt class=\"wp-image-13037\" srcset=\"http:\/\/nuevacordoba.net\/wp-content\/uploads\/2025\/07\/la-inflacion-de-junio-fue-del-18-en-cordoba-segun-almaceneros.png 929w, http:\/\/nuevacordoba.net\/wp-content\/uploads\/2025\/07\/la-inflacion-de-junio-fue-del-18-en-cordoba-segun-almaceneros.png?w=150 150w, http:\/\/nuevacordoba.net\/wp-content\/uploads\/2025\/07\/la-inflacion-de-junio-fue-del-18-en-cordoba-segun-almaceneros.png?w=300 300w, http:\/\/nuevacordoba.net\/wp-content\/uploads\/2025\/07\/la-inflacion-de-junio-fue-del-18-en-cordoba-segun-almaceneros.png?w=768 768w\" sizes=\"(max-width: 929px) 100vw, 929px\"><\/figure>\n<p>Fuente : Telefe C\u00f3rdoba Argentina<\/p>\n<p><span id=\"wordads-inline-marker\"><\/span><\/p>\n<div id=\"jp-post-flair\" class=\"sharedaddy sd-like-enabled sd-sharing-enabled\">\n<div class=\"sharedaddy sd-sharing-enabled\">\n<div class=\"robots-nocontent sd-block sd-social sd-social-icon-text sd-sharing\">\n<h3 class=\"sd-title\">Comparte esto:<\/h3>\n<\/div>\n<\/div>\n<div class=\"sharedaddy sd-block sd-like jetpack-likes-widget-wrapper jetpack-likes-widget-unloaded\" id=\"like-post-wrapper-143108178-13036-6865a173d6d68\" data-src=\"\/\/widgets.wp.com\/likes\/index.html?ver=20250702#blog_id=143108178&amp;post_id=13036&amp;origin=cordobanewsnet.wordpress.com&amp;obj_id=143108178-13036-6865a173d6d68\" data-name=\"like-post-frame-143108178-13036-6865a173d6d68\" data-title=\"Me gusta o Compartir\">\n<p><span class=\"button\"><span>Me gusta<\/span><\/span> <span class=\"loading\">Cargando&#8230;<\/span><\/p>\n<p><span class=\"sd-text-color\"><\/span><\/div>\n<p><h3 class=\"jp-relatedposts-headline\"><em>Relacionado<\/em><\/h3>\n<\/p>\n<\/div>\n","protected":false},"excerpt":{"rendered":"<p>El IETSE report\u00f3 una suba del 1,8% en junio y un acumulado del 15,4% en lo que va del a\u00f1o. La inflaci\u00f3n minorista en la provincia de C\u00f3rdoba&nbsp;registr\u00f3 un aumento del 1,8% en junio&nbsp;de 2025, seg\u00fan el informe del&nbsp;Instituto de Estad\u00edsticas y Tendencias Sociales y Econ\u00f3micas&nbsp;(IETSE). Adem\u00e1s, el organismo que depende del Centro de Almaceneros [&hellip;]<\/p>\n","protected":false},"author":1,"featured_media":60988,"comment_status":"closed","ping_status":"closed","sticky":false,"template":"","format":"standard","meta":[],"categories":[14],"tags":[],"_links":{"self":[{"href":"http:\/\/nuevacordoba.net\/index.php\/wp-json\/wp\/v2\/posts\/60987"}],"collection":[{"href":"http:\/\/nuevacordoba.net\/index.php\/wp-json\/wp\/v2\/posts"}],"about":[{"href":"http:\/\/nuevacordoba.net\/index.php\/wp-json\/wp\/v2\/types\/post"}],"author":[{"embeddable":true,"href":"http:\/\/nuevacordoba.net\/index.php\/wp-json\/wp\/v2\/users\/1"}],"replies":[{"embeddable":true,"href":"http:\/\/nuevacordoba.net\/index.php\/wp-json\/wp\/v2\/comments?post=60987"}],"version-history":[{"count":0,"href":"http:\/\/nuevacordoba.net\/index.php\/wp-json\/wp\/v2\/posts\/60987\/revisions"}],"wp:featuredmedia":[{"embeddable":true,"href":"http:\/\/nuevacordoba.net\/index.php\/wp-json\/wp\/v2\/media\/60988"}],"wp:attachment":[{"href":"http:\/\/nuevacordoba.net\/index.php\/wp-json\/wp\/v2\/media?parent=60987"}],"wp:term":[{"taxonomy":"category","embeddable":true,"href":"http:\/\/nuevacordoba.net\/index.php\/wp-json\/wp\/v2\/categories?post=60987"},{"taxonomy":"post_tag","embeddable":true,"href":"http:\/\/nuevacordoba.net\/index.php\/wp-json\/wp\/v2\/tags?post=60987"}],"curies":[{"name":"wp","href":"https:\/\/api.w.org\/{rel}","templated":true}]}}