{"id":60989,"date":"2025-07-02T19:58:59","date_gmt":"2025-07-02T19:58:59","guid":{"rendered":"https:\/\/puntoapunto.com.ar\/?p=374630"},"modified":"2025-07-02T19:58:59","modified_gmt":"2025-07-02T19:58:59","slug":"uber-sale-con-los-tapones-de-punta-alerta-que-se-perderan-11-mil-empleos","status":"publish","type":"post","link":"http:\/\/nuevacordoba.net\/index.php\/2025\/07\/02\/uber-sale-con-los-tapones-de-punta-alerta-que-se-perderan-11-mil-empleos\/","title":{"rendered":"Uber sale con los tapones de punta: alerta que \u201cse perder\u00e1n 11 mil\u00a0empleos\u201d"},"content":{"rendered":"<p data-start=\"201\" data-end=\"584\">La pol\u00e9mica por la regulaci\u00f3n de las aplicaciones de movilidad en C\u00f3rdoba sum\u00f3 un nuevo cap\u00edtulo esta semana. <strong>Uber<\/strong> emiti\u00f3 un comunicado en el que cuestiona duramente el proyecto de ordenanza aprobado por la Comisi\u00f3n de Servicios P\u00fablicos del Concejo Deliberante el martes 1 de julio, que <strong>limita a 4.000 la cantidad de veh\u00edculos habilitados para operar mediante plataformas digitales.<\/strong><!-- \u00a1O bien no hay banners, estan desactivados o no estan programados para esta ubicaci\u00f3n! -->\n<\/p>\n<p data-start=\"586\" data-end=\"940\">Seg\u00fan la compa\u00f1\u00eda, esta medida<strong> dejar\u00eda fuera de circulaci\u00f3n a m\u00e1s de 11.000 conductores,<\/strong> restringiendo as\u00ed las oportunidades de generar ingresos para miles de personas que encontraron en la app una alternativa laboral. Uber asegura que en el \u00faltimo trimestre de 2024, m\u00e1s de<strong> 15.000 personas al mes generaron ingresos a trav\u00e9s de la aplicaci\u00f3n en C\u00f3rdoba.<\/strong>\n<\/p>\n<p data-start=\"942\" data-end=\"1413\">\u00ab<strong>Esto afectar\u00e1 directamente a m\u00e1s de 350.000 usuarios registrados en la ciudad, quienes deber\u00e1n enfrentar mayores tiempos de espera y un incremento en el costo de sus viajes<\/strong>\u00ab, se\u00f1alaron desde la empresa. Uber opera en C\u00f3rdoba desde 2019 y destaca que, adem\u00e1s de pagar el impuesto a los Ingresos Brutos por servicios digitales, todos los viajes cuentan con seguro de accidentes personales y responsabilidad civil, tal como exige la normativa vigente (Resoluci\u00f3n 615\/2019).\n<\/p>\n<p data-start=\"1415\" data-end=\"1627\">La plataforma tambi\u00e9n remarc\u00f3 que exige a todos sus socios conductores el certificado de antecedentes penales actualizado y que actualmente m\u00e1s de 1.200 taxistas utilizan la app en C\u00f3rdoba para completar viajes.\n<\/p>\n<p data-start=\"1629\" data-end=\"1941\">Desde Uber sostienen que participaron en todas las instancias de di\u00e1logo impulsadas por la justicia y recordaron que cuentan con un fallo favorable del Tribunal Supremo de Justicia de C\u00f3rdoba. En dicho fallo se insta a las autoridades a regular las aplicaciones de movilidad en lugar de prohibirlas o limitarlas.<!-- \u00a1O bien no hay banners, estan desactivados o no estan programados para esta ubicaci\u00f3n! -->\n<\/p>\n<p data-start=\"1943\" data-end=\"2210\">\u201c<strong>La Municipalidad busca volver atr\u00e1s y que miles de cordobeses no puedan elegir c\u00f3mo moverse o generar ingresos\u201d<\/strong>, critic\u00f3 la compa\u00f1\u00eda en el comunicado, donde tambi\u00e9n reafirma su visi\u00f3n: \u00abEn Uber estamos convencidos de que el futuro de la movilidad es hacia adelante\u00bb.<\/p>\n<p data-start=\"2212\" data-end=\"2526\">Con la nueva ordenanza avanzando en el Concejo Deliberante, el debate sobre el modelo de movilidad que C\u00f3rdoba quiere para el futuro se vuelve cada vez m\u00e1s intenso y plantea un escenario de tensi\u00f3n entre la regulaci\u00f3n estatal y la demanda creciente de servicios flexibles y digitales por parte de los ciudadanos.\n<\/p>\n<div class=\"g g-38\">\n<div class=\"g-dyn a-12 c-1\"><a class=\"gofollow\" data-track=\"MTIsMzgsMSw2MA==\" href=\"https:\/\/www.farmaciashpfarma.com.ar\/blog\/institucional\/beneficios-corporativos-en-campana-antigripal.html\" target=\"_blank\" rel=\"noopener\"><img src=\"http:\/\/nuevacordoba.net\/wp-content\/uploads\/2025\/07\/uber-sale-con-los-tapones-de-punta-alerta-que-se-perderan-11-mil-empleos.gif\" loading=\"lazy\"><\/a><\/div>\n<\/div>\n","protected":false},"excerpt":{"rendered":"<p>La pol\u00e9mica por la regulaci\u00f3n de las aplicaciones de movilidad en C\u00f3rdoba sum\u00f3 un nuevo cap\u00edtulo esta semana. Uber emiti\u00f3 un comunicado en el que cuestiona duramente el proyecto de ordenanza aprobado por la Comisi\u00f3n de Servicios P\u00fablicos del Concejo Deliberante el martes 1 de julio, que limita a 4.000 la cantidad de veh\u00edculos habilitados [&hellip;]<\/p>\n","protected":false},"author":1,"featured_media":60990,"comment_status":"open","ping_status":"closed","sticky":false,"template":"","format":"standard","meta":[],"categories":[14],"tags":[],"_links":{"self":[{"href":"http:\/\/nuevacordoba.net\/index.php\/wp-json\/wp\/v2\/posts\/60989"}],"collection":[{"href":"http:\/\/nuevacordoba.net\/index.php\/wp-json\/wp\/v2\/posts"}],"about":[{"href":"http:\/\/nuevacordoba.net\/index.php\/wp-json\/wp\/v2\/types\/post"}],"author":[{"embeddable":true,"href":"http:\/\/nuevacordoba.net\/index.php\/wp-json\/wp\/v2\/users\/1"}],"replies":[{"embeddable":true,"href":"http:\/\/nuevacordoba.net\/index.php\/wp-json\/wp\/v2\/comments?post=60989"}],"version-history":[{"count":0,"href":"http:\/\/nuevacordoba.net\/index.php\/wp-json\/wp\/v2\/posts\/60989\/revisions"}],"wp:featuredmedia":[{"embeddable":true,"href":"http:\/\/nuevacordoba.net\/index.php\/wp-json\/wp\/v2\/media\/60990"}],"wp:attachment":[{"href":"http:\/\/nuevacordoba.net\/index.php\/wp-json\/wp\/v2\/media?parent=60989"}],"wp:term":[{"taxonomy":"category","embeddable":true,"href":"http:\/\/nuevacordoba.net\/index.php\/wp-json\/wp\/v2\/categories?post=60989"},{"taxonomy":"post_tag","embeddable":true,"href":"http:\/\/nuevacordoba.net\/index.php\/wp-json\/wp\/v2\/tags?post=60989"}],"curies":[{"name":"wp","href":"https:\/\/api.w.org\/{rel}","templated":true}]}}