{"id":60991,"date":"2025-07-02T21:09:46","date_gmt":"2025-07-02T21:09:46","guid":{"rendered":"https:\/\/www.ole.com.ar\/autos\/valentin-perrone-ole-moto3-podio-assen-champagne-ganar-carrera_0_PkLHYPIslK.html"},"modified":"2025-07-02T21:09:46","modified_gmt":"2025-07-02T21:09:46","slug":"valentin-perrone-con-ole-el-podio-el-champagne-que-no-pudo-tomar-y-el-sueno-de-ganar-una-carrera","status":"publish","type":"post","link":"http:\/\/nuevacordoba.net\/index.php\/2025\/07\/02\/valentin-perrone-con-ole-el-podio-el-champagne-que-no-pudo-tomar-y-el-sueno-de-ganar-una-carrera\/","title":{"rendered":"Valent\u00edn Perrone con Ol\u00e9: el podio, el champagne que no pudo tomar y el sue\u00f1o de ganar una carrera"},"content":{"rendered":"<p><time class=\"createDate\" datetime=\"2025-07-02T18:09:46-03:00\">02\/07\/2025 18:09hs.<\/time><\/p>\n<div id=\"storyBody\">\n<div class=\"custom-text \" readability=\"40.342710997442\">\n<p>El domingo pasado, antes de que corriera Franco Colapinto, los argentinos dejaron de pensar en los autos -al menos por un ratito- y voltearon a ver las motos. Se dieron cuenta de que hab\u00eda un pibito de 17 a\u00f1os que lleva la bandera en el coraz\u00f3n y que la hizo subir al podio de <a href=\"https:\/\/www.ole.com.ar\/tema\/moto3.html\" title=\"Moto3\" alt=\"Moto3\" class=\"slug\">Moto3<\/a>.<strong> <a href=\"https:\/\/www.ole.com.ar\/tema\/valentin-perrone.html\" title=\"valentin perrone\" alt=\"valentin perrone\" class=\"slug\">Ese es Valent\u00edn Perrone<\/a><\/strong>, a quien no le pes\u00f3 la inexperiencia ni la ventaja que le llevaban sus competidores, casi todos mayores que \u00e9l, y en su d\u00e9cima carrera en el Campeonato Mundial de Motociclismo <strong><a href=\"https:\/\/www.ole.com.ar\/autos\/valentin-perrone-podio-assen-gp-paises-bajos-moto3_0_lTXNazJYdb.html\" target=\"_self\" title=\"consigui\u00f3 un tercer puesto en Assen\" alt=\"consigui\u00f3 un tercer puesto en Assen\" rel=\"noopener\">consigui\u00f3 un tercer puesto en Assen<\/a><\/strong>. Confiado, ahora que sabe que puede pelearles de igual a igual a sus rivales, le asegur\u00f3 a <strong>Ol\u00e9 <\/strong>que ir\u00e1 por m\u00e1s. Eso s\u00ed, como en Pa\u00edses Bajos, tiene que saber que si sigue subiendo al podio <strong>no le dejar\u00e1n tomar champagne hasta que llegue a los 18\u2026<\/strong><\/p>\n<\/div>\n<div class=\"sc-e7b891c4-0 ifHnQL image-embed\"><img alt=\"El festejo de Valent\u00edn Perrone en el podio de Assen. (Prensa Tech3)\" loading=\"lazy\" width=\"720\" height=\"100\" decoding=\"async\" data-nimg=\"1\" src=\"http:\/\/nuevacordoba.net\/wp-content\/uploads\/2025\/07\/valentin-perrone-con-ole-el-podio-el-champagne-que-no-pudo-tomar-y-el-sueno-de-ganar-una-carrera.jpg\"><span class=\"epigraphe\">El festejo de Valent\u00edn Perrone en el podio de Assen. (Prensa Tech3)<\/span><\/div>\n<p><h3>-\u00bfCu\u00e1nto cambi\u00f3 entre el Perrone que debut\u00f3 en Moto3 y el actual, que ya sabe lo que es estar arriba?<\/h3>\n<\/p>\n<div class=\"custom-text \" readability=\"39\">\n<p>-Much\u00edsimo. <strong>Nada que ver uno del otro. <\/strong>Ah\u00ed reci\u00e9n estaba empezando la temporada, todav\u00eda no me sent\u00eda del todo c\u00f3modo, no confiaba mucho en la moto ni en m\u00ed tampoco&#8230; Todo va mejor. Tengo confianza, voy r\u00e1pido, s\u00e9 que puedo pelear y conf\u00edo en m\u00ed. <strong>Despu\u00e9s de este podio mi confianza aument\u00f3 por tres.<\/strong><\/p>\n<\/div>\n<p><h3>-Se te ve s\u00f3lido en las clasificaciones. Ya casi no ten\u00e9s que remontar.<\/h3>\n<\/p>\n<div class=\"custom-text \" readability=\"38\">\n<p>-S\u00ed, lo he mejorado, pero eso viene de salir mentalizado el viernes para ir a Q2 directo. Aun as\u00ed, <strong>en la Q2 hago un poco el pelotudo, la cago<\/strong>. Tengo velocidad para estar entre los tres primeros y la cago mucho.<\/p>\n<\/div>\n<div class=\"sc-e7b891c4-0 ifHnQL image-embed\"><img alt=\"Valent\u00edn Perrone est\u00e1 volando en su KTM. Cada vez mejor. (@Tech3Racing)\" loading=\"lazy\" width=\"720\" height=\"100\" decoding=\"async\" data-nimg=\"1\" src=\"http:\/\/nuevacordoba.net\/wp-content\/uploads\/2025\/07\/valentin-perrone-con-ole-el-podio-el-champagne-que-no-pudo-tomar-y-el-sueno-de-ganar-una-carrera-1.jpg\"><span class=\"epigraphe\">Valent\u00edn Perrone est\u00e1 volando en su KTM. Cada vez mejor. (@Tech3Racing)<\/span><\/div>\n<p><h3>-\u00bfY por qu\u00e9? \u00bfQu\u00e9 es lo que pasa?<\/h3>\n<\/p>\n<div class=\"custom-text \" readability=\"38\">\n<p>-En la qualy nadie quiere ir adelante, siempre es en grupo. Tenemos dos vueltas para tirar, y si no las cuadras, ya la cagaste. <strong>Todav\u00eda me falta mejorar esa parte para poder estar siempre en el Top 5<\/strong>. En Assen, mi objetivo era hacer la pole y sal\u00ed d\u00e9cimo.<\/p>\n<\/div>\n<p><h3>-Llegaste al podio, as\u00ed que no estuvo tan mal. \u00bfQu\u00e9 pas\u00f3 para que rompieras en llanto como lo hiciste? \u00bfTe cay\u00f3 la ficha de algo?<\/h3>\n<\/p>\n<div class=\"custom-text \" readability=\"42\">\n<p>-El a\u00f1o pasado gan\u00e9 la primera carrera de la Red Bull Rookies Cup y no sent\u00ed mucho, porque sab\u00eda que pod\u00eda y todo lo que no era ganar o estar ah\u00ed me parec\u00eda un mal resultado. En cambio, despu\u00e9s de este inicio de a\u00f1o, con los test en los que no pod\u00eda seguir ni al m\u00e1s lento de la parrilla y con tres ca\u00eddas seguidas, <strong>haber logrado un podio fue s\u00faper especial.<\/strong> Por el inicio de temporada tan duro, por todos los que no confiaban y me dec\u00edan que era un salto muy grande, que s\u00ed lo es, fue que sent\u00ed tanta emoci\u00f3n. <strong>Es algo por lo que luch\u00e9 mucho tiempo.<\/strong><\/p>\n<\/div>\n<div class=\"sc-e7b891c4-0 ifHnQL image-embed\"><img alt=\"La felicidad de Perrone encima de su KTM. (Prensa Tech3)\" loading=\"lazy\" width=\"720\" height=\"100\" decoding=\"async\" data-nimg=\"1\" src=\"http:\/\/nuevacordoba.net\/wp-content\/uploads\/2025\/07\/valentin-perrone-con-ole-el-podio-el-champagne-que-no-pudo-tomar-y-el-sueno-de-ganar-una-carrera-2.jpg\"><span class=\"epigraphe\">La felicidad de Perrone encima de su KTM. (Prensa Tech3)<\/span><\/div>\n<p><h3>-\u00bfQui\u00e9nes te lo dec\u00edan? \u00bfTus allegados o lo le\u00edas en las redes?<\/h3>\n<\/p>\n<div class=\"custom-text \" readability=\"40\">\n<p>-Todo el mundo. Incluso los de mi alrededor, <strong>no ten\u00edamos en claro si iba a tener la velocidad suficiente como para llegar al podio este a\u00f1o<\/strong>. Por mi lado, aunque me cost\u00f3 mucho, ten\u00eda claro que tarde o temprano iba a estar a la par del grupo. Al hacer el podio, pens\u00e9 \u201cuff, pues quiz\u00e1s s\u00ed que tengo velocidad de sobra para estar con ellos\u201d.<\/p>\n<\/div>\n<p><h3>-Con el podio vino el champagne, pero vos no lo tocaste. \u00bfNo supiste qu\u00e9 hacer o te bajaron l\u00ednea por tu edad?<\/h3>\n<\/p>\n<div class=\"custom-text \" readability=\"37\">\n<p>-Fue as\u00ed. Los de la organizaci\u00f3n dijeron \u201cabran el champagne\u201d, yo mir\u00e9 para el lado y me dijeron <strong>\u201cno, vos no que ten\u00e9s 17, dejalo ah\u00ed\u201d<\/strong>. Qu\u00e9 le voy a hacer\u2026 Pero s\u00ed que despu\u00e9s lo llev\u00e9 para el equipo y lo abrimos luego.<\/p>\n<\/div>\n<p><h3>-Te hubieran dado un jugo de naranja o algo&#8230;<\/h3>\n<\/p>\n<div class=\"custom-text \" readability=\"34\">\n<p>S\u00ed, hasta una gaseosa o algo para tirar por lo menos, ja.<\/p>\n<\/div>\n<div class=\"sc-734b4696-1 kFfZtB\">\n<div class=\"sc-d00d9e74-0 hnHYbk\" type=\"embed\">\n<div class=\"sc-d00d9e74-1 iKVbz videoText\" id=\"contentTitleembed0gK0QUBm\" type=\"embed\"><svg fill=\"#ffffff\"><symbol id=\"play\" viewBox=\"0 0 512 512\"><path d=\"M512 256C512 397.4 397.4 512 256 512C114.6 512 0 397.4 0 256C0 114.6 114.6 0 256 0C397.4 0 512 114.6 512 256zM176 168V344C176 352.7 180.7 360.7 188.3 364.9C195.8 369.2 205.1 369 212.5 364.5L356.5 276.5C363.6 272.1 368 264.4 368 256C368 247.6 363.6 239.9 356.5 235.5L212.5 147.5C205.1 142.1 195.8 142.8 188.3 147.1C180.7 151.3 176 159.3 176 168V168z\" \/><\/symbol><use xlink:href=\"#play\" \/><\/svg><\/p>\n<div class=\"right\">\n<p>valentin perrone<!-- --> &#8211; <span>&nbsp;<\/span><\/p>\n<h2 class=\"title-vid\">Por ser menor de edad, Valent\u00edn Perrone no pudo agarrar el champagne<\/h2>\n<\/div>\n<\/div>\n<p><span class=\"back\" id=\"spanBackembed0gK0QUBm\"><\/span><\/div>\n<div class=\"JWvideoNota_title\">\n<p>Cr\u00e9dito: ESPN.<\/p>\n<\/div>\n<\/div>\n<div class=\"sc-734b4696-1 kFfZtB\">\n<div class=\"sc-d00d9e74-0 hnHYbk\" type=\"embed\">\n<div class=\"sc-d00d9e74-1 iKVbz videoText\" id=\"contentTitleembed4FCqJbZ6\" type=\"embed\"><svg fill=\"#ffffff\"><symbol id=\"play\" viewBox=\"0 0 512 512\"><path d=\"M512 256C512 397.4 397.4 512 256 512C114.6 512 0 397.4 0 256C0 114.6 114.6 0 256 0C397.4 0 512 114.6 512 256zM176 168V344C176 352.7 180.7 360.7 188.3 364.9C195.8 369.2 205.1 369 212.5 364.5L356.5 276.5C363.6 272.1 368 264.4 368 256C368 247.6 363.6 239.9 356.5 235.5L212.5 147.5C205.1 142.1 195.8 142.8 188.3 147.1C180.7 151.3 176 159.3 176 168V168z\" \/><\/symbol><use xlink:href=\"#play\" \/><\/svg><\/p>\n<div class=\"right\">\n<p>Moto3<!-- --> &#8211; <span>&nbsp;<\/span><\/p>\n<h2 class=\"title-vid\">La historia detr\u00e1s de Valent\u00edn Perrone no pudiendo tomar champagne en el podio<\/h2>\n<\/div>\n<\/div>\n<p><span class=\"back\" id=\"spanBackembed4FCqJbZ6\"><\/span><\/div>\n<\/div>\n<p><h3>-Si hubo festejos con el equipo, imagino que ah\u00ed s\u00ed agarraste una copa.<\/h3>\n<\/p>\n<div class=\"custom-text \" readability=\"37\">\n<p>&#8211;<strong>No hubo nada de nada. <\/strong>Tuvimos que volar ese mismo domingo y llegamos tarde, a las 2 de la ma\u00f1ana, por lo que no \u00edbamos a ir a ning\u00fan lugar. Luego, el lunes pas\u00f3 y ya tuve que seguir trabajando. No te puedes quedar ah\u00ed.<\/p>\n<\/div>\n<p><h3>-Ese domingo te quedaste con el Premio Maradona de Ol\u00e9. \u00bfSos consciente del impacto que tuvo tu carrera?<\/h3>\n<\/p>\n<div class=\"custom-text \" readability=\"40\">\n<p>-\u00a1Me lleg\u00f3! Pero no lo entend\u00eda porque no conoc\u00eda el medallero. En mis posts suelo tener 40.000 visitas, no m\u00e1s de 4.000 likes, <strong>y este tuvo 300.000 visitas, como 20.000 likes y no s\u00e9 si 1.000 comentarios. <\/strong>Se not\u00f3 bastante el cambio. A los argentinos les digo que vean las carreras, que apoyen a la Argentina. Damos espect\u00e1culo, hay tensi\u00f3n y nervios. Todav\u00eda quedan 12 carreras y seguiremos dando guerra.<\/p>\n<\/div>\n<div class=\"sc-e7b891c4-0 ifHnQL image-embed\"><img alt=\"Valent\u00edn Perrone se qued\u00f3 con el Premio Maradona por su podio en Moto3.\" loading=\"lazy\" width=\"720\" height=\"100\" decoding=\"async\" data-nimg=\"1\" src=\"http:\/\/nuevacordoba.net\/wp-content\/uploads\/2025\/07\/valentin-perrone-con-ole-el-podio-el-champagne-que-no-pudo-tomar-y-el-sueno-de-ganar-una-carrera-3.jpg\"><span class=\"epigraphe\">Valent\u00edn Perrone se qued\u00f3 con el Premio Maradona por su podio en Moto3.<\/span><\/div>\n<p><h3>-Antes del GP de Argentina, hablando con Ol\u00e9, invitaste a Bizarrap y Duki a pasarse por el circuito. \u00bfVolvi\u00f3 a haber alguna interacci\u00f3n?<\/h3>\n<\/p>\n<div class=\"custom-text \" readability=\"43\">\n<p>-\u00a1S\u00ed, s\u00ed, s\u00ed! El viernes fui el quinto m\u00e1s r\u00e1pido y lo iba a postear como cada d\u00eda. Entonces me sali\u00f3 un tema nuevo suyo (de Duki), que es \u201cNo me alcanza\u201d, y lo puse como referencia, como que el P5 no me alcanza y quiero algo m\u00e1s. <strong>Lo mencion\u00e9, me fui a dormir y al despertar le\u00ed \u201cDuki te ha mencionado y ha comentado tu post\u201d<\/strong>. Fue incre\u00edble. Todav\u00eda no dej\u00f3 el follow. Coment\u00f3, me etiquet\u00f3, pero el follow no&#8230;<\/p>\n<\/div>\n<div class=\"sc-734b4696-1 kFfZtB\">\n<div class=\"sc-d00d9e74-0 hnHYbk\" type=\"embed\">\n<div class=\"sc-d00d9e74-1 iKVbz videoText\" id=\"contentTitleembedjAvYWnjc\" type=\"embed\"><svg fill=\"#ffffff\"><symbol id=\"play\" viewBox=\"0 0 512 512\"><path d=\"M512 256C512 397.4 397.4 512 256 512C114.6 512 0 397.4 0 256C0 114.6 114.6 0 256 0C397.4 0 512 114.6 512 256zM176 168V344C176 352.7 180.7 360.7 188.3 364.9C195.8 369.2 205.1 369 212.5 364.5L356.5 276.5C363.6 272.1 368 264.4 368 256C368 247.6 363.6 239.9 356.5 235.5L212.5 147.5C205.1 142.1 195.8 142.8 188.3 147.1C180.7 151.3 176 159.3 176 168V168z\" \/><\/symbol><use xlink:href=\"#play\" \/><\/svg><\/p>\n<div class=\"right\">\n<p>valentin perrone<!-- --> &#8211; <span>&nbsp;<\/span><\/p>\n<h2 class=\"title-vid\">El gesto de Duki con Valent\u00edn Perrone, piloto argentino de Moto3<\/h2>\n<\/div>\n<\/div>\n<p><span class=\"back\" id=\"spanBackembedjAvYWnjc\"><\/span><\/div>\n<\/div>\n<p><h3>-Colapinto tuvo dos jefes de equipo muy queridos por los hinchas: el T\u00edo James y Briatore. Vos lo ten\u00e9s a Herv\u00e9 Poncheral, de Tech3, que no para de tirarte buena onda. \u00bfC\u00f3mo es su relaci\u00f3n?<\/h3>\n<\/p>\n<div class=\"custom-text \" readability=\"38\">\n<p>-S\u00faper buena. Es una persona incre\u00edble y estoy s\u00faper agradecido con \u00e9l porque, <strong>no s\u00e9 si se puede decir o no, pero tuvo los huevos para decir \u201cvamos con este piloto\u201d<\/strong>. Confi\u00f3 en m\u00ed desde el principio, por lo que en todas las entrevistas dije que el podio iba dedicado a \u00e9l por haber confiado en m\u00ed. Estoy muy contento de poder formar parte de su familia.<\/p>\n<\/div>\n<p><h3>-\u00bfY ahora qu\u00e9? \u00bfSegu\u00eds viendo complicado darles pelea a los de arriba o est\u00e1s listo para hacerles frente?<\/h3>\n<\/p>\n<div class=\"custom-text \" readability=\"43\">\n<p>-No, ya no es complicado. <strong>Mi objetivo es conseguir una victoria, hacer m\u00e1s podios y estar siempre ah\u00ed.<\/strong> Este a\u00f1o es complicado pensar en el campeonato, porque Rueda est\u00e1 s\u00faper fuerte y estoy bastante lejos en puntos (NdeR: marcha 13\u00b0 y est\u00e1 136 unidades por debajo), pero un objetivo realista es entrar al Top 10 y luego, como un s\u00faper objetivo, <strong>ser Top 5, que tampoco est\u00e1 lejos<\/strong>. Si consigo consolidar estos resultados hasta el final de temporada, por qu\u00e9 no.<\/p>\n<\/div>\n<div class=\"sc-e7b891c4-0 ifHnQL image-embed\"><img alt=\"Valent\u00edn Perrone junto a Herv\u00e9 Poncheral, director de Tech3, y el resto del equipo. (@Tech3Racing)\" loading=\"lazy\" width=\"720\" height=\"100\" decoding=\"async\" data-nimg=\"1\" src=\"http:\/\/nuevacordoba.net\/wp-content\/uploads\/2025\/07\/valentin-perrone-con-ole-el-podio-el-champagne-que-no-pudo-tomar-y-el-sueno-de-ganar-una-carrera-4.jpg\"><span class=\"epigraphe\">Valent\u00edn Perrone junto a Herv\u00e9 Poncheral, director de Tech3, y el resto del equipo. (@Tech3Racing)<\/span><\/div>\n<div class=\"sc-a7166897-0 eoLsBE\" readability=\"6\">\n<section readability=\"2\"><picture><img alt=\"Valent\u00edn Perrone se subi\u00f3 al podio en Assen y tuvo su d\u00eda m\u00e1s feliz en Moto3\" loading=\"lazy\" width=\"290\" height=\"290\" decoding=\"async\" data-nimg=\"1\" src=\"http:\/\/nuevacordoba.net\/wp-content\/uploads\/2025\/07\/valentin-perrone-con-ole-el-podio-el-champagne-que-no-pudo-tomar-y-el-sueno-de-ganar-una-carrera-5.jpg\"><\/picture>\n<p><span>Mir\u00e1 tambi\u00e9n<\/span><\/p>\n<hr>\n<h3>Valent\u00edn Perrone se subi\u00f3 al podio en Assen y tuvo su d\u00eda m\u00e1s feliz en Moto3<\/h3>\n<\/p>\n<\/section>\n<\/div>\n<div class=\"sc-a7166897-0 eoLsBE\" readability=\"6.5\">\n<section readability=\"3\"><picture><img alt=\"Franco Colapinto en el GP de Gran Breta\u00f1a: d\u00edas, horarios y d\u00f3nde ver\" loading=\"lazy\" width=\"290\" height=\"290\" decoding=\"async\" data-nimg=\"1\" src=\"http:\/\/nuevacordoba.net\/wp-content\/uploads\/2025\/07\/valentin-perrone-con-ole-el-podio-el-champagne-que-no-pudo-tomar-y-el-sueno-de-ganar-una-carrera-6.jpg\"><\/picture>\n<p><span>Mir\u00e1 tambi\u00e9n<\/span><\/p>\n<hr>\n<h3>Franco Colapinto en el GP de Gran Breta\u00f1a: d\u00edas, horarios y d\u00f3nde ver<\/h3>\n<\/p>\n<\/section>\n<\/div>\n<div class=\"sc-a7166897-0 eoLsBE\" readability=\"6.5\">\n<section readability=\"3\"><picture><img alt=\"Colapinto en Silverstone: el recuerdo de cuando son\u00f3 el himno argentino y su primera vez en la F\u00f3rmula 1\" loading=\"lazy\" width=\"290\" height=\"290\" decoding=\"async\" data-nimg=\"1\" src=\"http:\/\/nuevacordoba.net\/wp-content\/uploads\/2025\/07\/valentin-perrone-con-ole-el-podio-el-champagne-que-no-pudo-tomar-y-el-sueno-de-ganar-una-carrera-7.jpg\"><\/picture>\n<p><span>Mir\u00e1 tambi\u00e9n<\/span><\/p>\n<hr>\n<h3>Colapinto en Silverstone: el recuerdo de cuando son\u00f3 el himno argentino y su primera vez en la F\u00f3rmula 1<\/h3>\n<\/p>\n<\/section>\n<\/div>\n<div class=\"sc-a7166897-0 eoLsBE\" readability=\"7\">\n<section readability=\"4\"><picture><img alt=\"En medio de los rumores, Colapinto recibi\u00f3 la banca de los argentinos: #SiempreConEl43 es tendencia nacional\" loading=\"lazy\" width=\"290\" height=\"290\" decoding=\"async\" data-nimg=\"1\" src=\"http:\/\/nuevacordoba.net\/wp-content\/uploads\/2025\/07\/valentin-perrone-con-ole-el-podio-el-champagne-que-no-pudo-tomar-y-el-sueno-de-ganar-una-carrera-8.jpg\"><\/picture>\n<p><span>Mir\u00e1 tambi\u00e9n<\/span><\/p>\n<hr>\n<h3>En medio de los rumores, Colapinto recibi\u00f3 la banca de los argentinos: #SiempreConEl43 es tendencia nacional<\/h3>\n<\/p>\n<\/section>\n<\/div>\n<div class=\"sc-a7166897-0 eoLsBE\" readability=\"6\">\n<section readability=\"2\"><picture><img alt=\"Cambios en Alpine: uno de sus pilotos se mudar\u00e1 a pr\u00e9stamo a Sauber\" loading=\"lazy\" width=\"290\" height=\"290\" decoding=\"async\" data-nimg=\"1\" src=\"http:\/\/nuevacordoba.net\/wp-content\/uploads\/2025\/07\/valentin-perrone-con-ole-el-podio-el-champagne-que-no-pudo-tomar-y-el-sueno-de-ganar-una-carrera-9.jpg\"><\/picture>\n<p><span>Mir\u00e1 tambi\u00e9n<\/span><\/p>\n<hr>\n<h3>Cambios en Alpine: uno de sus pilotos se mudar\u00e1 a pr\u00e9stamo a Sauber<\/h3>\n<\/p>\n<\/section>\n<\/div>\n<\/div>\n","protected":false},"excerpt":{"rendered":"<p>02\/07\/2025 18:09hs. El domingo pasado, antes de que corriera Franco Colapinto, los argentinos dejaron de pensar en los autos -al menos por un ratito- y voltearon a ver las motos. Se dieron cuenta de que hab\u00eda un pibito de 17 a\u00f1os que lleva la bandera en el coraz\u00f3n y que la hizo subir al podio [&hellip;]<\/p>\n","protected":false},"author":1,"featured_media":60992,"comment_status":"closed","ping_status":"closed","sticky":false,"template":"","format":"standard","meta":[],"categories":[10],"tags":[],"_links":{"self":[{"href":"http:\/\/nuevacordoba.net\/index.php\/wp-json\/wp\/v2\/posts\/60991"}],"collection":[{"href":"http:\/\/nuevacordoba.net\/index.php\/wp-json\/wp\/v2\/posts"}],"about":[{"href":"http:\/\/nuevacordoba.net\/index.php\/wp-json\/wp\/v2\/types\/post"}],"author":[{"embeddable":true,"href":"http:\/\/nuevacordoba.net\/index.php\/wp-json\/wp\/v2\/users\/1"}],"replies":[{"embeddable":true,"href":"http:\/\/nuevacordoba.net\/index.php\/wp-json\/wp\/v2\/comments?post=60991"}],"version-history":[{"count":0,"href":"http:\/\/nuevacordoba.net\/index.php\/wp-json\/wp\/v2\/posts\/60991\/revisions"}],"wp:featuredmedia":[{"embeddable":true,"href":"http:\/\/nuevacordoba.net\/index.php\/wp-json\/wp\/v2\/media\/60992"}],"wp:attachment":[{"href":"http:\/\/nuevacordoba.net\/index.php\/wp-json\/wp\/v2\/media?parent=60991"}],"wp:term":[{"taxonomy":"category","embeddable":true,"href":"http:\/\/nuevacordoba.net\/index.php\/wp-json\/wp\/v2\/categories?post=60991"},{"taxonomy":"post_tag","embeddable":true,"href":"http:\/\/nuevacordoba.net\/index.php\/wp-json\/wp\/v2\/tags?post=60991"}],"curies":[{"name":"wp","href":"https:\/\/api.w.org\/{rel}","templated":true}]}}