{"id":61076,"date":"2025-07-03T19:33:20","date_gmt":"2025-07-03T19:33:20","guid":{"rendered":"https:\/\/puntoapunto.com.ar\/?p=374672"},"modified":"2025-07-03T19:33:20","modified_gmt":"2025-07-03T19:33:20","slug":"cordoba-lanza-un-fondo-emprendedor-de-10-000-millones-y-busca-liderar-en-latam","status":"publish","type":"post","link":"http:\/\/nuevacordoba.net\/index.php\/2025\/07\/03\/cordoba-lanza-un-fondo-emprendedor-de-10-000-millones-y-busca-liderar-en-latam\/","title":{"rendered":"C\u00f3rdoba lanza un fondo emprendedor de $10.000 millones y busca liderar en Latam"},"content":{"rendered":"<p data-start=\"237\" data-end=\"588\">Durante su disertaci\u00f3n en el C\u00f3rdoba VC Summit, el gobernador <strong>Mart\u00edn Llaryora<\/strong> present\u00f3 un plan para fortalecer el ecosistema emprendedor de la provincia<strong>: la creaci\u00f3n de un Fondo Emprendedor Provincial con una inversi\u00f3n inicial de 10.000 millones de pesos,<\/strong> que buscar\u00e1 transformarse en uno de los fondos p\u00fablicos m\u00e1s grandes de Latinoam\u00e9rica.<!-- \u00a1O bien no hay banners, estan desactivados o no estan programados para esta ubicaci\u00f3n! -->\n<\/p>\n<p data-start=\"646\" data-end=\"1079\">Llaryora hizo un repaso cr\u00edtico de iniciativas previas, donde las convocatorias quedaban desiertas no por falta de ideas, sino porque la comisi\u00f3n evaluadora no encontraba potencial de \u00e9xito. \u201cNo vamos a poner un centavo en algo que no se ve sostenible\u201d, se\u00f1al\u00f3. Este punto marc\u00f3 la necesidad de repensar el modelo y acompa\u00f1ar no solo a los emprendedores, sino tambi\u00e9n a los fondos de inversi\u00f3n que apuestan por proyectos innovadores.\n<\/p>\n<p data-start=\"1081\" data-end=\"1358\">Inspirado en la experiencia del fondo \u00abCiudad Inteligente\u00bb, convertido en ley en su gesti\u00f3n municipal y que hoy contin\u00faa independientemente del color pol\u00edtico, Llaryora remarc\u00f3 la importancia de institucionalizar pol\u00edticas p\u00fablicas a largo plazo y garantizar su sostenibilidad.\n<\/p>\n<p data-start=\"1081\" data-end=\"1358\"><img decoding=\"async\" class=\"aligncenter size-full wp-image-374674\" src=\"http:\/\/nuevacordoba.net\/wp-content\/uploads\/2025\/07\/cordoba-lanza-un-fondo-emprendedor-de-10-000-millones-y-busca-liderar-en-latam.jpg\" alt width=\"828\" height=\"705\" srcset=\"http:\/\/nuevacordoba.net\/wp-content\/uploads\/2025\/07\/cordoba-lanza-un-fondo-emprendedor-de-10-000-millones-y-busca-liderar-en-latam.jpg 828w, http:\/\/nuevacordoba.net\/wp-content\/uploads\/2025\/07\/cordoba-lanza-un-fondo-emprendedor-de-10-000-millones-y-busca-liderar-en-latam-1.jpg 300w, http:\/\/nuevacordoba.net\/wp-content\/uploads\/2025\/07\/cordoba-lanza-un-fondo-emprendedor-de-10-000-millones-y-busca-liderar-en-latam-2.jpg 768w, http:\/\/nuevacordoba.net\/wp-content\/uploads\/2025\/07\/cordoba-lanza-un-fondo-emprendedor-de-10-000-millones-y-busca-liderar-en-latam-3.jpg 750w\" sizes=\"(max-width: 828px) 100vw, 828px\" loading=\"lazy\">\n<\/p>\n<p data-start=\"1360\" data-end=\"1410\"><strong>Un fondo de gran escala y con visi\u00f3n de futuro<\/strong><!-- \u00a1O bien no hay banners, estan desactivados o no estan programados para esta ubicaci\u00f3n! -->\n<\/p>\n<p data-start=\"1412\" data-end=\"1716\">El <strong>Fondo Emprendedor Provincial prev\u00e9 destinar 10.000 millones de pesos en una primera etapa y buscar\u00e1 adoptar un esquema de co-inversi\u00f3n \u00ab50 y 50\u00bb,<\/strong> donde el Estado iguale o complemente la inversi\u00f3n de fondos privados. La meta es apalancar el capital disponible y multiplicar el impacto en el ecosistema.<\/p>\n<p data-start=\"1718\" data-end=\"2013\">A diferencia de programas anteriores, esta vez la estrategia incluye un enfoque dual:<strong> fortalecer a los emprendedores y, al mismo tiempo, apuntalar a los fondos que ya est\u00e1n activos en el mercado. \u201cVamos a colaborar y apoyar a los que se animan a financiar emprendedores<\/strong>\u201d, insisti\u00f3 el gobernador.\n<\/p>\n<p data-start=\"2015\" data-end=\"2065\"><strong>Un proyecto de ley para blindar la continuidad<\/strong>\n<\/p>\n<p data-start=\"2067\" data-end=\"2423\">Para asegurar la sustentabilidad a largo plazo,<strong> Llaryora anunci\u00f3 que el fondo se presentar\u00e1 como un proyecto de ley, con asignaci\u00f3n espec\u00edfica de impuestos provinciales<\/strong>. Seg\u00fan explic\u00f3, estos recursos no ser\u00e1n utilizados para gastos generales sino reinvertidos en proyectos productivos, representando una suerte de \u00abbaja impositiva\u00bb orientada al desarrollo.\n<\/p>\n<p data-start=\"2425\" data-end=\"2733\">El gobernador destac\u00f3 que el proyecto se someter\u00e1 a debate p\u00fablico en la Legislatura y convoc\u00f3 a todos los actores del ecosistema \u2014fondos, emprendedores y partidos pol\u00edticos\u2014 a participar activamente. \u201cEl acuerdo y el acompa\u00f1amiento pol\u00edtico son fundamentales, sobre todo en este momento de crisis\u201d, subray\u00f3.\n<\/p>\n<div class=\"g g-38\">\n<div class=\"g-dyn a-12 c-1\"><a class=\"gofollow\" data-track=\"MTIsMzgsMSw2MA==\" href=\"https:\/\/www.farmaciashpfarma.com.ar\/blog\/institucional\/beneficios-corporativos-en-campana-antigripal.html\" target=\"_blank\" rel=\"noopener\"><img src=\"http:\/\/nuevacordoba.net\/wp-content\/uploads\/2025\/07\/cordoba-lanza-un-fondo-emprendedor-de-10-000-millones-y-busca-liderar-en-latam.gif\" loading=\"lazy\"><\/a><\/div>\n<\/div>\n","protected":false},"excerpt":{"rendered":"<p>Durante su disertaci\u00f3n en el C\u00f3rdoba VC Summit, el gobernador Mart\u00edn Llaryora present\u00f3 un plan para fortalecer el ecosistema emprendedor de la provincia: la creaci\u00f3n de un Fondo Emprendedor Provincial con una inversi\u00f3n inicial de 10.000 millones de pesos, que buscar\u00e1 transformarse en uno de los fondos p\u00fablicos m\u00e1s grandes de Latinoam\u00e9rica. Llaryora hizo un [&hellip;]<\/p>\n","protected":false},"author":1,"featured_media":61077,"comment_status":"open","ping_status":"closed","sticky":false,"template":"","format":"standard","meta":[],"categories":[14],"tags":[],"_links":{"self":[{"href":"http:\/\/nuevacordoba.net\/index.php\/wp-json\/wp\/v2\/posts\/61076"}],"collection":[{"href":"http:\/\/nuevacordoba.net\/index.php\/wp-json\/wp\/v2\/posts"}],"about":[{"href":"http:\/\/nuevacordoba.net\/index.php\/wp-json\/wp\/v2\/types\/post"}],"author":[{"embeddable":true,"href":"http:\/\/nuevacordoba.net\/index.php\/wp-json\/wp\/v2\/users\/1"}],"replies":[{"embeddable":true,"href":"http:\/\/nuevacordoba.net\/index.php\/wp-json\/wp\/v2\/comments?post=61076"}],"version-history":[{"count":0,"href":"http:\/\/nuevacordoba.net\/index.php\/wp-json\/wp\/v2\/posts\/61076\/revisions"}],"wp:featuredmedia":[{"embeddable":true,"href":"http:\/\/nuevacordoba.net\/index.php\/wp-json\/wp\/v2\/media\/61077"}],"wp:attachment":[{"href":"http:\/\/nuevacordoba.net\/index.php\/wp-json\/wp\/v2\/media?parent=61076"}],"wp:term":[{"taxonomy":"category","embeddable":true,"href":"http:\/\/nuevacordoba.net\/index.php\/wp-json\/wp\/v2\/categories?post=61076"},{"taxonomy":"post_tag","embeddable":true,"href":"http:\/\/nuevacordoba.net\/index.php\/wp-json\/wp\/v2\/tags?post=61076"}],"curies":[{"name":"wp","href":"https:\/\/api.w.org\/{rel}","templated":true}]}}