{"id":61082,"date":"2025-07-03T14:10:06","date_gmt":"2025-07-03T14:10:06","guid":{"rendered":"http:\/\/cordobanewsnet.wordpress.com\/?p=13040"},"modified":"2025-07-03T14:10:06","modified_gmt":"2025-07-03T14:10:06","slug":"cordoba-la-municipalidad-extiende-el-vencimiento-de-licencias-de-conducir","status":"publish","type":"post","link":"http:\/\/nuevacordoba.net\/index.php\/2025\/07\/03\/cordoba-la-municipalidad-extiende-el-vencimiento-de-licencias-de-conducir\/","title":{"rendered":"C\u00f3rdoba: la Municipalidad extiende el vencimiento de licencias de conducir"},"content":{"rendered":"<p><!-- \/featured-media --> <\/p>\n<div class=\"post-content clear\" readability=\"41.574803149606\">\n<p>La medida rige para todas las categor\u00edas cuyos vencimientos originales recaigan entre el 12 de mayo y el 30 de junio, inclusive. Enterate hasta cu\u00e1ndo ser\u00e1 el plazo.<\/p>\n<p>La&nbsp;<strong>Municipalidad de C\u00f3rdoba<\/strong>&nbsp;extendi\u00f3 por tercera vez el plazo de validez de las&nbsp;<strong>licencias de conducir<\/strong>&nbsp;de todas las categor\u00edas.&nbsp;<\/p>\n<p>Argumentan que la medida se debe a las demoras provocadas por el conflicto con el Sindicato Uni\u00f3n Obreros y Empleados Municipales de C\u00f3rdoba<strong>&nbsp;(SUOEM)<\/strong>&nbsp;y busca garantizar que los vecinos y las vecinas de la ciudad cuenten con un plazo adecuado para cumplir con el tr\u00e1mite sin contratiempos.<\/p>\n<p><strong>La Secretar\u00eda de Gobierno municipal extendi\u00f3 el plazo<\/strong>&nbsp;hasta el&nbsp;<strong>31 de julio<\/strong>, disponiendo que aquellos carnets cuyo vencimiento est\u00e9 comprendido entre el&nbsp;<strong>12 de mayo y el 30 de junio<\/strong>, inclusive.<\/p>\n<figure class=\"wp-block-image size-large\"><img loading=\"lazy\" data-attachment-id=\"13041\" data-permalink=\"https:\/\/cordobanewsnet.wordpress.com\/2025\/07\/03\/cordoba-la-municipalidad-extiende-el-vencimiento-de-licencias-de-conducir\/image-725\/\" data-orig-file=\"http:\/\/nuevacordoba.net\/wp-content\/uploads\/2025\/07\/cordoba-la-municipalidad-extiende-el-vencimiento-de-licencias-de-conducir-5.png\" data-orig-size=\"1081,720\" data-comments-opened=\"1\" data-image-meta=\"{&quot;aperture&quot;:&quot;0&quot;,&quot;credit&quot;:&quot;&quot;,&quot;camera&quot;:&quot;&quot;,&quot;caption&quot;:&quot;&quot;,&quot;created_timestamp&quot;:&quot;0&quot;,&quot;copyright&quot;:&quot;&quot;,&quot;focal_length&quot;:&quot;0&quot;,&quot;iso&quot;:&quot;0&quot;,&quot;shutter_speed&quot;:&quot;0&quot;,&quot;title&quot;:&quot;&quot;,&quot;orientation&quot;:&quot;0&quot;}\" data-image-title=\"image\" data-image-description data-image-caption data-medium-file=\"http:\/\/nuevacordoba.net\/wp-content\/uploads\/2025\/07\/cordoba-la-municipalidad-extiende-el-vencimiento-de-licencias-de-conducir-3.png\" data-large-file=\"http:\/\/nuevacordoba.net\/wp-content\/uploads\/2025\/07\/cordoba-la-municipalidad-extiende-el-vencimiento-de-licencias-de-conducir-5.png?w=736\" width=\"1024\" height=\"682\" src=\"http:\/\/nuevacordoba.net\/wp-content\/uploads\/2025\/07\/cordoba-la-municipalidad-extiende-el-vencimiento-de-licencias-de-conducir.png\" alt class=\"wp-image-13041\" srcset=\"http:\/\/nuevacordoba.net\/wp-content\/uploads\/2025\/07\/cordoba-la-municipalidad-extiende-el-vencimiento-de-licencias-de-conducir.png 1024w, http:\/\/nuevacordoba.net\/wp-content\/uploads\/2025\/07\/cordoba-la-municipalidad-extiende-el-vencimiento-de-licencias-de-conducir-2.png 150w, http:\/\/nuevacordoba.net\/wp-content\/uploads\/2025\/07\/cordoba-la-municipalidad-extiende-el-vencimiento-de-licencias-de-conducir-3.png 300w, http:\/\/nuevacordoba.net\/wp-content\/uploads\/2025\/07\/cordoba-la-municipalidad-extiende-el-vencimiento-de-licencias-de-conducir-4.png 768w, http:\/\/nuevacordoba.net\/wp-content\/uploads\/2025\/07\/cordoba-la-municipalidad-extiende-el-vencimiento-de-licencias-de-conducir-5.png 1081w\" sizes=\"(max-width: 1024px) 100vw, 1024px\"><\/figure>\n<p>Fuente : Cba24n C\u00f3rdoba Argentina<\/p>\n<p><span id=\"wordads-inline-marker\"><\/span><\/p>\n<div id=\"jp-post-flair\" class=\"sharedaddy sd-like-enabled sd-sharing-enabled\">\n<div class=\"sharedaddy sd-sharing-enabled\">\n<div class=\"robots-nocontent sd-block sd-social sd-social-icon-text sd-sharing\">\n<h3 class=\"sd-title\">Comparte esto:<\/h3>\n<\/div>\n<\/div>\n<div class=\"sharedaddy sd-block sd-like jetpack-likes-widget-wrapper jetpack-likes-widget-unloaded\" id=\"like-post-wrapper-143108178-13040-68676f3665b92\" data-src=\"\/\/widgets.wp.com\/likes\/index.html?ver=20250704#blog_id=143108178&amp;post_id=13040&amp;origin=cordobanewsnet.wordpress.com&amp;obj_id=143108178-13040-68676f3665b92\" data-name=\"like-post-frame-143108178-13040-68676f3665b92\" data-title=\"Me gusta o Compartir\">\n<p><span class=\"button\"><span>Me gusta<\/span><\/span> <span class=\"loading\">Cargando&#8230;<\/span><\/p>\n<p><span class=\"sd-text-color\"><\/span><\/div>\n<p><h3 class=\"jp-relatedposts-headline\"><em>Relacionado<\/em><\/h3>\n<\/p>\n<\/div><\/div>\n<p><!--\/.post-content--> <\/p>\n<footer class=\"post-meta-container clear\" readability=\"0.35714285714286\">\n<div class=\"entry-author author-avatar-show\" readability=\"13.114754098361\">\n<div class=\"author-avatar\"> <img referrerpolicy=\"no-referrer\" alt=\"Avatar de Desconocido\" src=\"http:\/\/nuevacordoba.net\/wp-content\/uploads\/2025\/07\/cordoba-la-municipalidad-extiende-el-vencimiento-de-licencias-de-conducir-1.png\" srcset=\"http:\/\/nuevacordoba.net\/wp-content\/uploads\/2025\/07\/cordoba-la-municipalidad-extiende-el-vencimiento-de-licencias-de-conducir-1.png 1x, http:\/\/nuevacordoba.net\/wp-content\/uploads\/2025\/07\/cordoba-la-municipalidad-extiende-el-vencimiento-de-licencias-de-conducir-6.png 1.5x, http:\/\/nuevacordoba.net\/wp-content\/uploads\/2025\/07\/cordoba-la-municipalidad-extiende-el-vencimiento-de-licencias-de-conducir-7.png 2x, http:\/\/nuevacordoba.net\/wp-content\/uploads\/2025\/07\/cordoba-la-municipalidad-extiende-el-vencimiento-de-licencias-de-conducir-8.png 3x, http:\/\/nuevacordoba.net\/wp-content\/uploads\/2025\/07\/cordoba-la-municipalidad-extiende-el-vencimiento-de-licencias-de-conducir-9.png 4x\" class=\"avatar avatar-90\" height=\"90\" width=\"90\" loading=\"lazy\" decoding=\"async\"> <\/div>\n<p><!-- .author-avatar --> <\/p>\n<p><h2 class=\"author-title\"> Publicado por <span class=\"author-name\">Redacci\u00f3n<\/span> <\/h2>\n<\/p>\n<p><!-- .author-heading --> <\/p>\n<p class=\"author-bio\"> <a class=\"author-link\" href=\"https:\/\/cordobanewsnet.wordpress.com\/author\/prettomatias\/\" rel=\"author\"> Ver todas las entradas de Redacci\u00f3n <\/a> <\/p>\n<p><!-- .author-bio --> <\/div>\n<p><!-- .entry-auhtor --> <\/footer>\n<p> <!-- \/post-meta-container --> <!-- #respond --> <\/p>\n","protected":false},"excerpt":{"rendered":"<p>La medida rige para todas las categor\u00edas cuyos vencimientos originales recaigan entre el 12 de mayo y el 30 de junio, inclusive. Enterate hasta cu\u00e1ndo ser\u00e1 el plazo. La&nbsp;Municipalidad de C\u00f3rdoba&nbsp;extendi\u00f3 por tercera vez el plazo de validez de las&nbsp;licencias de conducir&nbsp;de todas las categor\u00edas.&nbsp; Argumentan que la medida se debe a las demoras provocadas [&hellip;]<\/p>\n","protected":false},"author":1,"featured_media":61083,"comment_status":"closed","ping_status":"closed","sticky":false,"template":"","format":"standard","meta":[],"categories":[14],"tags":[],"_links":{"self":[{"href":"http:\/\/nuevacordoba.net\/index.php\/wp-json\/wp\/v2\/posts\/61082"}],"collection":[{"href":"http:\/\/nuevacordoba.net\/index.php\/wp-json\/wp\/v2\/posts"}],"about":[{"href":"http:\/\/nuevacordoba.net\/index.php\/wp-json\/wp\/v2\/types\/post"}],"author":[{"embeddable":true,"href":"http:\/\/nuevacordoba.net\/index.php\/wp-json\/wp\/v2\/users\/1"}],"replies":[{"embeddable":true,"href":"http:\/\/nuevacordoba.net\/index.php\/wp-json\/wp\/v2\/comments?post=61082"}],"version-history":[{"count":0,"href":"http:\/\/nuevacordoba.net\/index.php\/wp-json\/wp\/v2\/posts\/61082\/revisions"}],"wp:featuredmedia":[{"embeddable":true,"href":"http:\/\/nuevacordoba.net\/index.php\/wp-json\/wp\/v2\/media\/61083"}],"wp:attachment":[{"href":"http:\/\/nuevacordoba.net\/index.php\/wp-json\/wp\/v2\/media?parent=61082"}],"wp:term":[{"taxonomy":"category","embeddable":true,"href":"http:\/\/nuevacordoba.net\/index.php\/wp-json\/wp\/v2\/categories?post=61082"},{"taxonomy":"post_tag","embeddable":true,"href":"http:\/\/nuevacordoba.net\/index.php\/wp-json\/wp\/v2\/tags?post=61082"}],"curies":[{"name":"wp","href":"https:\/\/api.w.org\/{rel}","templated":true}]}}