{"id":61084,"date":"2025-07-04T00:06:20","date_gmt":"2025-07-04T00:06:20","guid":{"rendered":"https:\/\/www.ole.com.ar\/autos\/franco-colapinto-gp-gran-bretana-horario-ver_0_YpnOFZ5ikF.html"},"modified":"2025-07-04T00:06:20","modified_gmt":"2025-07-04T00:06:20","slug":"franco-colapinto-en-el-gp-de-gran-bretana-hora-y-por-donde-ver-las-practicas-en-vivo","status":"publish","type":"post","link":"http:\/\/nuevacordoba.net\/index.php\/2025\/07\/04\/franco-colapinto-en-el-gp-de-gran-bretana-hora-y-por-donde-ver-las-practicas-en-vivo\/","title":{"rendered":"Franco Colapinto en el GP de Gran Breta\u00f1a: hora y por d\u00f3nde ver las pr\u00e1cticas en vivo"},"content":{"rendered":"<p><time class=\"createDate\" datetime=\"2025-07-03T21:06:20-03:00\">03\/07\/2025 21:06hs.<\/time><\/p>\n<div id=\"storyBody\">\n<div class=\"custom-text \" readability=\"41\">\n<p>Este viernes se larga una nueva fecha de la <strong>F\u00f3rmula 1<\/strong>, la 12\u00b0 del a\u00f1o, y ser\u00e1 en uno de los circuitos hist\u00f3ricos que tiene el calendario: <strong>Silverstone<\/strong>, ubicado en Northamptonshire, Inglaterra. El<strong> Gran Premio de Gran Breta\u00f1a<\/strong> marcar\u00e1 el punto intermedio de la temporada 2025 de la M\u00e1xima, que tendr\u00e1 24 carreras en total. Y por supuesto, <strong>Franco Colapinto<\/strong> dir\u00e1 presente junto a Alpine.<\/p>\n<\/div>\n<div class=\"custom-text \" readability=\"38\">\n<p>El argentino, que asisti\u00f3 este jueves al d\u00eda de prensa, buscar\u00e1 sumar sus primeros puntos esta temporada en la que por el momento no le han salido bien las cosas a \u00e9l ni a su escuder\u00eda. Eso se ve a simple vista al ver las posiciones:<strong> el #43 todav\u00eda no sum\u00f3 (como tampoco lo hizo Jack Doohan anteriormente) y la escuder\u00eda francesa marcha \u00faltima en el campeonato de constructores<\/strong>. Por eso, Alpine y Franco buscar\u00e1n mejorar sus resultados con el objetivo de mejorar el rumbo de la organizaci\u00f3n de cara a la segunda parte de la temporada.<\/p>\n<\/div>\n<div class=\"sc-e7b891c4-0 ifHnQL image-embed\"><img alt=\"Alpine debe mejorar sus resultados (EFE).\" loading=\"lazy\" width=\"720\" height=\"100\" decoding=\"async\" data-nimg=\"1\" src=\"http:\/\/nuevacordoba.net\/wp-content\/uploads\/2025\/07\/franco-colapinto-en-el-gp-de-gran-bretana-hora-y-por-donde-ver-las-practicas-en-vivo.jpg\"><span class=\"epigraphe\">Alpine debe mejorar sus resultados (EFE).<\/span><\/div>\n<div class=\"custom-text \" readability=\"36\">\n<p>El GP de Gran Breta\u00f1a ser\u00e1 una fecha convencional y dar\u00e1 inicio este viernes 4 de julio con dos sesiones de pr\u00e1cticas libres, donde el oriundo de Pilar intentar\u00e1 adaptarse al auto y al circuito. En <strong>Ol\u00e9<\/strong>, te mostramos todos los detalles.<\/p>\n<\/div>\n<p><h2><strong>C\u00f3mo es el circuito de Silverstone, lugar donde Franco Colapinto disputar\u00e1 el GP de Gran Breta\u00f1a<\/strong><\/h2>\n<\/p>\n<div class=\"custom-text \" readability=\"42\">\n<p>El siguiente GP se disputar\u00e1 en Silverstone, una de las pistas m\u00e1s r\u00e1pidas del campeonato, en la que se corre a 52 vueltas y que cuenta con 5,891 kil\u00f3metros por giro. En efecto, la carrera final recorrer\u00e1 un total de 306 kil\u00f3metros. Tiene dos sectores de adelantamiento y otras dos rectas largas. El r\u00e9cord de vuelta lo tiene Max Verstappen, con 1m27s097 en 2020, y el de m\u00e1s carreras ganadas lo ostenta Lewis Hamilton, con 9 victorias.<\/p>\n<\/div>\n<div class=\"sc-e7b891c4-0 ifHnQL image-embed\"><img alt=\"Colapinto en Silverstone (REUTERS).\" loading=\"lazy\" width=\"720\" height=\"100\" decoding=\"async\" data-nimg=\"1\" src=\"http:\/\/nuevacordoba.net\/wp-content\/uploads\/2025\/07\/franco-colapinto-en-el-gp-de-gran-bretana-hora-y-por-donde-ver-las-practicas-en-vivo-1.jpg\"><span class=\"epigraphe\">Colapinto en Silverstone (REUTERS).<\/span><\/div>\n<p><h2><strong>La actividad del GP de Gran Breta\u00f1a<\/strong><\/h2>\n<\/p>\n<div class=\"custom-text \">\n<p><strong>Viernes 4 de julio<\/strong><\/p>\n<\/div>\n<div class=\"custom-text \">\n<ul>\n<li>Primera pr\u00e1ctica libre: 8.30 <\/li>\n<li>Segunda pr\u00e1ctica libre: 12.00<\/li>\n<\/ul>\n<\/div>\n<div class=\"custom-text \">\n<p><strong>S\u00e1bado 5 de julio<\/strong><\/p>\n<\/div>\n<div class=\"custom-text \">\n<ul>\n<li>Tercera pr\u00e1ctica libre: 7.30 <\/li>\n<li>Clasificaci\u00f3n: 11.00<\/li>\n<\/ul>\n<\/div>\n<div class=\"custom-text \">\n<p><strong>Domingo 6 de julio<\/strong><\/p>\n<\/div>\n<div class=\"custom-text \">\n<ul>\n<li>Carrera: 11.00<\/li>\n<\/ul>\n<\/div>\n<p><h2><strong>\u00bfC\u00f3mo ver a Franco Colapinto en el GP de Gran Breta\u00f1a?<\/strong><\/h2>\n<\/p>\n<div class=\"custom-text \" readability=\"36\">\n<p>Este Gran Premio no se podr\u00e1 ver por TV, aunque s\u00ed se podr\u00e1 ver en exclusiva a trav\u00e9s de <strong>Disney+ Premium<\/strong>. La plataforma de streaming ser\u00e1 la encargada de transmitir las pr\u00e1cticas libres, la clasificaci\u00f3n y la carrera.<\/p>\n<\/div>\n<div class=\"sc-a7166897-0 eoLsBE\" readability=\"6.5\">\n<section readability=\"3\"><picture><img alt=\"El inminente anuncio de Alpine que afecta a Franco Colapinto: llega un nuevo director de equipo\" loading=\"lazy\" width=\"290\" height=\"290\" decoding=\"async\" data-nimg=\"1\" src=\"http:\/\/nuevacordoba.net\/wp-content\/uploads\/2025\/07\/franco-colapinto-en-el-gp-de-gran-bretana-hora-y-por-donde-ver-las-practicas-en-vivo-2.jpg\"><\/picture>\n<p><span>Mir\u00e1 tambi\u00e9n<\/span><\/p>\n<hr>\n<h3>El inminente anuncio de Alpine que afecta a Franco Colapinto: llega un nuevo director de equipo<\/h3>\n<\/p>\n<\/section>\n<\/div>\n<div class=\"sc-a7166897-0 eoLsBE\" readability=\"6.5\">\n<section readability=\"3\"><picture><img alt=\"La noticia que le asegura a Franco Colapinto al menos una carrera m\u00e1s en la F\u00f3rmula 1\" loading=\"lazy\" width=\"290\" height=\"290\" decoding=\"async\" data-nimg=\"1\" src=\"http:\/\/nuevacordoba.net\/wp-content\/uploads\/2025\/07\/franco-colapinto-en-el-gp-de-gran-bretana-hora-y-por-donde-ver-las-practicas-en-vivo-3.jpg\"><\/picture>\n<p><span>Mir\u00e1 tambi\u00e9n<\/span><\/p>\n<hr>\n<h3>La noticia que le asegura a Franco Colapinto al menos una carrera m\u00e1s en la F\u00f3rmula 1<\/h3>\n<\/p>\n<\/section>\n<\/div>\n<div class=\"sc-a7166897-0 eoLsBE\" readability=\"6.5\">\n<section readability=\"3\"><picture><img alt=\"Atentos a Franco Colapinto: qu\u00e9 dijo sobre los rumores de su reemplazo y por qu\u00e9 no ve bien a Alpine en Silverstone \" loading=\"lazy\" width=\"290\" height=\"290\" decoding=\"async\" data-nimg=\"1\" src=\"http:\/\/nuevacordoba.net\/wp-content\/uploads\/2025\/07\/franco-colapinto-en-el-gp-de-gran-bretana-hora-y-por-donde-ver-las-practicas-en-vivo-4.jpg\"><\/picture>\n<p><span>Mir\u00e1 tambi\u00e9n<\/span><\/p>\n<hr>\n<h3>Atentos a Franco Colapinto: qu\u00e9 dijo sobre los rumores de su reemplazo y por qu\u00e9 no ve bien a Alpine en Silverstone <\/h3>\n<\/p>\n<\/section>\n<\/div>\n<div class=\"sc-a7166897-0 eoLsBE\" readability=\"6\">\n<section readability=\"2\"><picture><img alt=\"Pierre Gasly y la dura realidad de Alpine para el GP de Silverstone\" loading=\"lazy\" width=\"290\" height=\"290\" decoding=\"async\" data-nimg=\"1\" src=\"http:\/\/nuevacordoba.net\/wp-content\/uploads\/2025\/07\/franco-colapinto-en-el-gp-de-gran-bretana-hora-y-por-donde-ver-las-practicas-en-vivo-5.jpg\"><\/picture>\n<p><span>Mir\u00e1 tambi\u00e9n<\/span><\/p>\n<hr>\n<h3>Pierre Gasly y la dura realidad de Alpine para el GP de Silverstone<\/h3>\n<\/p>\n<\/section>\n<\/div>\n<div class=\"sc-a7166897-0 eoLsBE\" readability=\"6.5\">\n<section readability=\"3\"><picture><img alt=\"Por qu\u00e9 Silverstone no tiene un buen pron\u00f3stico para los Alpine de Colapinto y Gasly\" loading=\"lazy\" width=\"290\" height=\"290\" decoding=\"async\" data-nimg=\"1\" src=\"http:\/\/nuevacordoba.net\/wp-content\/uploads\/2025\/07\/franco-colapinto-en-el-gp-de-gran-bretana-hora-y-por-donde-ver-las-practicas-en-vivo-6.jpg\"><\/picture>\n<p><span>Mir\u00e1 tambi\u00e9n<\/span><\/p>\n<hr>\n<h3>Por qu\u00e9 Silverstone no tiene un buen pron\u00f3stico para los Alpine de Colapinto y Gasly<\/h3>\n<\/p>\n<\/section>\n<\/div>\n<\/div>\n","protected":false},"excerpt":{"rendered":"<p>03\/07\/2025 21:06hs. Este viernes se larga una nueva fecha de la F\u00f3rmula 1, la 12\u00b0 del a\u00f1o, y ser\u00e1 en uno de los circuitos hist\u00f3ricos que tiene el calendario: Silverstone, ubicado en Northamptonshire, Inglaterra. El Gran Premio de Gran Breta\u00f1a marcar\u00e1 el punto intermedio de la temporada 2025 de la M\u00e1xima, que tendr\u00e1 24 carreras [&hellip;]<\/p>\n","protected":false},"author":1,"featured_media":61085,"comment_status":"closed","ping_status":"closed","sticky":false,"template":"","format":"standard","meta":[],"categories":[10],"tags":[],"_links":{"self":[{"href":"http:\/\/nuevacordoba.net\/index.php\/wp-json\/wp\/v2\/posts\/61084"}],"collection":[{"href":"http:\/\/nuevacordoba.net\/index.php\/wp-json\/wp\/v2\/posts"}],"about":[{"href":"http:\/\/nuevacordoba.net\/index.php\/wp-json\/wp\/v2\/types\/post"}],"author":[{"embeddable":true,"href":"http:\/\/nuevacordoba.net\/index.php\/wp-json\/wp\/v2\/users\/1"}],"replies":[{"embeddable":true,"href":"http:\/\/nuevacordoba.net\/index.php\/wp-json\/wp\/v2\/comments?post=61084"}],"version-history":[{"count":0,"href":"http:\/\/nuevacordoba.net\/index.php\/wp-json\/wp\/v2\/posts\/61084\/revisions"}],"wp:featuredmedia":[{"embeddable":true,"href":"http:\/\/nuevacordoba.net\/index.php\/wp-json\/wp\/v2\/media\/61085"}],"wp:attachment":[{"href":"http:\/\/nuevacordoba.net\/index.php\/wp-json\/wp\/v2\/media?parent=61084"}],"wp:term":[{"taxonomy":"category","embeddable":true,"href":"http:\/\/nuevacordoba.net\/index.php\/wp-json\/wp\/v2\/categories?post=61084"},{"taxonomy":"post_tag","embeddable":true,"href":"http:\/\/nuevacordoba.net\/index.php\/wp-json\/wp\/v2\/tags?post=61084"}],"curies":[{"name":"wp","href":"https:\/\/api.w.org\/{rel}","templated":true}]}}