{"id":61086,"date":"2025-07-03T23:14:31","date_gmt":"2025-07-03T23:14:31","guid":{"rendered":"https:\/\/www.ole.com.ar\/futbol-ascenso\/ascenso-primera-nacional-colon-pulga-rodriguez-mercado-pases_0_T9GEbtvrrZ.html"},"modified":"2025-07-03T23:14:31","modified_gmt":"2025-07-03T23:14:31","slug":"colon-echo-a-yllana-antes-de-cerrar-la-vuelta-del-pulga-rodriguez","status":"publish","type":"post","link":"http:\/\/nuevacordoba.net\/index.php\/2025\/07\/03\/colon-echo-a-yllana-antes-de-cerrar-la-vuelta-del-pulga-rodriguez\/","title":{"rendered":"Col\u00f3n ech\u00f3 a Yllana antes de cerrar la vuelta del Pulga Rodr\u00edguez"},"content":{"rendered":"<p><span class=\"createDate\">03\/07\/2025 20:14hs.<\/span><time class=\"modificatedDate\" datetime=\"2025-07-03T21:29:43-03:00\"> Actualizado al 03\/07\/2025 21:29hs.<\/time><\/p>\n<div id=\"storyBody\">\n<div class=\"custom-text \" readability=\"35.174887892377\">\n<p><a href=\"https:\/\/www.ole.com.ar\/tema\/colon.html\" title=\"Col\u00f3n\" alt=\"Col\u00f3n\" class=\"slug\">Col\u00f3n<\/a> est\u00e1 atravesando un momento complicado en la <a href=\"https:\/\/www.ole.com.ar\/tema\/primera-nacional.html\" title=\"Primera Nacional\" alt=\"Primera Nacional\" class=\"slug\">Primera Nacional<\/a> y la dirigencia tom\u00f3 una decisi\u00f3n dr\u00e1stica: ech\u00f3 al t\u00e9cnico, Andr\u00e9s Yllana. Hace cuatro partidos que el Sabalero no puede ganar y se hunde cada vez m\u00e1s al fondo de la Zona B. La derrota contra Mitre (Santiago) <strong>fue la gota que rebals\u00f3 el vaso: incidentes en el Cementerio de los Elefantes, cantos contra el plantel y la dirigencia. Clima tenso&#8230; El DT no se sosten\u00eda.<\/strong><\/p>\n<\/div>\n<div class=\"custom-text \" readability=\"36\">\n<p>Habr\u00e1 entrenador interino: Mart\u00edn Minella, el t\u00e9cnico de la Reserva del Negro, que ya estuvo en 2024. Mientras, la conducci\u00f3n del club tiene urgencias para definir al nuevo DT.<\/p>\n<\/div>\n<p><h2><strong>La vuelta de un campe\u00f3n<\/strong><\/h2>\n<\/p>\n<div class=\"custom-text \" readability=\"37\">\n<p>Al mismo tiempo, se supo de una vuelta que ilusiona a todos los hinchas del Sabalero. S\u00ed, es que un viejo conocido, que supo darle alegr\u00edas al pueblo rojinegro, <strong>est\u00e1 cerca de pegar la vuelta. <\/strong><\/p>\n<\/div>\n<div class=\"custom-text \" readability=\"34.187702265372\">\n<p>Se trata del <strong><a href=\"https:\/\/www.ole.com.ar\/tema\/pulga-rodriguez.html\" title=\"Pulga Rodr\u00edguez\" alt=\"Pulga Rodr\u00edguez\" class=\"slug\">Pulga Rodr\u00edguez<\/a>, campe\u00f3n de la <a href=\"https:\/\/www.ole.com.ar\/tema\/primera-division.html\" title=\"Primera Divisi\u00f3n\" alt=\"Primera Divisi\u00f3n\" class=\"slug\">Copa de la Liga<\/a> 2021, qui\u00e9n est\u00e1 muy cerca de volver a ponerse la camiseta del Sabalero<\/strong> en este mercado de pases. Desde Santa Fe confirman negociaciones con el delantero de 40 a\u00f1os, quien tiene contrato con Atl\u00e9tico Tucum\u00e1n hasta el 31 de diciembre del 2025.<\/p>\n<\/div>\n<div class=\"sc-e7b891c4-0 ifHnQL image-embed\"><img alt=\"El Pulga Rodr\u00edguez tiene chances concretas de retornar a Col\u00f3n. \" loading=\"lazy\" width=\"720\" height=\"100\" decoding=\"async\" data-nimg=\"1\" src=\"http:\/\/nuevacordoba.net\/wp-content\/uploads\/2025\/07\/colon-echo-a-yllana-antes-de-cerrar-la-vuelta-del-pulga-rodriguez.jpg\"><span class=\"epigraphe\">El Pulga Rodr\u00edguez tiene chances concretas de retornar a Col\u00f3n. <\/span><\/div>\n<div class=\"custom-text \" readability=\"37\">\n<p>As\u00ed, en el Sabal\u00e9 se ilusionan con que el \u00eddolo ocupe el cupo de refuerzo que qued\u00f3 vacante por la salida de Alan Forneris a Racing. Adem\u00e1s, como alternativa a LMR aparece otro ex Col\u00f3n: <strong>Alan Ru\u00edz, quien milita en el f\u00fatbol portugu\u00e9s y tambi\u00e9n es del gusto de la CD<\/strong>. <\/p>\n<\/div>\n<p><h2><strong>El paso del Pulga Rodr\u00edguez por Col\u00f3n<\/strong><\/h2>\n<\/p>\n<div class=\"custom-text \" readability=\"38\">\n<p>El atacante oriundo de Simoca dej\u00f3 un grato recuerdo en Santa Fe. S\u00ed, es que entre 2019 y 2022 disput\u00f3 un centenar de encuentros, anot\u00f3 38 goles y asisti\u00f3 en 24 ocasiones. <strong>Adem\u00e1s, fue pieza clave en el \u00fanico t\u00edtulo de Col\u00f3n en su historia<\/strong> (Copa de la Liga 2021) y en el equipo que alcanz\u00f3 la final de la Copa Sudamericana 2019.<\/p>\n<\/div>\n<div class=\"sc-e7b891c4-0 ifHnQL image-embed\"><img alt=\"El Pulga dej\u00f3 huella en Santa Fe\" loading=\"lazy\" width=\"720\" height=\"100\" decoding=\"async\" data-nimg=\"1\" src=\"http:\/\/nuevacordoba.net\/wp-content\/uploads\/2025\/07\/colon-echo-a-yllana-antes-de-cerrar-la-vuelta-del-pulga-rodriguez-1.jpg\"><span class=\"epigraphe\">El Pulga dej\u00f3 huella en Santa Fe<\/span><\/div>\n<p><h2><strong>Las declaraciones de V\u00edctor Godano tras los incidentes contra Mitre<\/strong><\/h2>\n<\/p>\n<div class=\"custom-text \" readability=\"37\">\n<p>\u00abSabemos que no se est\u00e1n dando los resultados.<strong> El hincha est\u00e1 dolido y con raz\u00f3n. Pero nosotros tambi\u00e9n somos socios, tambi\u00e9n sufrimos.<\/strong> Y seguimos ac\u00e1, trabajando todos los d\u00edas para levantar a Col\u00f3n\u00bb, comenz\u00f3 el presidente del Sabalero. <\/p>\n<\/div>\n<div class=\"sc-e7b891c4-0 ifHnQL image-embed\"><img alt=\"Godano, presidente de Col\u00f3n de Santa Fe.\" loading=\"lazy\" width=\"720\" height=\"100\" decoding=\"async\" data-nimg=\"1\" src=\"http:\/\/nuevacordoba.net\/wp-content\/uploads\/2025\/07\/colon-echo-a-yllana-antes-de-cerrar-la-vuelta-del-pulga-rodriguez-2.jpg\"><span class=\"epigraphe\">Godano, presidente de Col\u00f3n de Santa Fe.<\/span><\/div>\n<div class=\"custom-text \" readability=\"41\">\n<p>\u00abFue una noche negra, pero seguimos adelante porque entendemos que el club necesita conducci\u00f3n. No hay lugar para abandonar. Estamos todos los d\u00edas en el club. Con el cuerpo t\u00e9cnico, con los jugadores, con los empleados, con los socios. <strong>Esto no se soluciona con una persona sola, sino entre todos\u00bb<\/strong>, remarc\u00f3 el pope en di\u00e1logo con Sangre y Luto Radio. <\/p>\n<\/div>\n<div class=\"sc-e7b891c4-0 ifHnQL image-embed\"><img alt=\"Andr\u00e9s Yllana, en la cuerda floja. (Prensa Col\u00f3n).\" loading=\"lazy\" width=\"720\" height=\"100\" decoding=\"async\" data-nimg=\"1\" src=\"http:\/\/nuevacordoba.net\/wp-content\/uploads\/2025\/07\/colon-echo-a-yllana-antes-de-cerrar-la-vuelta-del-pulga-rodriguez-3.jpg\"><span class=\"epigraphe\">Andr\u00e9s Yllana, en la cuerda floja. (Prensa Col\u00f3n).<\/span><\/div>\n<div class=\"sc-a7166897-0 eoLsBE\" readability=\"6.5\">\n<section readability=\"3\"><picture><img alt=\"Sali\u00f3 de Racing, es figura en la Primera Nacional y est\u00e1 en el radar de San Lorenzo\" loading=\"lazy\" width=\"290\" height=\"290\" decoding=\"async\" data-nimg=\"1\" src=\"http:\/\/nuevacordoba.net\/wp-content\/uploads\/2025\/07\/colon-echo-a-yllana-antes-de-cerrar-la-vuelta-del-pulga-rodriguez-4.jpg\"><\/picture>\n<p><span>Mir\u00e1 tambi\u00e9n<\/span><\/p>\n<hr>\n<h3>Sali\u00f3 de Racing, es figura en la Primera Nacional y est\u00e1 en el radar de San Lorenzo<\/h3>\n<\/p>\n<\/section>\n<\/div>\n<div class=\"sc-a7166897-0 eoLsBE\" readability=\"6\">\n<section readability=\"2\"><picture><img alt=\"El mecanismo que eval\u00faa River para tener a Maher Carrizo\" loading=\"lazy\" width=\"290\" height=\"290\" decoding=\"async\" data-nimg=\"1\" src=\"http:\/\/nuevacordoba.net\/wp-content\/uploads\/2025\/07\/colon-echo-a-yllana-antes-de-cerrar-la-vuelta-del-pulga-rodriguez-5.jpg\"><\/picture>\n<p><span>Mir\u00e1 tambi\u00e9n<\/span><\/p>\n<hr>\n<h3>El mecanismo que eval\u00faa River para tener a Maher Carrizo<\/h3>\n<\/p>\n<\/section>\n<\/div>\n<\/div>\n","protected":false},"excerpt":{"rendered":"<p>03\/07\/2025 20:14hs. Actualizado al 03\/07\/2025 21:29hs. Col\u00f3n est\u00e1 atravesando un momento complicado en la Primera Nacional y la dirigencia tom\u00f3 una decisi\u00f3n dr\u00e1stica: ech\u00f3 al t\u00e9cnico, Andr\u00e9s Yllana. Hace cuatro partidos que el Sabalero no puede ganar y se hunde cada vez m\u00e1s al fondo de la Zona B. La derrota contra Mitre (Santiago) fue [&hellip;]<\/p>\n","protected":false},"author":1,"featured_media":61087,"comment_status":"closed","ping_status":"closed","sticky":false,"template":"","format":"standard","meta":[],"categories":[10],"tags":[],"_links":{"self":[{"href":"http:\/\/nuevacordoba.net\/index.php\/wp-json\/wp\/v2\/posts\/61086"}],"collection":[{"href":"http:\/\/nuevacordoba.net\/index.php\/wp-json\/wp\/v2\/posts"}],"about":[{"href":"http:\/\/nuevacordoba.net\/index.php\/wp-json\/wp\/v2\/types\/post"}],"author":[{"embeddable":true,"href":"http:\/\/nuevacordoba.net\/index.php\/wp-json\/wp\/v2\/users\/1"}],"replies":[{"embeddable":true,"href":"http:\/\/nuevacordoba.net\/index.php\/wp-json\/wp\/v2\/comments?post=61086"}],"version-history":[{"count":0,"href":"http:\/\/nuevacordoba.net\/index.php\/wp-json\/wp\/v2\/posts\/61086\/revisions"}],"wp:featuredmedia":[{"embeddable":true,"href":"http:\/\/nuevacordoba.net\/index.php\/wp-json\/wp\/v2\/media\/61087"}],"wp:attachment":[{"href":"http:\/\/nuevacordoba.net\/index.php\/wp-json\/wp\/v2\/media?parent=61086"}],"wp:term":[{"taxonomy":"category","embeddable":true,"href":"http:\/\/nuevacordoba.net\/index.php\/wp-json\/wp\/v2\/categories?post=61086"},{"taxonomy":"post_tag","embeddable":true,"href":"http:\/\/nuevacordoba.net\/index.php\/wp-json\/wp\/v2\/tags?post=61086"}],"curies":[{"name":"wp","href":"https:\/\/api.w.org\/{rel}","templated":true}]}}