{"id":6124,"date":"2021-06-22T20:28:38","date_gmt":"2021-06-22T20:28:38","guid":{"rendered":"http:\/\/nuevacordoba.net\/index.php\/2021\/06\/22\/el-seleccionado-volvio-al-predio-de-afa-y-se-enfocara-en-la-recuperacion-fisica\/"},"modified":"2021-06-22T20:28:38","modified_gmt":"2021-06-22T20:28:38","slug":"el-seleccionado-volvio-al-predio-de-afa-y-se-enfocara-en-la-recuperacion-fisica","status":"publish","type":"post","link":"http:\/\/nuevacordoba.net\/index.php\/2021\/06\/22\/el-seleccionado-volvio-al-predio-de-afa-y-se-enfocara-en-la-recuperacion-fisica\/","title":{"rendered":"El seleccionado volvi\u00f3 al predio de AFA y se enfocar\u00e1 en la recuperaci\u00f3n f\u00edsica"},"content":{"rendered":"<div class=\"image\" id=\"image\" readability=\"7\"> <img src=\"http:\/\/nuevacordoba.net\/wp-content\/uploads\/2021\/06\/el-seleccionado-volvio-al-predio-de-afa-y-se-enfocara-en-la-recuperacion-fisica.jpg\" alt=\"El mi\u00e9rcoles Argentina comenzar\u00e1 a preparar el \u00faltimo partido del grupo A.\" title=\"El mi\u00e9rcoles Argentina comenzar\u00e1 a preparar el \u00faltimo partido del grupo A.\"><\/p>\n<p>El mi\u00e9rcoles Argentina comenzar\u00e1 a preparar el \u00faltimo partido del grupo A.<\/p>\n<\/div>\n<p>El seleccionado argentino volvi\u00f3 este martes al predio de la AFA en Ezeiza tras asegurarse la clasificaci\u00f3n a los cuartos de final de la Copa Am\u00e9rica y el objetivo antes del partido del lunes ante Bolivia ser\u00e1 la recuperaci\u00f3n f\u00edsica de los futbolistas.<\/p>\n<p>El plantel arrib\u00f3 esta madrugada al aeropuerto internacional de Ezeiza luego de la victoria sobre Paraguay (1-0) en Brasilia, por la tercera fecha del grupo A de la Copa Am\u00e9rica.<\/p>\n<p>Con los siete puntos logrados, el equipo dirigido por Lionel Scaloni se asegur\u00f3 uno de los cuatro pasajes a los cuartos de final del torneo.<\/p>\n<p><strong>El entrenador reconoci\u00f3 la \u00abtranquilidad\u00bb que genera ya tener confirmada la presencia entre los ocho mejores del torneo<\/strong> y adelant\u00f3 que en el \u00faltimo partido de la fase -ante Bolivia, el lunes 28 en Cuiab\u00e1- realizar\u00e1 varios cambios.<\/p>\n<p><strong>\u00abLo que me preocupa es el estado f\u00edsico de los jugadores\u00bb<\/strong>, admiti\u00f3 Scaloni en la conferencia de prensa posterior al triunfo sobre Paraguay.<\/p>\n<p>El arquero Emiliano Mart\u00ednez y el capit\u00e1n Lionel Messi fueron los \u00fanicos que disputaron todos los minutos y seguramente ser\u00e1n los primeros que ser\u00e1n preservados de cara al compromiso por cuartos de final, que reci\u00e9n ser\u00eda el viernes 2 o el s\u00e1bado 3 de julio.<\/p>\n<p>Rodrigo De Paul (198 minutos), Nahuel Molina (185), Nicol\u00e1s Tagliafico, Cristian Romero, Nicol\u00e1s Otamendi y Guido Rodr\u00edguez (con 180) completan el listado de los futbolistas m\u00e1s utilizados.<\/p>\n<p>Durante los d\u00edas previos al viaje del domingo pr\u00f3ximo a Cuiab\u00e1, la atenci\u00f3n tambi\u00e9n estar\u00e1 puesta en la recuperaci\u00f3n de Nicol\u00e1s Gonz\u00e1lez, Giovani Lo Celso y Exequiel Palacios, quienes quedaron afuera del banco de suplentes en el \u00faltimo partido.<\/p>\n<p><strong>\u00abNico\u00bb Gonz\u00e1lez arrastra una sobrecarga muscular producto del desgaste<\/strong> que realiz\u00f3 en los encuentros ante Chile y Uruguay.<\/p>\n<p>Antes de ser titular contra Colombia, por las Eliminatorias Sudamericanas, el jugador de Stuttgart (y pr\u00f3ximamente refuerzo de Fiorentina, de Italia) solo hab\u00eda jugado 45 minutos entre febrero y mayo.<\/p>\n<p>Lo mismo sucede con Lo Celso y Palacios, quienes se sumaron al seleccionado luego de meses marcados por lesiones en Tottenham y Bayer Leverkusen, respectivamente.<\/p>\n<p><strong>Lo Celso, quien adem\u00e1s sufri\u00f3 un golpe en el empeine ante Uruguay<\/strong>, volvi\u00f3 a jugar a mediados de marzo luego de tres meses de inactividad pero en ninguno de los nueve partidos que disput\u00f3 pudo completar el partido y siempre fue reemplazado.<\/p>\n<p>Palacios tambi\u00e9n lleg\u00f3 al l\u00edmite f\u00edsicamente porque, a mediados de mayo y luego de una larga inactividad por la lesi\u00f3n lumbar que sufri\u00f3 con Argentina, sufri\u00f3 un desgarro con Bayer Leverkusen y no pudo terminar la temporada europea.<\/p>\n<p>Los tres futbolistas est\u00e1n muy considerados por el cuerpo t\u00e9cnico de la \u00abalbiceleste\u00bb y no se descarta que tambi\u00e9n sean preservados para reaparecer directamente en el partido de cuartos de final.<\/p>\n<p>El plantel argentino seguramente tendr\u00e1 un entrenamiento liviano esta tarde y reci\u00e9n el mi\u00e9rcoles comenzar\u00e1 a preparar el \u00faltimo partido del grupo A.<\/p>\n<p><strong>Argentina cerrar\u00e1 la primera fase el lunes pr\u00f3ximo a las 21 ante Bolivia en el estadio Arena Pantanal de Cuiab\u00e1<\/strong>, una ciudad que promedia una temperatura de 30 grados. <\/p>\n","protected":false},"excerpt":{"rendered":"<p>El mi\u00e9rcoles Argentina comenzar\u00e1 a preparar el \u00faltimo partido del grupo A. El seleccionado argentino volvi\u00f3 este martes al predio de la AFA en Ezeiza tras asegurarse la clasificaci\u00f3n a los cuartos de final de la Copa Am\u00e9rica y el objetivo antes del partido del lunes ante Bolivia ser\u00e1 la recuperaci\u00f3n f\u00edsica de los futbolistas. [&hellip;]<\/p>\n","protected":false},"author":1,"featured_media":6125,"comment_status":"closed","ping_status":"closed","sticky":false,"template":"","format":"standard","meta":[],"categories":[10],"tags":[],"_links":{"self":[{"href":"http:\/\/nuevacordoba.net\/index.php\/wp-json\/wp\/v2\/posts\/6124"}],"collection":[{"href":"http:\/\/nuevacordoba.net\/index.php\/wp-json\/wp\/v2\/posts"}],"about":[{"href":"http:\/\/nuevacordoba.net\/index.php\/wp-json\/wp\/v2\/types\/post"}],"author":[{"embeddable":true,"href":"http:\/\/nuevacordoba.net\/index.php\/wp-json\/wp\/v2\/users\/1"}],"replies":[{"embeddable":true,"href":"http:\/\/nuevacordoba.net\/index.php\/wp-json\/wp\/v2\/comments?post=6124"}],"version-history":[{"count":0,"href":"http:\/\/nuevacordoba.net\/index.php\/wp-json\/wp\/v2\/posts\/6124\/revisions"}],"wp:featuredmedia":[{"embeddable":true,"href":"http:\/\/nuevacordoba.net\/index.php\/wp-json\/wp\/v2\/media\/6125"}],"wp:attachment":[{"href":"http:\/\/nuevacordoba.net\/index.php\/wp-json\/wp\/v2\/media?parent=6124"}],"wp:term":[{"taxonomy":"category","embeddable":true,"href":"http:\/\/nuevacordoba.net\/index.php\/wp-json\/wp\/v2\/categories?post=6124"},{"taxonomy":"post_tag","embeddable":true,"href":"http:\/\/nuevacordoba.net\/index.php\/wp-json\/wp\/v2\/tags?post=6124"}],"curies":[{"name":"wp","href":"https:\/\/api.w.org\/{rel}","templated":true}]}}