{"id":61244,"date":"2025-07-04T03:02:43","date_gmt":"2025-07-04T03:02:43","guid":{"rendered":"https:\/\/puntoapunto.com.ar\/?p=374678"},"modified":"2025-07-04T03:02:43","modified_gmt":"2025-07-04T03:02:43","slug":"pendola-defendio-a-los-colegios-profesionales-y-critico-la-desregulacion-no-somos-el-problema-somos-la-solucion","status":"publish","type":"post","link":"http:\/\/nuevacordoba.net\/index.php\/2025\/07\/04\/pendola-defendio-a-los-colegios-profesionales-y-critico-la-desregulacion-no-somos-el-problema-somos-la-solucion\/","title":{"rendered":"P\u00e9ndola defendi\u00f3 a los colegios profesionales y critic\u00f3 la desregulaci\u00f3n: \u201cNo somos el problema, somos la soluci\u00f3n\u201d"},"content":{"rendered":"<p>&nbsp;<!-- \u00a1O bien no hay banners, estan desactivados o no estan programados para esta ubicaci\u00f3n! -->\n<\/p>\n<p><strong>El titular del Colegio Profesional de Inmobiliarios (<a href=\"https:\/\/cpicordoba.org.ar\/\">CPI<\/a>), Lucas P\u00e9ndolas, sali\u00f3 al cruce del proyecto de desregulaci\u00f3n de los colegios profesionales impulsado por sectores libertarios.<\/strong>&nbsp;En una intervenci\u00f3n p\u00fablica, defendi\u00f3 con \u00e9nfasis el sistema actual de matriculaci\u00f3n, la formaci\u00f3n permanente y el rol disciplinario de estas entidades. \u201cCreer que somos parte del problema es desconocer por qu\u00e9 existen los colegios profesionales\u201d, afirm\u00f3.\n<\/p>\n<p>P\u00e9ndolas consider\u00f3 \u201cuna locura\u201d la propuesta de un registro \u00fanico nacional para todas las profesiones, sin control de idoneidad ni respaldo institucional. Cuestion\u00f3 la idea de que el mercado pueda autoregularse y proteger a los consumidores. \u201c<strong>\u00bfTe atender\u00edas con alguien que no es m\u00e9dico? \u00bfA qui\u00e9n te quej\u00e1s si hay una mala praxis?\u201d,<\/strong> se pregunt\u00f3. Para el dirigente, \u201csin colegios, la justicia es la \u00fanica instancia, y eso deja al ciudadano desprotegido\u201d.\n<\/p>\n<p><iframe id=\"_ytid_37478\" width=\"480\" height=\"270\" data-origwidth=\"480\" data-origheight=\"270\" src=\"https:\/\/www.youtube.com\/embed\/AFXVAeXZ6R0?enablejsapi=1&amp;autoplay=0&amp;cc_load_policy=0&amp;cc_lang_pref=&amp;iv_load_policy=1&amp;loop=0&amp;rel=0&amp;fs=1&amp;playsinline=0&amp;autohide=2&amp;theme=dark&amp;color=red&amp;controls=1&amp;\" class=\"__youtube_prefs__ epyt-is-override no-lazyload\" title=\"YouTube player\" allow=\"fullscreen; accelerometer; autoplay; clipboard-write; encrypted-media; gyroscope; picture-in-picture\" allowfullscreen data-no-lazy=\"1\" data-skipgform_ajax_framebjll>[embedded content]<\/iframe>\n<\/p>\n<p>Las declaraciones se dieron durante una entrevista en el marco de los&nbsp;<strong>streamings empresariales organizados por Punto a Punto<\/strong>, donde P\u00e9ndolas repas\u00f3 tambi\u00e9n el aporte que hacen los corredores inmobiliarios a la sociedad. \u201cDeterminamos el precio justo, administramos consorcios, participamos en pericias judiciales. No somos una actividad comercial, somos una profesi\u00f3n con honorarios, no con comisiones\u201d, subray\u00f3.<!-- \u00a1O bien no hay banners, estan desactivados o no estan programados para esta ubicaci\u00f3n! -->\n<\/p>\n<p>El presidente del CPI tambi\u00e9n reivindic\u00f3 la formaci\u00f3n continua que ofrece el colegio, y apunt\u00f3 contra quienes creen que el t\u00edtulo universitario es suficiente. \u201cPensar que la capacitaci\u00f3n termina con el diploma es irresponsable\u201d, advirti\u00f3. Tambi\u00e9n defendi\u00f3 el costo de la matr\u00edcula, que ronda los $17.000 mensuales: \u201cEs menos que un alquiler, y te da respaldo, capacitaci\u00f3n y comunidad\u201d.<\/p>\n<p>Advirti\u00f3 que, sin regulaci\u00f3n, el mercado puede concentrarse en manos de grandes operadores capaces de \u201cdistorsionar un barrio entero en precios y en demograf\u00eda\u201d. Tambi\u00e9n destac\u00f3 el rol social del corredor: \u201cAsesoramos a personas que juntaron peso por peso durante 30 a\u00f1os para llegar a su casa. Esa operaci\u00f3n es la m\u00e1s importante de su vida. Hay que estar a la altura\u201d.\n<\/p>\n<p>En C\u00f3rdoba, afirm\u00f3, los colegios cuentan con apoyo pol\u00edtico transversal. Pero a nivel nacional, la desregulaci\u00f3n aparece como \u201cuna medida popular\u201d que, seg\u00fan P\u00e9ndolas, es en realidad \u201cpeligrosa y regresiva\u201d. Propuso cambiar el enfoque hacia un&nbsp;<strong>Ministerio de Mejora Regulatoria<\/strong>: \u201cNo se trata de eliminar normas, sino de hacerlas mejores\u201d.\n<\/p>\n<div class=\"g g-38\">\n<div class=\"g-dyn a-12 c-1\"><a class=\"gofollow\" data-track=\"MTIsMzgsMSw2MA==\" href=\"https:\/\/www.farmaciashpfarma.com.ar\/blog\/institucional\/beneficios-corporativos-en-campana-antigripal.html\" target=\"_blank\" rel=\"noopener\"><img src=\"http:\/\/nuevacordoba.net\/wp-content\/uploads\/2025\/07\/pendola-defendio-a-los-colegios-profesionales-y-critico-la-desregulacion-no-somos-el-problema-somos-la-solucion.gif\" loading=\"lazy\"><\/a><\/div>\n<\/div>\n","protected":false},"excerpt":{"rendered":"<p>&nbsp; El titular del Colegio Profesional de Inmobiliarios (CPI), Lucas P\u00e9ndolas, sali\u00f3 al cruce del proyecto de desregulaci\u00f3n de los colegios profesionales impulsado por sectores libertarios.&nbsp;En una intervenci\u00f3n p\u00fablica, defendi\u00f3 con \u00e9nfasis el sistema actual de matriculaci\u00f3n, la formaci\u00f3n permanente y el rol disciplinario de estas entidades. \u201cCreer que somos parte del problema es desconocer [&hellip;]<\/p>\n","protected":false},"author":1,"featured_media":61245,"comment_status":"open","ping_status":"closed","sticky":false,"template":"","format":"standard","meta":[],"categories":[14],"tags":[],"_links":{"self":[{"href":"http:\/\/nuevacordoba.net\/index.php\/wp-json\/wp\/v2\/posts\/61244"}],"collection":[{"href":"http:\/\/nuevacordoba.net\/index.php\/wp-json\/wp\/v2\/posts"}],"about":[{"href":"http:\/\/nuevacordoba.net\/index.php\/wp-json\/wp\/v2\/types\/post"}],"author":[{"embeddable":true,"href":"http:\/\/nuevacordoba.net\/index.php\/wp-json\/wp\/v2\/users\/1"}],"replies":[{"embeddable":true,"href":"http:\/\/nuevacordoba.net\/index.php\/wp-json\/wp\/v2\/comments?post=61244"}],"version-history":[{"count":0,"href":"http:\/\/nuevacordoba.net\/index.php\/wp-json\/wp\/v2\/posts\/61244\/revisions"}],"wp:featuredmedia":[{"embeddable":true,"href":"http:\/\/nuevacordoba.net\/index.php\/wp-json\/wp\/v2\/media\/61245"}],"wp:attachment":[{"href":"http:\/\/nuevacordoba.net\/index.php\/wp-json\/wp\/v2\/media?parent=61244"}],"wp:term":[{"taxonomy":"category","embeddable":true,"href":"http:\/\/nuevacordoba.net\/index.php\/wp-json\/wp\/v2\/categories?post=61244"},{"taxonomy":"post_tag","embeddable":true,"href":"http:\/\/nuevacordoba.net\/index.php\/wp-json\/wp\/v2\/tags?post=61244"}],"curies":[{"name":"wp","href":"https:\/\/api.w.org\/{rel}","templated":true}]}}