{"id":61470,"date":"2025-07-08T15:58:41","date_gmt":"2025-07-08T15:58:41","guid":{"rendered":"http:\/\/cordobanewsnet.wordpress.com\/?p=13055"},"modified":"2025-07-08T15:58:41","modified_gmt":"2025-07-08T15:58:41","slug":"informaron-como-sera-el-esquema-de-servicios-para-el-feriado-del-miercoles","status":"publish","type":"post","link":"http:\/\/nuevacordoba.net\/index.php\/2025\/07\/08\/informaron-como-sera-el-esquema-de-servicios-para-el-feriado-del-miercoles\/","title":{"rendered":"Informaron c\u00f3mo ser\u00e1 el esquema de servicios para el feriado del mi\u00e9rcoles"},"content":{"rendered":"<p>Transporte, recolecci\u00f3n de residuos y atenci\u00f3n en dependencias sufrir\u00e1n modificaciones.<\/p>\n<p>Con motivo del&nbsp;<strong>feriado nacional por el D\u00eda de la Independencia<\/strong>, la&nbsp;<strong>Municipalidad de C\u00f3rdoba<\/strong>&nbsp;inform\u00f3 c\u00f3mo funcionar\u00e1n los distintos&nbsp;<strong>servicios este mi\u00e9rcoles 9 de julio<\/strong>. La jornada contar\u00e1 con un esquema especial que afectar\u00e1 al transporte, la recolecci\u00f3n de residuos, el estacionamiento y la atenci\u00f3n en dependencias p\u00fablicas.<\/p>\n<p>El&nbsp;<strong>Transporte Urbano de Pasajeros<\/strong>&nbsp;operar\u00e1 con&nbsp;<strong>frecuencia de d\u00eda domingo<\/strong>, por lo que se recomienda a los usuarios planificar sus viajes con anticipaci\u00f3n.<\/p>\n<p>En tanto,&nbsp;<strong>no habr\u00e1 recolecci\u00f3n domiciliaria de residuos<\/strong>, por lo que se solicita a los vecinos evitar sacar la basura para colaborar con la higiene urbana.<\/p>\n<p>El&nbsp;<strong>Sistema de Estacionamiento Medido Municipal (SEMM) y el Estacionamiento Controlado ser\u00e1n gratuitos<\/strong>, \u00fanicamente en los lugares permitidos. Se recuerda a los automovilistas respetar las zonas habilitadas para evitar multas.<\/p>\n<p>Las plantas de&nbsp;<strong>Inspecci\u00f3n T\u00e9cnica Vehicular<\/strong>&nbsp;estar\u00e1n&nbsp;<strong>cerradas<\/strong>&nbsp;durante toda la jornada, al igual que el&nbsp;<strong>Palacio 6 de Julio, los Centros de Participaci\u00f3n Comunal (CPC) y el resto de las dependencias municipales.<\/strong><\/p>\n<p>Por otra parte, los&nbsp;<strong>cementerios San Jer\u00f3nimo y San Vicente<\/strong>&nbsp;permanecer\u00e1n abiertos&nbsp;<strong>de 8 a 18 horas<\/strong>, para quienes deseen visitarlos.<\/p>\n<p>Desde el municipio recomendaron a la ciudadan\u00eda consultar los canales oficiales ante cualquier duda y recordaron la importancia de mantener el orden y el respeto en los espacios p\u00fablicos durante la jornada patria.<\/p>\n<figure class=\"wp-block-image size-large\"><img loading=\"lazy\" data-attachment-id=\"13056\" data-permalink=\"https:\/\/cordobanewsnet.wordpress.com\/2025\/07\/08\/informaron-como-sera-el-esquema-de-servicios-para-el-feriado-del-miercoles\/image-728\/\" data-orig-file=\"http:\/\/nuevacordoba.net\/wp-content\/uploads\/2025\/07\/informaron-como-sera-el-esquema-de-servicios-para-el-feriado-del-miercoles-4.png\" data-orig-size=\"1920,1080\" data-comments-opened=\"1\" data-image-meta=\"{&quot;aperture&quot;:&quot;0&quot;,&quot;credit&quot;:&quot;&quot;,&quot;camera&quot;:&quot;&quot;,&quot;caption&quot;:&quot;&quot;,&quot;created_timestamp&quot;:&quot;0&quot;,&quot;copyright&quot;:&quot;&quot;,&quot;focal_length&quot;:&quot;0&quot;,&quot;iso&quot;:&quot;0&quot;,&quot;shutter_speed&quot;:&quot;0&quot;,&quot;title&quot;:&quot;&quot;,&quot;orientation&quot;:&quot;0&quot;}\" data-image-title=\"image\" data-image-description data-image-caption data-medium-file=\"http:\/\/nuevacordoba.net\/wp-content\/uploads\/2025\/07\/informaron-como-sera-el-esquema-de-servicios-para-el-feriado-del-miercoles-2.png\" data-large-file=\"http:\/\/nuevacordoba.net\/wp-content\/uploads\/2025\/07\/informaron-como-sera-el-esquema-de-servicios-para-el-feriado-del-miercoles-4.png?w=736\" width=\"1024\" height=\"576\" src=\"http:\/\/nuevacordoba.net\/wp-content\/uploads\/2025\/07\/informaron-como-sera-el-esquema-de-servicios-para-el-feriado-del-miercoles.png\" alt class=\"wp-image-13056\" srcset=\"http:\/\/nuevacordoba.net\/wp-content\/uploads\/2025\/07\/informaron-como-sera-el-esquema-de-servicios-para-el-feriado-del-miercoles.png 1024w, http:\/\/nuevacordoba.net\/wp-content\/uploads\/2025\/07\/informaron-como-sera-el-esquema-de-servicios-para-el-feriado-del-miercoles-1.png 150w, http:\/\/nuevacordoba.net\/wp-content\/uploads\/2025\/07\/informaron-como-sera-el-esquema-de-servicios-para-el-feriado-del-miercoles-2.png 300w, http:\/\/nuevacordoba.net\/wp-content\/uploads\/2025\/07\/informaron-como-sera-el-esquema-de-servicios-para-el-feriado-del-miercoles-3.png 768w, http:\/\/nuevacordoba.net\/wp-content\/uploads\/2025\/07\/informaron-como-sera-el-esquema-de-servicios-para-el-feriado-del-miercoles-4.png 1920w\" sizes=\"(max-width: 1024px) 100vw, 1024px\"><\/figure>\n<p>Fuente : Hoy D\u00eda C\u00f3rdoba Argentina<\/p>\n<p><span id=\"wordads-inline-marker\"><\/span><\/p>\n<div id=\"jp-post-flair\" class=\"sharedaddy sd-like-enabled sd-sharing-enabled\">\n<div class=\"sharedaddy sd-sharing-enabled\">\n<div class=\"robots-nocontent sd-block sd-social sd-social-icon-text sd-sharing\">\n<h3 class=\"sd-title\">Comparte esto:<\/h3>\n<\/div>\n<\/div>\n<div class=\"sharedaddy sd-block sd-like jetpack-likes-widget-wrapper jetpack-likes-widget-unloaded\" id=\"like-post-wrapper-143108178-13055-686dc09df187d\" data-src=\"\/\/widgets.wp.com\/likes\/index.html?ver=20250709#blog_id=143108178&amp;post_id=13055&amp;origin=cordobanewsnet.wordpress.com&amp;obj_id=143108178-13055-686dc09df187d\" data-name=\"like-post-frame-143108178-13055-686dc09df187d\" data-title=\"Me gusta o Compartir\">\n<p><span class=\"button\"><span>Me gusta<\/span><\/span> <span class=\"loading\">Cargando&#8230;<\/span><\/p>\n<p><span class=\"sd-text-color\"><\/span><\/div>\n<p><h3 class=\"jp-relatedposts-headline\"><em>Relacionado<\/em><\/h3>\n<\/p>\n<\/div>\n","protected":false},"excerpt":{"rendered":"<p>Transporte, recolecci\u00f3n de residuos y atenci\u00f3n en dependencias sufrir\u00e1n modificaciones. Con motivo del&nbsp;feriado nacional por el D\u00eda de la Independencia, la&nbsp;Municipalidad de C\u00f3rdoba&nbsp;inform\u00f3 c\u00f3mo funcionar\u00e1n los distintos&nbsp;servicios este mi\u00e9rcoles 9 de julio. La jornada contar\u00e1 con un esquema especial que afectar\u00e1 al transporte, la recolecci\u00f3n de residuos, el estacionamiento y la atenci\u00f3n en dependencias p\u00fablicas. [&hellip;]<\/p>\n","protected":false},"author":1,"featured_media":61471,"comment_status":"closed","ping_status":"closed","sticky":false,"template":"","format":"standard","meta":[],"categories":[14],"tags":[],"_links":{"self":[{"href":"http:\/\/nuevacordoba.net\/index.php\/wp-json\/wp\/v2\/posts\/61470"}],"collection":[{"href":"http:\/\/nuevacordoba.net\/index.php\/wp-json\/wp\/v2\/posts"}],"about":[{"href":"http:\/\/nuevacordoba.net\/index.php\/wp-json\/wp\/v2\/types\/post"}],"author":[{"embeddable":true,"href":"http:\/\/nuevacordoba.net\/index.php\/wp-json\/wp\/v2\/users\/1"}],"replies":[{"embeddable":true,"href":"http:\/\/nuevacordoba.net\/index.php\/wp-json\/wp\/v2\/comments?post=61470"}],"version-history":[{"count":0,"href":"http:\/\/nuevacordoba.net\/index.php\/wp-json\/wp\/v2\/posts\/61470\/revisions"}],"wp:featuredmedia":[{"embeddable":true,"href":"http:\/\/nuevacordoba.net\/index.php\/wp-json\/wp\/v2\/media\/61471"}],"wp:attachment":[{"href":"http:\/\/nuevacordoba.net\/index.php\/wp-json\/wp\/v2\/media?parent=61470"}],"wp:term":[{"taxonomy":"category","embeddable":true,"href":"http:\/\/nuevacordoba.net\/index.php\/wp-json\/wp\/v2\/categories?post=61470"},{"taxonomy":"post_tag","embeddable":true,"href":"http:\/\/nuevacordoba.net\/index.php\/wp-json\/wp\/v2\/tags?post=61470"}],"curies":[{"name":"wp","href":"https:\/\/api.w.org\/{rel}","templated":true}]}}