{"id":61534,"date":"2025-07-08T21:00:08","date_gmt":"2025-07-08T21:00:08","guid":{"rendered":"https:\/\/cordoba.gob.ar\/?p=79213"},"modified":"2025-07-08T21:00:08","modified_gmt":"2025-07-08T21:00:08","slug":"se-presento-el-observatorio-de-la-soledad-no-deseada-un-proyecto-que-busca-tejer-redes-para-acompanar-a-los-adultos-mayores","status":"publish","type":"post","link":"http:\/\/nuevacordoba.net\/index.php\/2025\/07\/08\/se-presento-el-observatorio-de-la-soledad-no-deseada-un-proyecto-que-busca-tejer-redes-para-acompanar-a-los-adultos-mayores\/","title":{"rendered":"Se present\u00f3 el Observatorio de la Soledad No Deseada, un proyecto que busca tejer redes para acompa\u00f1ar a los adultos mayores"},"content":{"rendered":"<div><img src=\"http:\/\/nuevacordoba.net\/wp-content\/uploads\/2025\/07\/se-presento-el-observatorio-de-la-soledad-no-deseada-un-proyecto-que-busca-tejer-redes-para-acompanar-a-los-adultos-mayores.jpg\" class=\"ff-og-image-inserted\"><\/div>\n<ul>\n<li data-prosemirror-content-type=\"node\" data-prosemirror-node-name=\"paragraph\" data-prosemirror-node-block=\"true\"><strong>La ciudad de C\u00f3rdoba es la primera en el pa\u00eds que implementa experiencias internacionales para mejorar la calidad de vida de este grupo etario.<\/strong><\/li>\n<\/ul>\n<hr>\n<p data-prosemirror-content-type=\"node\" data-prosemirror-node-name=\"paragraph\" data-prosemirror-node-block=\"true\">Los antecedentes internacionales han demostrado que la soledad no deseada afecta no solo a las personas mayores, sino tambi\u00e9n a j\u00f3venes y adultos en distintas circunstancias de vida. Se trata de un padecimiento subjetivo que muchas veces no coincide con la soledad f\u00edsica.<\/p>\n<p data-prosemirror-content-type=\"node\" data-prosemirror-node-name=\"paragraph\" data-prosemirror-node-block=\"true\">En este contexto, la Municipalidad de C\u00f3rdoba lanz\u00f3 el Observatorio de la Soledad No Deseada, el cual dise\u00f1ar\u00e1 estrategias m\u00e1s eficaces y humanas para afrontar este desaf\u00edo que crece cada d\u00eda m\u00e1s en la sociedad.<\/p>\n<p data-prosemirror-content-type=\"node\" data-prosemirror-node-name=\"paragraph\" data-prosemirror-node-block=\"true\">En el lanzamiento estuvieron presentes el viceintendente de la ciudad de C\u00f3rdoba, Javier Pretto; el secretario de Salud, Ariel Aleksandroff; el secretario de Pol\u00edticas Sociales y Desarrollo Humano, Ra\u00fal La Cava; el director ejecutivo de IPLAMU, Juan Carlos Mansilla, entre otros funcionarios.<\/p>\n<p data-prosemirror-content-type=\"node\" data-prosemirror-node-name=\"paragraph\" data-prosemirror-node-block=\"true\">Mansilla expres\u00f3: \u201cLa soledad no deseada ya viene siendo trabajada y abordada por distintas \u00e1reas de la Municipalidad, que han dado respuestas concretas. Hoy estamos entre personas que comprenden profundamente la importancia de esta iniciativa que estamos presentando\u00bb.<\/p>\n<p data-prosemirror-content-type=\"node\" data-prosemirror-node-name=\"paragraph\" data-prosemirror-node-block=\"true\">\u201cEl Observatorio busca institucionalizar los v\u00ednculos que aportan un granito de arena al trato que debemos tener con las personas, para incluir a todos los solos que no desean estarlo\u201d, fueron las palabras del viceintendente.<\/p>\n<p data-prosemirror-content-type=\"node\" data-prosemirror-node-name=\"paragraph\" data-prosemirror-node-block=\"true\">En este lineamiento, Ra\u00fal La Cava expres\u00f3: \u201cNuestro intendente tiene una capacidad humana que lo caracteriza, por eso cuando se junta la capacidad t\u00e9cnica con el coraz\u00f3n, se logran las verdaderas transformaciones que necesitamos en el Estado\u201d.<\/p>\n<p data-prosemirror-content-type=\"node\" data-prosemirror-node-name=\"paragraph\" data-prosemirror-node-block=\"true\">El programa tiene como fundamento&nbsp;recopilar datos cuantitativos y cualitativos, analizar factores de riesgo y protecci\u00f3n, evaluar la eficiencia de programas existentes, fomentar redes de contenci\u00f3n y participaci\u00f3n comunitaria. La ciudad de C\u00f3rdoba se convierte en la primera del pa\u00eds en implementar estas experiencias internacionales.<\/p>\n<p data-prosemirror-content-type=\"node\" data-prosemirror-node-name=\"paragraph\" data-prosemirror-node-block=\"true\">\u201cEl Observatorio nos va a permitir hacer un estado de situaci\u00f3n. Necesitamos de las estad\u00edsticas para llegar a m\u00e1s personas, a determinar pol\u00edticas p\u00fablicas y medir su efectividad. Es visibilizarlo y tender una mano a quien m\u00e1s lo necesita\u201d puntualiz\u00f3 el secretario de Salud al referirse sobre la importancia del programa.<\/p>\n<p data-prosemirror-content-type=\"node\" data-prosemirror-node-name=\"paragraph\" data-prosemirror-node-block=\"true\">Este programa es un trabajo en conjunto de la Secretar\u00eda de Salud, la Secretar\u00eda de Pol\u00edticas Sociales y Desarrollo Humano, el Instituto de Planificaci\u00f3n Municipal, la Pnud (Naciones unidas) y la Universidad Nacional de C\u00f3rdoba.<\/p>\n<p data-prosemirror-content-type=\"node\" data-prosemirror-node-name=\"paragraph\" data-prosemirror-node-block=\"true\"><strong data-prosemirror-content-type=\"mark\" data-prosemirror-mark-name=\"strong\">Sobre la soledad no deseada<\/strong><\/p>\n<p data-prosemirror-content-type=\"node\" data-prosemirror-node-name=\"paragraph\" data-prosemirror-node-block=\"true\">La soledad no deseada se reconoce como un problema complejo y multifactorial, con impactos significativos en la salud mental, f\u00edsica y en la calidad de vida de las personas: no es una simple falta de compa\u00f1\u00eda, sino una experiencia profunda de desconexi\u00f3n emocional, afectiva y social.<\/p>\n<p data-prosemirror-content-type=\"node\" data-prosemirror-node-name=\"paragraph\" data-prosemirror-node-block=\"true\">Las investigaciones m\u00e1s recientes muestran que se relaciona con factores como la falta de v\u00ednculos significativos, el debilitamiento de las redes de apoyo, el aislamiento residencial o digital, y distintas formas de exclusi\u00f3n social.<\/p>\n","protected":false},"excerpt":{"rendered":"<p>La ciudad de C\u00f3rdoba es la primera en el pa\u00eds que implementa experiencias internacionales para mejorar la calidad de vida de este grupo etario. Los antecedentes internacionales han demostrado que la soledad no deseada afecta no solo a las personas mayores, sino tambi\u00e9n a j\u00f3venes y adultos en distintas circunstancias de vida. Se trata de [&hellip;]<\/p>\n","protected":false},"author":1,"featured_media":61535,"comment_status":"closed","ping_status":"closed","sticky":false,"template":"","format":"standard","meta":[],"categories":[14],"tags":[],"_links":{"self":[{"href":"http:\/\/nuevacordoba.net\/index.php\/wp-json\/wp\/v2\/posts\/61534"}],"collection":[{"href":"http:\/\/nuevacordoba.net\/index.php\/wp-json\/wp\/v2\/posts"}],"about":[{"href":"http:\/\/nuevacordoba.net\/index.php\/wp-json\/wp\/v2\/types\/post"}],"author":[{"embeddable":true,"href":"http:\/\/nuevacordoba.net\/index.php\/wp-json\/wp\/v2\/users\/1"}],"replies":[{"embeddable":true,"href":"http:\/\/nuevacordoba.net\/index.php\/wp-json\/wp\/v2\/comments?post=61534"}],"version-history":[{"count":0,"href":"http:\/\/nuevacordoba.net\/index.php\/wp-json\/wp\/v2\/posts\/61534\/revisions"}],"wp:featuredmedia":[{"embeddable":true,"href":"http:\/\/nuevacordoba.net\/index.php\/wp-json\/wp\/v2\/media\/61535"}],"wp:attachment":[{"href":"http:\/\/nuevacordoba.net\/index.php\/wp-json\/wp\/v2\/media?parent=61534"}],"wp:term":[{"taxonomy":"category","embeddable":true,"href":"http:\/\/nuevacordoba.net\/index.php\/wp-json\/wp\/v2\/categories?post=61534"},{"taxonomy":"post_tag","embeddable":true,"href":"http:\/\/nuevacordoba.net\/index.php\/wp-json\/wp\/v2\/tags?post=61534"}],"curies":[{"name":"wp","href":"https:\/\/api.w.org\/{rel}","templated":true}]}}