{"id":61536,"date":"2025-07-08T21:15:30","date_gmt":"2025-07-08T21:15:30","guid":{"rendered":"https:\/\/www.ole.com.ar\/autos\/franco-colapinto-responsbilidad-domingo-problema-alpine_0_fPRWup0tFz.html"},"modified":"2025-07-08T21:15:30","modified_gmt":"2025-07-08T21:15:30","slug":"confirmado-el-motivo-por-el-cual-no-anduvo-el-alpine-de-franco-colapinto-sin-responsabilidad-del-piloto","status":"publish","type":"post","link":"http:\/\/nuevacordoba.net\/index.php\/2025\/07\/08\/confirmado-el-motivo-por-el-cual-no-anduvo-el-alpine-de-franco-colapinto-sin-responsabilidad-del-piloto\/","title":{"rendered":"Confirmado: el motivo por el cual no anduvo el Alpine de Franco Colapinto, sin responsabilidad del piloto"},"content":{"rendered":"<p><span class=\"createDate\">08\/07\/2025 18:15hs.<\/span><time class=\"modificatedDate\" datetime=\"2025-07-08T19:34:34-03:00\"> Actualizado al 08\/07\/2025 19:34hs.<\/time><\/p>\n<div id=\"storyBody\">\n<div class=\"custom-text \" readability=\"40.311557788945\">\n<p>Todo lo que rodea a <strong><a href=\"https:\/\/www.ole.com.ar\/tema\/franco-colapinto.html\" title=\"Franco Colapinto\" alt=\"Franco Colapinto\" class=\"slug\">Franco Colapinto<\/a><\/strong> se potencia \u00faltimamente, con especulaciones de todos los colores en cuanto a que su butaca, evidentemente, seduce. Es verdad que al argentino no le est\u00e1n saliendo las cosas como s\u00ed al principio de la temporada anterior, en Williams, pero tambi\u00e9n que el <strong>Alpine <\/strong>no lo ayuda. Sin embargo, responsabilizarlo de lo sucedido el domingo, ya es algo bastante osado.<\/p>\n<\/div>\n<div class=\"custom-text \" readability=\"43\">\n<p>Esa versi\u00f3n surgi\u00f3 a partir del medio Racing News 365, con una publicaci\u00f3n de un periodista que afirmaba: \u00abEscuch\u00e9 rumores en el paddock de que <strong>Colapinto quem\u00f3 el embrague<\/strong>. Y que lo hizo por segunda vez esta temporada\u00bb. La \u00abacusaci\u00f3n\u00bb alud\u00eda, adem\u00e1s, a un problema similar que le sucedi\u00f3 al A525 en la qualy de Barcelona, cuando el argentino quer\u00eda salir de los pits para buscar una vuelta r\u00e1pida que lo dejara en la Q2, pero no pudo poner primera y mover el auto. \u00abFue un problema de transmisi\u00f3n\u00bb, aclar\u00f3 el equipo, que decidi\u00f3 cambiar la caja de cambios, algo permitido y que no gener\u00f3 penalizaciones. <\/p>\n<\/div>\n<div class=\"custom-text \" readability=\"43\">\n<p>Esta vez, el problema no fue en la clasificaci\u00f3n, sino luego de la vuelta previa,<strong> con lo cual Fran ni siquiera pudo mover el auto para correr el GP de Silverstone<\/strong>. Luego del llamado para calzar neum\u00e1ticos duros y cambiar los que llevaba, intermedios para lluvia, Colapinto llev\u00f3 el Alpine al box pero, luego de que los mec\u00e1nicos le colocaran las gomas blandas, no pudo mover el monoplaza, de nuevo.<\/p>\n<\/div>\n<div class=\"sc-e7b891c4-0 ifHnQL image-embed\"><img alt=\"Franco Colapinto respondiendo a la prensa en Silverstone.\" loading=\"lazy\" width=\"720\" height=\"100\" decoding=\"async\" data-nimg=\"1\" src=\"http:\/\/nuevacordoba.net\/wp-content\/uploads\/2025\/07\/confirmado-el-motivo-por-el-cual-no-anduvo-el-alpine-de-franco-colapinto-sin-responsabilidad-del-piloto.jpg\"><span class=\"epigraphe\">Franco Colapinto respondiendo a la prensa en Silverstone.<\/span><\/div>\n<div class=\"custom-text \" readability=\"38\">\n<p>La primera informaci\u00f3n surgi\u00f3 de la FIA, en cuanto a que se le hab\u00eda trabado la segunda marcha. En comunicaci\u00f3n con <strong>Ol\u00e9<\/strong>, desde Alpine se dijo este martes: \u00abFue un problema de transmisi\u00f3n lo que le imped\u00eda a Franco salir de boxes\u00bb. En cuanto a la publicaci\u00f3n sobre que hab\u00eda quemado el embrague, se agreg\u00f3: \u00abCualquier otra informaci\u00f3n reportada es solo especulaci\u00f3n\u00bb.<\/p>\n<\/div>\n<div class=\"custom-text \">\n<blockquote><p>Fue un problema de transmisi\u00f3n lo que le imped\u00eda a Franco salir de boxes.<\/p><\/blockquote>\n<\/div>\n<div class=\"sc-e7b891c4-0 ifHnQL image-embed\"><img alt=\"El trompo de Colapinto que Briatore no pudo creer. Despu\u00e9s lo banc\u00f3.\" loading=\"lazy\" width=\"720\" height=\"100\" decoding=\"async\" data-nimg=\"1\" src=\"http:\/\/nuevacordoba.net\/wp-content\/uploads\/2025\/07\/confirmado-el-motivo-por-el-cual-no-anduvo-el-alpine-de-franco-colapinto-sin-responsabilidad-del-piloto-1.jpg\"><span class=\"epigraphe\">El trompo de Colapinto que Briatore no pudo creer. Despu\u00e9s lo banc\u00f3.<\/span><\/div>\n<div class=\"custom-text \" readability=\"36\">\n<p>Tambi\u00e9n se pregunt\u00f3 espec\u00edficamente sobre la supuesta responsabilidad del piloto, obteniendo como respuesta: \u00abLa causa no ser\u00eda algo que abordar\u00edamos en ninguna situaci\u00f3n, s\u00ed o no. <strong>Solo que era un problema de transmisi\u00f3n<\/strong>\u00ab.<\/p>\n<\/div>\n<p><h2>La situaci\u00f3n de Franco Colapinto en Alpine<\/h2>\n<\/p>\n<div class=\"custom-text \" readability=\"43\">\n<p>Luego de un fin de semana agitado, no solo por el mal funcionamiento del coche el domingo, el trompo del s\u00e1bado que lo sac\u00f3 de la qualy (eso s\u00ed fue un error de Colapinto) sino por las declaraciones de <strong>Toto Wolff y Valtteri Bottas<\/strong>, jefe y reserva de Mercedes, admitiendo el inter\u00e9s de <strong>Flavio Briatore<\/strong> por el finland\u00e9s, la escuder\u00eda decidi\u00f3 salir con sus ca\u00f1ones virtuales a apoyar a su dupla. \u00abLa unidad hace la fuerza. Sigamos trabajando juntos, concentrados, que las buenas van a venir\u00bb, les dedic\u00f3 con una foto en los que se ve a Pierre Gasly y Colapinto en la sede de Enstone hoy. <\/p>\n<\/div>\n<div class=\"custom-text \" readability=\"35\">\n<p>Despu\u00e9s del problema del domingo, tambi\u00e9n hab\u00eda hecho lo mismo: \u00abCon vos en cada paso del camino, @francolapinto\u00bb. <\/p>\n<\/div>\n<div class=\"sc-e7b891c4-0 ifHnQL image-embed\"><img alt=\"Franco Colapinto en boxes, el domingo, con el auto retirado.\" loading=\"lazy\" width=\"720\" height=\"100\" decoding=\"async\" data-nimg=\"1\" src=\"http:\/\/nuevacordoba.net\/wp-content\/uploads\/2025\/07\/confirmado-el-motivo-por-el-cual-no-anduvo-el-alpine-de-franco-colapinto-sin-responsabilidad-del-piloto-2.jpg\"><span class=\"epigraphe\">Franco Colapinto en boxes, el domingo, con el auto retirado.<\/span><\/div>\n<div class=\"custom-text \" readability=\"41\">\n<p>Evidentemente, hay una suerte de \u00abdejemos tranquilo a Franco\u00bb, ya que el propio Briatore, mandam\u00e1s del equipo, al ser consultado sobre la posibilidad de que Bottas reemplace al argentino, dijo: \u00abNo tengo ninguna informaci\u00f3n al respecto. Absolutamente no. <strong>Ahora mismo tenemos a nuestros muchachos<\/strong>. Si llegamos a cambiar, te lo dir\u00e9\u00bb.<\/p>\n<\/div>\n<div class=\"sc-a7166897-0 eoLsBE\" readability=\"6.5\">\n<section readability=\"3\"><picture><img alt=\"La F\u00f3rmula 1 le pregunt\u00f3 a Valtteri Bottas por su futuro: &quot;Se te vincul\u00f3 con Alpine...&quot;\" loading=\"lazy\" width=\"290\" height=\"290\" decoding=\"async\" data-nimg=\"1\" src=\"http:\/\/nuevacordoba.net\/wp-content\/uploads\/2025\/07\/confirmado-el-motivo-por-el-cual-no-anduvo-el-alpine-de-franco-colapinto-sin-responsabilidad-del-piloto-3.jpg\"><\/picture>\n<p><span>Mir\u00e1 tambi\u00e9n<\/span><\/p>\n<hr>\n<h3>La F\u00f3rmula 1 le pregunt\u00f3 a Valtteri Bottas por su futuro: \u00abSe te vincul\u00f3 con Alpine&#8230;\u00bb<\/h3>\n<\/p>\n<\/section>\n<\/div>\n<div class=\"sc-a7166897-0 eoLsBE\" readability=\"6\">\n<section readability=\"2\"><picture><img alt=\"El sugerente posteo del pap\u00e1 de Franco Colapinto luego del GP de Gran Breta\u00f1a\" loading=\"lazy\" width=\"290\" height=\"290\" decoding=\"async\" data-nimg=\"1\" src=\"http:\/\/nuevacordoba.net\/wp-content\/uploads\/2025\/07\/confirmado-el-motivo-por-el-cual-no-anduvo-el-alpine-de-franco-colapinto-sin-responsabilidad-del-piloto-4.jpg\"><\/picture>\n<p><span>Mir\u00e1 tambi\u00e9n<\/span><\/p>\n<hr>\n<h3>El sugerente posteo del pap\u00e1 de Franco Colapinto luego del GP de Gran Breta\u00f1a<\/h3>\n<\/p>\n<\/section>\n<\/div>\n<div class=\"sc-a7166897-0 eoLsBE\" readability=\"6\">\n<section readability=\"2\"><picture><img alt=\"Gasly banc\u00f3 a Colapinto tras su accidentado fin de semana en Silverstone\" loading=\"lazy\" width=\"290\" height=\"290\" decoding=\"async\" data-nimg=\"1\" src=\"http:\/\/nuevacordoba.net\/wp-content\/uploads\/2025\/07\/confirmado-el-motivo-por-el-cual-no-anduvo-el-alpine-de-franco-colapinto-sin-responsabilidad-del-piloto-5.jpg\"><\/picture>\n<p><span>Mir\u00e1 tambi\u00e9n<\/span><\/p>\n<hr>\n<h3>Gasly banc\u00f3 a Colapinto tras su accidentado fin de semana en Silverstone<\/h3>\n<\/p>\n<\/section>\n<\/div>\n<\/div>\n","protected":false},"excerpt":{"rendered":"<p>08\/07\/2025 18:15hs. Actualizado al 08\/07\/2025 19:34hs. Todo lo que rodea a Franco Colapinto se potencia \u00faltimamente, con especulaciones de todos los colores en cuanto a que su butaca, evidentemente, seduce. Es verdad que al argentino no le est\u00e1n saliendo las cosas como s\u00ed al principio de la temporada anterior, en Williams, pero tambi\u00e9n que el [&hellip;]<\/p>\n","protected":false},"author":1,"featured_media":61537,"comment_status":"closed","ping_status":"closed","sticky":false,"template":"","format":"standard","meta":[],"categories":[10],"tags":[],"_links":{"self":[{"href":"http:\/\/nuevacordoba.net\/index.php\/wp-json\/wp\/v2\/posts\/61536"}],"collection":[{"href":"http:\/\/nuevacordoba.net\/index.php\/wp-json\/wp\/v2\/posts"}],"about":[{"href":"http:\/\/nuevacordoba.net\/index.php\/wp-json\/wp\/v2\/types\/post"}],"author":[{"embeddable":true,"href":"http:\/\/nuevacordoba.net\/index.php\/wp-json\/wp\/v2\/users\/1"}],"replies":[{"embeddable":true,"href":"http:\/\/nuevacordoba.net\/index.php\/wp-json\/wp\/v2\/comments?post=61536"}],"version-history":[{"count":0,"href":"http:\/\/nuevacordoba.net\/index.php\/wp-json\/wp\/v2\/posts\/61536\/revisions"}],"wp:featuredmedia":[{"embeddable":true,"href":"http:\/\/nuevacordoba.net\/index.php\/wp-json\/wp\/v2\/media\/61537"}],"wp:attachment":[{"href":"http:\/\/nuevacordoba.net\/index.php\/wp-json\/wp\/v2\/media?parent=61536"}],"wp:term":[{"taxonomy":"category","embeddable":true,"href":"http:\/\/nuevacordoba.net\/index.php\/wp-json\/wp\/v2\/categories?post=61536"},{"taxonomy":"post_tag","embeddable":true,"href":"http:\/\/nuevacordoba.net\/index.php\/wp-json\/wp\/v2\/tags?post=61536"}],"curies":[{"name":"wp","href":"https:\/\/api.w.org\/{rel}","templated":true}]}}