{"id":61538,"date":"2025-07-08T23:44:57","date_gmt":"2025-07-08T23:44:57","guid":{"rendered":"https:\/\/www.ole.com.ar\/futbol-ascenso\/ascenso-deportivo-madryn-primera-nacional-copa-argentina_0_joLkK8mnLp.html"},"modified":"2025-07-08T23:44:57","modified_gmt":"2025-07-08T23:44:57","slug":"deportivo-madryn-del-sueno-de-ser-sede-de-copa-argentina-a-la-gran-campana-en-el-nacional","status":"publish","type":"post","link":"http:\/\/nuevacordoba.net\/index.php\/2025\/07\/08\/deportivo-madryn-del-sueno-de-ser-sede-de-copa-argentina-a-la-gran-campana-en-el-nacional\/","title":{"rendered":"Deportivo Madryn: del sue\u00f1o de ser sede de Copa Argentina a la gran campa\u00f1a en el Nacional"},"content":{"rendered":"<p><time class=\"createDate\" datetime=\"2025-07-08T20:44:57-03:00\">08\/07\/2025 20:44hs.<\/time><\/p>\n<div id=\"storyBody\">\n<div class=\"custom-text \" readability=\"32.519637462236\">\n<p><a href=\"https:\/\/www.ole.com.ar\/tema\/deportivo-madryn.html\" title=\"Deportivo Madryn\" alt=\"Deportivo Madryn\" class=\"slug\">Deportivo Madryn<\/a> est\u00e1 en su mejor momento. Dentro del Reducido de la Zona A de la <a href=\"https:\/\/www.ole.com.ar\/tema\/primera-nacional.html\" title=\"Primera Nacional\" alt=\"Primera Nacional\" class=\"slug\">Primera Nacional<\/a> y con una larga racha de partidos sin conocer la derrota, <strong>se posiciona como uno de los clubes con mayor crecimiento y fortaleza de la categor\u00eda<\/strong>. Algo que viene haciendo bien desde hace rato y que <strong>va m\u00e1s all\u00e1 de lo futbol\u00edstico.<\/strong><\/p>\n<\/div>\n<div class=\"custom-text \" readability=\"41\">\n<p>Claro, es que, el Aurinegro se puso manos a la obra para mejorar toda la infraestructura del club, construyendo un polideportivo compuesto por <strong>el gimnasio de b\u00e1squet m\u00e1s moderno de la Patagonia<\/strong>, un reducto m\u00e1s peque\u00f1o que alberga futsal, pat\u00edn, newcom y f\u00fatbol infantil; una cancha de c\u00e9sped sint\u00e9tico para las categor\u00edas formativas de f\u00fatbol; <strong>una nueva cancha auxiliar de c\u00e9sped natural para que el entrenamiento del plantel profesional.<\/strong><\/p>\n<\/div>\n<div class=\"sc-e7b891c4-0 ifHnQL image-embed\"><img alt=\"El Estadio Abel Sastre desde arriba.\" loading=\"lazy\" width=\"720\" height=\"100\" decoding=\"async\" data-nimg=\"1\" src=\"http:\/\/nuevacordoba.net\/wp-content\/uploads\/2025\/07\/deportivo-madryn-del-sueno-de-ser-sede-de-copa-argentina-a-la-gran-campana-en-el-nacional.jpg\"><span class=\"epigraphe\">El Estadio Abel Sastre desde arriba.<\/span><\/div>\n<div class=\"custom-text \" readability=\"40\">\n<p>Por otro lado, <strong>el Estadio Abel Sastre<\/strong>, casa del conjunto de Puerto Madryn, <strong>fue otro que sufri\u00f3 cambios<\/strong>: se construyeron y colocaron nuevas tribunas que <strong>extendieron la capacidad m\u00e1xima hasta los 25.000 espectadores<\/strong>. Adem\u00e1s, el club ya hab\u00eda inaugurado un nuevo sistema de iluminaci\u00f3n, con cuatro torres de luz en las esquinas del campo de juego.<\/p>\n<\/div>\n<p><h2><strong>El sue\u00f1o de ser sede en la Copa Argentina<\/strong><\/h2>\n<\/p>\n<div class=\"custom-text \" readability=\"37.19801980198\">\n<p>Esta serie de mejoras en el complejo deportivo le abre una puerta de oportunidades al club, que <strong>buscar\u00e1 ser sede de distintos partidos de la <a href=\"https:\/\/www.ole.com.ar\/tema\/copa-argentina.html\" title=\"Copa Argentina\" alt=\"Copa Argentina\" class=\"slug\">Copa Argentina<\/a><\/strong>. Adem\u00e1s, podr\u00e1 recibir a distintos clubes para disputar amistosos y para que, tambi\u00e9n, distintos equipos puedan realizar all\u00ed la pretemporada.<\/p>\n<\/div>\n<div class=\"custom-text \" readability=\"39\">\n<p>Ricardo Sastre habl\u00f3 sobre esta posibilidad y lo que beneficiar\u00eda al turismo en la provinicia: \u201cLos que nos conocen, saben de nuestro amor por esta ciudad, y <strong>todos so\u00f1amos con tener un partido al menos de Copa Argentina en Puerto Madryn<\/strong>, porque eso nos seguir\u00eda potenciando como destino tur\u00edstico, como sede de grandes eventos\u00bb.<\/p>\n<\/div>\n<div class=\"custom-text \" readability=\"35.650485436893\">\n<p>\u00abTambi\u00e9n aportar\u00e1 a los proyectos de Turismo Deportivo que la ciudad tiene para implementar en el corto y mediano plazos. <strong><a href=\"https:\/\/www.ole.com.ar\/tema\/afa.html\" title=\"afa\" alt=\"afa\" class=\"slug\">AFA<\/a> promueve much\u00edsimo que estos torneos se jueguen en las provincias del Interior<\/strong> para descentralizar el f\u00fatbol y seguir potenciando esa mirada federal de nuestro deporte\u201d, cerr\u00f3.<\/p>\n<\/div>\n<div class=\"sc-e7b891c4-0 ifHnQL image-embed\"><img alt=\"Ricardo Sastre y Claudio Tapia, en el estadio Abel Sastre de Deportivo Madryn.\" loading=\"lazy\" width=\"720\" height=\"100\" decoding=\"async\" data-nimg=\"1\" src=\"http:\/\/nuevacordoba.net\/wp-content\/uploads\/2025\/07\/deportivo-madryn-del-sueno-de-ser-sede-de-copa-argentina-a-la-gran-campana-en-el-nacional-1.jpg\"><span class=\"epigraphe\">Ricardo Sastre y Claudio Tapia, en el estadio Abel Sastre de Deportivo Madryn.<\/span><\/div>\n<p><h2><strong>La campa\u00f1a de Deportivo Madryn en este 2025<\/strong><\/h2>\n<\/p>\n<div class=\"custom-text \" readability=\"37\">\n<p>No hace falta decir que el <strong>Aurinegro est\u00e1 siendo uno de los protagonistas<\/strong> dentro de la Primera Nacional. S\u00ed, lleva jugados 20 partidos -a espera de jugar el suspendido contra Quilmes-, de los cuales gan\u00f3 siete, empat\u00f3 nueve y perdi\u00f3 apenas cuatro cotejos. Nada mal.<\/p>\n<\/div>\n<div class=\"custom-text \" readability=\"33\">\n<p>Se ubica sexto con 30 unidades en los puestos del Reducido de la Zona A y avanza a paso firme de la mano de Leandro Graci\u00e1n y con intenciones de seguir por este buen presente. <strong>\u00bfLo mantendr\u00e1?<\/strong><\/p>\n<\/div>\n<div class=\"sc-e7b891c4-0 ifHnQL image-embed\"><img alt=\"Leandro Graci\u00e1n, DT del Aurinegro.\" loading=\"lazy\" width=\"720\" height=\"100\" decoding=\"async\" data-nimg=\"1\" src=\"http:\/\/nuevacordoba.net\/wp-content\/uploads\/2025\/07\/deportivo-madryn-del-sueno-de-ser-sede-de-copa-argentina-a-la-gran-campana-en-el-nacional-2.jpg\"><span class=\"epigraphe\">Leandro Graci\u00e1n, DT del Aurinegro.<\/span><\/div>\n<div class=\"sc-a7166897-0 eoLsBE\" readability=\"7.5\">\n<section readability=\"5\"><picture><img alt=\"Resumen, mejores jugadas y videos de la victoria de Chelsea sobre Fluminense, por el Mundial de Clubes 2025 \" loading=\"lazy\" width=\"290\" height=\"290\" decoding=\"async\" data-nimg=\"1\" src=\"http:\/\/nuevacordoba.net\/wp-content\/uploads\/2025\/07\/deportivo-madryn-del-sueno-de-ser-sede-de-copa-argentina-a-la-gran-campana-en-el-nacional-3.jpg\"><\/picture>\n<p><span>Mir\u00e1 tambi\u00e9n<\/span><\/p>\n<hr>\n<h3>Resumen, mejores jugadas y videos de la victoria de Chelsea sobre Fluminense, por el Mundial de Clubes 2025 <\/h3>\n<\/p>\n<\/section>\n<\/div>\n<div class=\"sc-a7166897-0 eoLsBE\" readability=\"6\">\n<section readability=\"2\"><picture><img alt=\"Bomba: Tevez ser\u00e1 el reemplazante de Cocca en Talleres\" loading=\"lazy\" width=\"290\" height=\"290\" decoding=\"async\" data-nimg=\"1\" src=\"http:\/\/nuevacordoba.net\/wp-content\/uploads\/2025\/07\/deportivo-madryn-del-sueno-de-ser-sede-de-copa-argentina-a-la-gran-campana-en-el-nacional-4.jpg\"><\/picture>\n<p><span>Mir\u00e1 tambi\u00e9n<\/span><\/p>\n<hr>\n<h3>Bomba: Tevez ser\u00e1 el reemplazante de Cocca en Talleres<\/h3>\n<\/p>\n<\/section>\n<\/div>\n<\/div>\n","protected":false},"excerpt":{"rendered":"<p>08\/07\/2025 20:44hs. Deportivo Madryn est\u00e1 en su mejor momento. Dentro del Reducido de la Zona A de la Primera Nacional y con una larga racha de partidos sin conocer la derrota, se posiciona como uno de los clubes con mayor crecimiento y fortaleza de la categor\u00eda. Algo que viene haciendo bien desde hace rato y [&hellip;]<\/p>\n","protected":false},"author":1,"featured_media":61539,"comment_status":"closed","ping_status":"closed","sticky":false,"template":"","format":"standard","meta":[],"categories":[10],"tags":[],"_links":{"self":[{"href":"http:\/\/nuevacordoba.net\/index.php\/wp-json\/wp\/v2\/posts\/61538"}],"collection":[{"href":"http:\/\/nuevacordoba.net\/index.php\/wp-json\/wp\/v2\/posts"}],"about":[{"href":"http:\/\/nuevacordoba.net\/index.php\/wp-json\/wp\/v2\/types\/post"}],"author":[{"embeddable":true,"href":"http:\/\/nuevacordoba.net\/index.php\/wp-json\/wp\/v2\/users\/1"}],"replies":[{"embeddable":true,"href":"http:\/\/nuevacordoba.net\/index.php\/wp-json\/wp\/v2\/comments?post=61538"}],"version-history":[{"count":0,"href":"http:\/\/nuevacordoba.net\/index.php\/wp-json\/wp\/v2\/posts\/61538\/revisions"}],"wp:featuredmedia":[{"embeddable":true,"href":"http:\/\/nuevacordoba.net\/index.php\/wp-json\/wp\/v2\/media\/61539"}],"wp:attachment":[{"href":"http:\/\/nuevacordoba.net\/index.php\/wp-json\/wp\/v2\/media?parent=61538"}],"wp:term":[{"taxonomy":"category","embeddable":true,"href":"http:\/\/nuevacordoba.net\/index.php\/wp-json\/wp\/v2\/categories?post=61538"},{"taxonomy":"post_tag","embeddable":true,"href":"http:\/\/nuevacordoba.net\/index.php\/wp-json\/wp\/v2\/tags?post=61538"}],"curies":[{"name":"wp","href":"https:\/\/api.w.org\/{rel}","templated":true}]}}