{"id":61543,"date":"2025-07-09T17:26:04","date_gmt":"2025-07-09T17:26:04","guid":{"rendered":"https:\/\/cordobaoutdoor.com.ar\/?p=3255"},"modified":"2025-07-09T17:26:04","modified_gmt":"2025-07-09T17:26:04","slug":"paro-aeronautico-en-plena-temporada-invernal-fuerte-critica-de-dario-capitani-por-el-impacto-en-el-turismo-cordobes","status":"publish","type":"post","link":"http:\/\/nuevacordoba.net\/index.php\/2025\/07\/09\/paro-aeronautico-en-plena-temporada-invernal-fuerte-critica-de-dario-capitani-por-el-impacto-en-el-turismo-cordobes\/","title":{"rendered":"Paro aeron\u00e1utico en plena temporada invernal: fuerte cr\u00edtica de Dar\u00edo Capitani por el impacto en el turismo cordob\u00e9s"},"content":{"rendered":"<p data-start=\"351\" data-end=\"732\"><span>El presidente de la Agencia C\u00f3rdoba Turismo, Dar\u00edo Capitani, expres\u00f3 con dureza su preocupaci\u00f3n ante el anuncio de retenci\u00f3n de tareas por parte de la Asociaci\u00f3n T\u00e9cnicos y Empleados de Protecci\u00f3n y Seguridad a la Aeronavegaci\u00f3n (ATEPSA), medida que afectar\u00e1 la normal operaci\u00f3n de vuelos comerciales en todo el pa\u00eds en pleno inicio de la temporada alta de invierno.<\/span><\/p>\n<p data-start=\"734\" data-end=\"1021\"><span>Capitani calific\u00f3 la medida gremial como una \u201cacci\u00f3n salvaje que pone en riesgo la fuente laboral de miles de cordobeses\u201d y advirti\u00f3 que las consecuencias del conflicto podr\u00edan sentirse de forma inmediata en el sector tur\u00edstico, uno de los principales motores econ\u00f3micos de la provincia.<\/span><\/p>\n<p data-start=\"1023\" data-end=\"1465\"><span>\u201cEl anunciado plan de retenci\u00f3n de tareas representa un golpe muy duro para la industria tur\u00edstica de C\u00f3rdoba y del resto del pa\u00eds\u201d, afirm\u00f3 el funcionario. Y agreg\u00f3: \u201cDesde la Agencia C\u00f3rdoba Turismo venimos trabajando intensamente durante meses para generar convenios con el sector privado y con las aerol\u00edneas, con el objetivo de facilitar el acceso a nuestra provincia de manera m\u00e1s econ\u00f3mica, accesible y competitiva para los visitantes\u201d.<\/span><\/p>\n<p data-start=\"1467\" data-end=\"1751\"><span>En ese sentido, se\u00f1al\u00f3 que la cancelaci\u00f3n o reprogramaci\u00f3n de vuelos justo en los d\u00edas de mayor movimiento tur\u00edstico \u201catenta directamente contra el esfuerzo conjunto realizado entre el sector p\u00fablico y privado para posicionar a C\u00f3rdoba como uno de los destinos m\u00e1s elegidos del pa\u00eds\u201d.<\/span><\/p>\n<p data-start=\"1753\" data-end=\"2023\"><span>\u201cEste conflicto lleva meses sin soluci\u00f3n y ahora impacta de lleno en un sector que ya viene golpeado por una coyuntura econ\u00f3mica adversa, la ca\u00edda del consumo interno, la retracci\u00f3n del gasto en turismo y el aumento constante de los costos operativos\u201d, lament\u00f3 Capitani.<\/span><\/p>\n<p data-start=\"1753\" data-end=\"2023\"><img loading=\"lazy\" decoding=\"async\" class=\"aligncenter size-full wp-image-3251\" src=\"http:\/\/nuevacordoba.net\/wp-content\/uploads\/2025\/07\/paro-aeronautico-en-plena-temporada-invernal-fuerte-critica-de-dario-capitani-por-el-impacto-en-el-turismo-cordobes.jpg\" alt width=\"1000\" height=\"667\" srcset=\"http:\/\/nuevacordoba.net\/wp-content\/uploads\/2025\/07\/paro-aeronautico-en-plena-temporada-invernal-fuerte-critica-de-dario-capitani-por-el-impacto-en-el-turismo-cordobes.jpg 1000w, http:\/\/nuevacordoba.net\/wp-content\/uploads\/2025\/07\/paro-aeronautico-en-plena-temporada-invernal-fuerte-critica-de-dario-capitani-por-el-impacto-en-el-turismo-cordobes-1.jpg 300w, http:\/\/nuevacordoba.net\/wp-content\/uploads\/2025\/07\/paro-aeronautico-en-plena-temporada-invernal-fuerte-critica-de-dario-capitani-por-el-impacto-en-el-turismo-cordobes-2.jpg 768w, http:\/\/nuevacordoba.net\/wp-content\/uploads\/2025\/07\/paro-aeronautico-en-plena-temporada-invernal-fuerte-critica-de-dario-capitani-por-el-impacto-en-el-turismo-cordobes-3.jpg 421w, http:\/\/nuevacordoba.net\/wp-content\/uploads\/2025\/07\/paro-aeronautico-en-plena-temporada-invernal-fuerte-critica-de-dario-capitani-por-el-impacto-en-el-turismo-cordobes-4.jpg 272w\" sizes=\"(max-width: 1000px) 100vw, 1000px\"><\/p>\n<p data-start=\"2025\" data-end=\"2421\"><span>C\u00f3rdoba se preparaba para una temporada invernal con expectativas moderadas pero firmes, luego de implementar estrategias de promoci\u00f3n, acuerdos tarifarios y campa\u00f1as orientadas a captar al turismo nacional e incluso regional. La conectividad a\u00e9rea, en ese marco, juega un rol clave para garantizar la llegada de visitantes, especialmente desde Buenos Aires, el norte del pa\u00eds y destinos del sur.<\/span><\/p>\n<p data-start=\"2423\" data-end=\"2726\"><span>\u201cLa conectividad no es un lujo, es una herramienta fundamental para el desarrollo tur\u00edstico. Cada vuelo suspendido o retrasado implica menos turistas, menos reservas en hoteles, menos consumo en restaurantes, menos movimiento en excursiones, y por ende, menos trabajo\u201d, subray\u00f3 el titular de la agencia.<\/span><\/p>\n<p data-start=\"2728\" data-end=\"3245\"><span>Finalmente, Capitani hizo un llamado al Gobierno nacional para que intervenga de forma inmediata en la resoluci\u00f3n del conflicto y se act\u00fae con responsabilidad. \u201cPedimos al Gobierno nacional la urgente intervenci\u00f3n para resolver esta situaci\u00f3n en el marco del di\u00e1logo, protegiendo los derechos de los trabajadores, pero tambi\u00e9n pensando en las miles de familias que dependen directa o indirectamente del turismo en C\u00f3rdoba. No podemos permitir que un conflicto sectorial ponga en jaque a toda una provincia\u201d, concluy\u00f3.<\/span><\/p>\n","protected":false},"excerpt":{"rendered":"<p>El presidente de la Agencia C\u00f3rdoba Turismo, Dar\u00edo Capitani, expres\u00f3 con dureza su preocupaci\u00f3n ante el anuncio de retenci\u00f3n de tareas por parte de la Asociaci\u00f3n T\u00e9cnicos y Empleados de Protecci\u00f3n y Seguridad a la Aeronavegaci\u00f3n (ATEPSA), medida que afectar\u00e1 la normal operaci\u00f3n de vuelos comerciales en todo el pa\u00eds en pleno inicio de la [&hellip;]<\/p>\n","protected":false},"author":1,"featured_media":61544,"comment_status":"closed","ping_status":"closed","sticky":false,"template":"","format":"standard","meta":[],"categories":[11],"tags":[],"_links":{"self":[{"href":"http:\/\/nuevacordoba.net\/index.php\/wp-json\/wp\/v2\/posts\/61543"}],"collection":[{"href":"http:\/\/nuevacordoba.net\/index.php\/wp-json\/wp\/v2\/posts"}],"about":[{"href":"http:\/\/nuevacordoba.net\/index.php\/wp-json\/wp\/v2\/types\/post"}],"author":[{"embeddable":true,"href":"http:\/\/nuevacordoba.net\/index.php\/wp-json\/wp\/v2\/users\/1"}],"replies":[{"embeddable":true,"href":"http:\/\/nuevacordoba.net\/index.php\/wp-json\/wp\/v2\/comments?post=61543"}],"version-history":[{"count":0,"href":"http:\/\/nuevacordoba.net\/index.php\/wp-json\/wp\/v2\/posts\/61543\/revisions"}],"wp:featuredmedia":[{"embeddable":true,"href":"http:\/\/nuevacordoba.net\/index.php\/wp-json\/wp\/v2\/media\/61544"}],"wp:attachment":[{"href":"http:\/\/nuevacordoba.net\/index.php\/wp-json\/wp\/v2\/media?parent=61543"}],"wp:term":[{"taxonomy":"category","embeddable":true,"href":"http:\/\/nuevacordoba.net\/index.php\/wp-json\/wp\/v2\/categories?post=61543"},{"taxonomy":"post_tag","embeddable":true,"href":"http:\/\/nuevacordoba.net\/index.php\/wp-json\/wp\/v2\/tags?post=61543"}],"curies":[{"name":"wp","href":"https:\/\/api.w.org\/{rel}","templated":true}]}}