{"id":61617,"date":"2025-07-09T22:46:18","date_gmt":"2025-07-09T22:46:18","guid":{"rendered":"https:\/\/www.ole.com.ar\/opinion\/formula-1-cruel-opinion-franco-colapinto_0_XOCal13Vwl.html"},"modified":"2025-07-09T22:46:18","modified_gmt":"2025-07-09T22:46:18","slug":"la-formula-1-en-modo-crueldad","status":"publish","type":"post","link":"http:\/\/nuevacordoba.net\/index.php\/2025\/07\/09\/la-formula-1-en-modo-crueldad\/","title":{"rendered":"La F\u00f3rmula 1 en modo crueldad"},"content":{"rendered":"<p><span class=\"createDate\">09\/07\/2025 19:46hs.<\/span><time class=\"modificatedDate\" datetime=\"2025-07-09T20:30:46-03:00\"> Actualizado al 09\/07\/2025 20:30hs.<\/time><\/p>\n<div id=\"storyBody\">\n<div class=\"custom-text \" readability=\"35.722846441948\">\n<p>Desde las \u00e9pocas de Lole Reutemann, cuando se lo criticaba porque era segundo y no campe\u00f3n, hasta estas de<strong><a href=\"https:\/\/www.ole.com.ar\/tema\/franco-colapinto.html\" title=\"Franco Colapinto\" alt=\"Franco Colapinto\" class=\"slug\"> Franco Colapinto<\/a><\/strong>, quien rompi\u00f3 la racha de 23 a\u00f1os de sequ\u00eda nacional en la F\u00f3rmula 1, las cr\u00edticas y golpes bajos son moneda corriente en la categor\u00eda.<\/p>\n<\/div>\n<div class=\"custom-text \" readability=\"40\">\n<p>Hoy los padece un pibe de 22 a\u00f1os a quien se le exige mentalidad de adulto para bancarse presiones m\u00e1s pesadas que la Fuerza G, y en un auto que no es de los mejores. \u00bfPor qu\u00e9? Es uno de los 20 exclusivos de ese pu\u00f1ado de pilotos que maneja en la M\u00e1xima, lugar al que quieren llegar 200&#8230; mil. <strong>Entonces, donde se huele sangre, donde puede existir una duda, se ataca all\u00ed.<\/strong><\/p>\n<\/div>\n<div class=\"custom-text \" readability=\"30.97358490566\">\n<p>Una publicaci\u00f3n difundi\u00f3 la informaci\u00f3n inexacta que daba cuenta de un error de Colapinto el domingo, cuando su Alpine no quiso moverse desde el box, aduciendo que el propio piloto hab\u00eda generado que se quemara el embrague.<a href=\"https:\/\/www.ole.com.ar\/autos\/franco-colapinto-responsbilidad-domingo-problema-alpine_0_fPRWup0tFz.html\" target=\"_self\" title=\" La escuder\u00eda lo desminti\u00f3.\" alt=\" La escuder\u00eda lo desminti\u00f3.\" rel=\"noopener\"> La escuder\u00eda lo desminti\u00f3 con Ol\u00e9.<\/a><\/p>\n<\/div>\n<div class=\"sc-e7b891c4-0 ifHnQL image-embed\"><img alt=\"El tri\u00e1ngulo Bottas, Briatore y Colapinto, rumores verdaderos.\" loading=\"lazy\" width=\"720\" height=\"100\" decoding=\"async\" data-nimg=\"1\" src=\"http:\/\/nuevacordoba.net\/wp-content\/uploads\/2025\/07\/la-formula-1-en-modo-crueldad.jpg\"><span class=\"epigraphe\">El tri\u00e1ngulo Bottas, Briatore y Colapinto, rumores verdaderos.<\/span><\/div>\n<div class=\"custom-text \" readability=\"39\">\n<p>Flaco favor, adem\u00e1s, le hab\u00eda hecho Toto Wolff, el medi\u00e1tico jefe de equipo de Mercedes, admitiendo ante un micr\u00f3fono el inter\u00e9s de Flavio Briatore (o sea, fuego amigo) por Valtteri Bottas. <strong>Raro el sincericidio del ex piloto austr\u00edaco que no da puntada sin hilo&#8230;<\/strong><\/p>\n<\/div>\n<div class=\"custom-text \" readability=\"37\">\n<p>Se entiende que la F1 est\u00e1 envuelta en rumores de todo tipo, sobre todo cuando llega la mitad de temporada y <strong>busca ocupar butacas que ya est\u00e1n ocupadas<\/strong>. Pero, vale aclarar, muchos terminan siendo verdad.<\/p>\n<\/div>\n<div class=\"sc-e7b891c4-0 ifHnQL image-embed\"><img alt=\"Christian Horner, echado de Red Bull.\" loading=\"lazy\" width=\"720\" height=\"100\" decoding=\"async\" data-nimg=\"1\" src=\"http:\/\/nuevacordoba.net\/wp-content\/uploads\/2025\/07\/la-formula-1-en-modo-crueldad-1.jpg\"><span class=\"epigraphe\">Christian Horner, echado de Red Bull.<\/span><\/div>\n<div class=\"custom-text \" readability=\"40\">\n<p>Claro que a los fan\u00e1ticos de Colapinto no les gusta leer que Alpine pregunta por Bottas, pero sucedi\u00f3; a los hinchas los enoja leer que Briatore busca opciones y el futuro del argentino en el equipo es \u201ccarrera a carrera\u201d, pero as\u00ed es porque la F1 no espera y, cruel, exige resultados que a\u00fan no aparecen en el monoplaza #43. Pero de ah\u00ed a culparlo de un problema mec\u00e1nico, no es crueldad: es ir a chocar desde atr\u00e1s.<\/p>\n<\/div>\n<div class=\"custom-text \" readability=\"9.5421686746988\">\n<p><a href=\"https:\/\/www.ole.com.ar\/usa\/automovilismo\/christian-horner-despedido-red-bull-motivo-salida-formula-1-max-verstappen-tsunoda-helmut-marko-razon-numeros_0_aaaIFuYJSp.html\" target=\"_self\" title=\"Si le sucede a Christian Horner, al que echaron de Red Bull\" alt=\"Si le sucede a Christian Horner, al que echaron de Red Bull\" rel=\"noopener\">Si le sucede a Christian Horner, al que echaron de Red Bull<\/a>&#8230; Nadie est\u00e1 a salvo.<\/p>\n<\/div>\n<div class=\"sc-a7166897-0 eoLsBE\" readability=\"6\">\n<section readability=\"2\"><picture><img alt=\"Los incre\u00edbles n\u00fameros de Red Bull con Christian Horner como director de equipo\" loading=\"lazy\" width=\"290\" height=\"290\" decoding=\"async\" data-nimg=\"1\" src=\"http:\/\/nuevacordoba.net\/wp-content\/uploads\/2025\/07\/la-formula-1-en-modo-crueldad-2.jpg\"><\/picture>\n<p><span>Mir\u00e1 tambi\u00e9n<\/span><\/p>\n<hr>\n<h3>Los incre\u00edbles n\u00fameros de Red Bull con Christian Horner como director de equipo<\/h3>\n<\/p>\n<\/section>\n<\/div>\n<div class=\"sc-a7166897-0 eoLsBE\" readability=\"6\">\n<section readability=\"2\"><picture><img alt=\"De que cantante Franco Colapinto sue\u00f1a ir a un recital\" loading=\"lazy\" width=\"290\" height=\"290\" decoding=\"async\" data-nimg=\"1\" src=\"http:\/\/nuevacordoba.net\/wp-content\/uploads\/2025\/07\/la-formula-1-en-modo-crueldad-3.jpg\"><\/picture>\n<p><span>Mir\u00e1 tambi\u00e9n<\/span><\/p>\n<hr>\n<h3>De que cantante Franco Colapinto sue\u00f1a ir a un recital<\/h3>\n<\/p>\n<\/section>\n<\/div>\n<div class=\"sc-a7166897-0 eoLsBE\" readability=\"7\">\n<section readability=\"4\"><picture><img alt=\"Alpine, equipo de Franco Colapinto, homenaje\u00f3 a la Argentina en su d\u00eda patrio\" loading=\"lazy\" width=\"290\" height=\"290\" decoding=\"async\" data-nimg=\"1\" src=\"http:\/\/nuevacordoba.net\/wp-content\/uploads\/2025\/07\/la-formula-1-en-modo-crueldad-4.jpg\"><\/picture>\n<p><span>Mir\u00e1 tambi\u00e9n<\/span><\/p>\n<hr>\n<h3>Alpine, equipo de Franco Colapinto, homenaje\u00f3 a la Argentina en su d\u00eda patrio<\/h3>\n<\/p>\n<\/section>\n<\/div>\n<\/div>\n","protected":false},"excerpt":{"rendered":"<p>09\/07\/2025 19:46hs. Actualizado al 09\/07\/2025 20:30hs. Desde las \u00e9pocas de Lole Reutemann, cuando se lo criticaba porque era segundo y no campe\u00f3n, hasta estas de Franco Colapinto, quien rompi\u00f3 la racha de 23 a\u00f1os de sequ\u00eda nacional en la F\u00f3rmula 1, las cr\u00edticas y golpes bajos son moneda corriente en la categor\u00eda. Hoy los padece [&hellip;]<\/p>\n","protected":false},"author":1,"featured_media":61618,"comment_status":"closed","ping_status":"closed","sticky":false,"template":"","format":"standard","meta":[],"categories":[10],"tags":[],"_links":{"self":[{"href":"http:\/\/nuevacordoba.net\/index.php\/wp-json\/wp\/v2\/posts\/61617"}],"collection":[{"href":"http:\/\/nuevacordoba.net\/index.php\/wp-json\/wp\/v2\/posts"}],"about":[{"href":"http:\/\/nuevacordoba.net\/index.php\/wp-json\/wp\/v2\/types\/post"}],"author":[{"embeddable":true,"href":"http:\/\/nuevacordoba.net\/index.php\/wp-json\/wp\/v2\/users\/1"}],"replies":[{"embeddable":true,"href":"http:\/\/nuevacordoba.net\/index.php\/wp-json\/wp\/v2\/comments?post=61617"}],"version-history":[{"count":0,"href":"http:\/\/nuevacordoba.net\/index.php\/wp-json\/wp\/v2\/posts\/61617\/revisions"}],"wp:featuredmedia":[{"embeddable":true,"href":"http:\/\/nuevacordoba.net\/index.php\/wp-json\/wp\/v2\/media\/61618"}],"wp:attachment":[{"href":"http:\/\/nuevacordoba.net\/index.php\/wp-json\/wp\/v2\/media?parent=61617"}],"wp:term":[{"taxonomy":"category","embeddable":true,"href":"http:\/\/nuevacordoba.net\/index.php\/wp-json\/wp\/v2\/categories?post=61617"},{"taxonomy":"post_tag","embeddable":true,"href":"http:\/\/nuevacordoba.net\/index.php\/wp-json\/wp\/v2\/tags?post=61617"}],"curies":[{"name":"wp","href":"https:\/\/api.w.org\/{rel}","templated":true}]}}