{"id":61619,"date":"2025-07-08T19:58:15","date_gmt":"2025-07-08T19:58:15","guid":{"rendered":"https:\/\/www.ole.com.ar\/futbol-ascenso\/ascenso-primera-nacional-all-boys-anibal-biggeri_0_DHpTYyEGY9.html"},"modified":"2025-07-08T19:58:15","modified_gmt":"2025-07-08T19:58:15","slug":"all-boys-cerro-la-vuelta-de-un-viejo-conocido-para-salir-del-mal-momento","status":"publish","type":"post","link":"http:\/\/nuevacordoba.net\/index.php\/2025\/07\/08\/all-boys-cerro-la-vuelta-de-un-viejo-conocido-para-salir-del-mal-momento\/","title":{"rendered":"All Boys cerr\u00f3 la vuelta de un viejo conocido para salir del mal momento"},"content":{"rendered":"<p><time class=\"createDate\" datetime=\"2025-07-08T16:58:15-03:00\">08\/07\/2025 16:58hs.<\/time><\/p>\n<div id=\"storyBody\">\n<div class=\"custom-text \" readability=\"34.606469002695\">\n<p><strong><a href=\"https:\/\/www.ole.com.ar\/tema\/all-boys.html\" title=\"All Boys\" alt=\"All Boys\" class=\"slug\">All Boys<\/a> atraviesa un presente complicado desde todo punto de vista<\/strong>: en lo deportivo, se ubica 16\u00b0 en la Zona A de la <a href=\"https:\/\/www.ole.com.ar\/tema\/primera-nacional.html\" title=\"Primera Nacional\" alt=\"Primera Nacional\" class=\"slug\">Primera Nacional <\/a>con 22 puntos (a tan solo cuatro del descenso) y el lunes Mariano Campod\u00f3nico dej\u00f3 el cargo de entrenador, mientras que en lo institucional las cosas tampoco marchan del todo bien y la sanci\u00f3n aplicada por AFA agrav\u00f3 la situaci\u00f3n. <\/p>\n<\/div>\n<div class=\"custom-text \" readability=\"35.678571428571\">\n<p>En este contexto, la Comisi\u00f3n Directiva peg\u00f3 el volantazo y se la jug\u00f3 por un viejo conocido para agarrar el fierro caliente y reemplazar al Tanque del otro lado de la l\u00ednea de cal:<strong><a href=\"https:\/\/www.ole.com.ar\/tema\/anibal-biggeri.html\" title=\"An\u00edbal Biggeri\" alt=\"An\u00edbal Biggeri\" class=\"slug\"> Anibal Biggeri<\/a><\/strong>. S\u00ed, es que el det\u00e9 de 60 a\u00f1os<strong> fue presentado este martes en las redes sociales y regresa al club<\/strong> donde fue ayudante de campo del hist\u00f3rico Pepe Romero y dirigi\u00f3 hace algunas temporadas.<\/p>\n<\/div>\n<div class=\"sc-e7b891c4-0 ifHnQL image-embed\"><img alt=\"Biggeri fue presentado en All Boys (Foto: @caallboys)\" loading=\"lazy\" width=\"720\" height=\"100\" decoding=\"async\" data-nimg=\"1\" src=\"http:\/\/nuevacordoba.net\/wp-content\/uploads\/2025\/07\/all-boys-cerro-la-vuelta-de-un-viejo-conocido-para-salir-del-mal-momento.jpg\"><span class=\"epigraphe\">Biggeri fue presentado en All Boys (Foto: @caallboys)<\/span><\/div>\n<div class=\"custom-text \" readability=\"41\">\n<p>As\u00ed, el DT de \u00faltimo paso por Temperley, firm\u00f3 contrato hasta diciembre del 2026 y ma\u00f1ana, en el Islas Malvinas, comenzar\u00e1 el segundo ciclo de An\u00edbal al mando del plantel profesional del Albo. <strong>El debut ser\u00e1 el pr\u00f3ximo s\u00e1bado 12 de julio, desde las 15:30, frente a Quilmes en condici\u00f3n de local <\/strong>(a puertas cerradas) por la fecha 22 del campeonato. <\/p>\n<\/div>\n<p><h2><strong>El comunicado de All Boys <\/strong><\/h2>\n<\/p>\n<div class=\"custom-text \" readability=\"39\">\n<p>\u00a1Bienvenido a casa, An\u00edbal! <strong>An\u00edbal Biggeri es el nuevo director t\u00e9cnico y firm\u00f3 contrato hasta el 31 de diciembre de 2026<\/strong>. Ma\u00f1ana ser\u00e1 el inicio de los entrenamientos en el estadio a puertas cerradas, cumpliendo con las sanciones impuestas con posterioridad al \u00faltimo partido de local.<strong> Su cuerpo t\u00e9cnico estar\u00e1 integrado por Armando Panceri, Gabriel Tomasini, Mat\u00edas Biggeri y Maximiliano Gay Rey.<\/strong><\/p>\n<\/div>\n<div class=\"custom-embedhtml\" readability=\"8.9839572192513\">\n<blockquote class=\"twitter-tweet\" readability=\"11.679144385027\">\n<p lang=\"es\" dir=\"ltr\">\ud83c\udfe1 \u00a1Bienvenido a casa, An\u00edbal! \ud83e\udd0d\ud83d\udda4<\/p>\n<p>\u26bd An\u00edbal Biggeri es el nuevo director t\u00e9cnico y firm\u00f3 contrato hasta el 31 de diciembre de 2026.<\/p>\n<p>Ma\u00f1ana ser\u00e1 el inicio de los entrenamientos en el estadio a puertas cerradas, cumpliendo con las sanciones impuestas con posterioridad al \u00faltimo\u2026 <a href=\"https:\/\/t.co\/quuHrCW3dY\">pic.twitter.com\/quuHrCW3dY<\/a><\/p>\n<p>\u2014 Club Atl\u00e9tico All Boys (@caallboys) <a href=\"https:\/\/twitter.com\/caallboys\/status\/1942658031818317959?ref_src=twsrc%5Etfw\">July 8, 2025<\/a><\/p><\/blockquote><\/div>\n<p><h2><strong>El pasado de An\u00edbal Biggeri en Floresta<\/strong><\/h2>\n<\/p>\n<div class=\"custom-text \" readability=\"38\">\n<p>Los inicios del ex Chacarita detr\u00e1s de la l\u00ednea de cal se dieron en All Boys, como ayudante de campo de Ricardo Caruso Lomabrdi, entre 2002 y 2003. Tiempo m\u00e1s tarde, <strong>ya como asistente de Pepe Romero, regres\u00f3 a Floresta para ascender con el Albo y permanecer all\u00ed hasta 2013<\/strong>.<\/p>\n<\/div>\n<div class=\"custom-text \" readability=\"38\">\n<p>A\u00f1os despu\u00e9s, a comienzos del 2022 y luego de ascender con Trist\u00e1n Su\u00e1rez, peg\u00f3 la vuelta al conjunto blanquinegro. <strong>En dicha temporada realiz\u00f3 un buen torneo en el Nacional (finaliz\u00f3 quinto con 60 puntos en 36 fechas) y cay\u00f3 en la primera instancia del Reducido ante Defensores de Belgrano<\/strong> como local, consiguiendo el 54% de efectividad.<\/p>\n<\/div>\n<div class=\"sc-e7b891c4-0 ifHnQL image-embed\"><img alt=\"En 2022, Biggeri llev\u00f3 al Albo hasta el Reducido\" loading=\"lazy\" width=\"720\" height=\"100\" decoding=\"async\" data-nimg=\"1\" src=\"http:\/\/nuevacordoba.net\/wp-content\/uploads\/2025\/07\/all-boys-cerro-la-vuelta-de-un-viejo-conocido-para-salir-del-mal-momento-1.jpg\"><span class=\"epigraphe\">En 2022, Biggeri llev\u00f3 al Albo hasta el Reducido<\/span><\/div>\n<p><h2><strong>La sanci\u00f3n del Tribunal de Disciplina de AFA a All Boys<\/strong><\/h2>\n<\/p>\n<div class=\"custom-text \" readability=\"28.532338308458\">\n<p>Tras los repudiables actos ocurridos en la previa del partido con Atlanta (se repartieron panfletos con c\u00e1nticos antisemitas y pasearon un caj\u00f3n f\u00fanebre con la bandera de Israel), correspondiente a la fecha 20 de la PN, el Tribunal de Disciplina de AFA sancion\u00f3 a los de Floresta con la<a href=\"https:\/\/www.ole.com.ar\/informacion-general\/ascenso-primera-nacional-all-boys-fallo-sancion-tribunal-disciplina-afa_0_W3t1pbRa7B.html\" target=\"_self\" title=\" prohibici\u00f3n de contar con p\u00fablico en todos los partidos que dispute en condici\u00f3n de local \" alt=\" prohibici\u00f3n de contar con p\u00fablico en todos los partidos que dispute en condici\u00f3n de local \" rel=\"noopener\"> prohibici\u00f3n de contar con p\u00fablico en todos los partidos que dispute en condici\u00f3n de local <\/a>hasta fin de a\u00f1o. <\/p>\n<\/div>\n<div class=\"sc-e7b891c4-0 ifHnQL image-embed\"><img alt=\"El fallo del Tribunal de Disciplina de AFA\" loading=\"lazy\" width=\"720\" height=\"100\" decoding=\"async\" data-nimg=\"1\" src=\"http:\/\/nuevacordoba.net\/wp-content\/uploads\/2025\/07\/all-boys-cerro-la-vuelta-de-un-viejo-conocido-para-salir-del-mal-momento-2.jpg\"><span class=\"epigraphe\">El fallo del Tribunal de Disciplina de AFA<\/span><\/div>\n<div class=\"sc-a7166897-0 eoLsBE\" readability=\"6.5\">\n<section readability=\"3\"><picture><img alt=\"Confirmado: Maxi Salas ejecut\u00f3 su cl\u00e1usula de rescisi\u00f3n con Racing y ya es refuerzo de River\" loading=\"lazy\" width=\"290\" height=\"290\" decoding=\"async\" data-nimg=\"1\" src=\"http:\/\/nuevacordoba.net\/wp-content\/uploads\/2025\/07\/all-boys-cerro-la-vuelta-de-un-viejo-conocido-para-salir-del-mal-momento-3.jpg\"><\/picture>\n<p><span>Mir\u00e1 tambi\u00e9n<\/span><\/p>\n<hr>\n<h3>Confirmado: Maxi Salas ejecut\u00f3 su cl\u00e1usula de rescisi\u00f3n con Racing y ya es refuerzo de River<\/h3>\n<\/p>\n<\/section>\n<\/div>\n<div class=\"sc-a7166897-0 eoLsBE\" readability=\"6\">\n<section readability=\"2\"><picture><img alt=\"Sosa rompi\u00f3 el silencio y habl\u00f3 sobre la pol\u00e9mica salida de Maxi Salas de Racing\" loading=\"lazy\" width=\"290\" height=\"290\" decoding=\"async\" data-nimg=\"1\" src=\"http:\/\/nuevacordoba.net\/wp-content\/uploads\/2025\/07\/all-boys-cerro-la-vuelta-de-un-viejo-conocido-para-salir-del-mal-momento-4.jpg\"><\/picture>\n<p><span>Mir\u00e1 tambi\u00e9n<\/span><\/p>\n<hr>\n<h3>Sosa rompi\u00f3 el silencio y habl\u00f3 sobre la pol\u00e9mica salida de Maxi Salas de Racing<\/h3>\n<\/p>\n<\/section>\n<\/div>\n<\/div>\n","protected":false},"excerpt":{"rendered":"<p>08\/07\/2025 16:58hs. All Boys atraviesa un presente complicado desde todo punto de vista: en lo deportivo, se ubica 16\u00b0 en la Zona A de la Primera Nacional con 22 puntos (a tan solo cuatro del descenso) y el lunes Mariano Campod\u00f3nico dej\u00f3 el cargo de entrenador, mientras que en lo institucional las cosas tampoco marchan [&hellip;]<\/p>\n","protected":false},"author":1,"featured_media":61620,"comment_status":"closed","ping_status":"closed","sticky":false,"template":"","format":"standard","meta":[],"categories":[10],"tags":[],"_links":{"self":[{"href":"http:\/\/nuevacordoba.net\/index.php\/wp-json\/wp\/v2\/posts\/61619"}],"collection":[{"href":"http:\/\/nuevacordoba.net\/index.php\/wp-json\/wp\/v2\/posts"}],"about":[{"href":"http:\/\/nuevacordoba.net\/index.php\/wp-json\/wp\/v2\/types\/post"}],"author":[{"embeddable":true,"href":"http:\/\/nuevacordoba.net\/index.php\/wp-json\/wp\/v2\/users\/1"}],"replies":[{"embeddable":true,"href":"http:\/\/nuevacordoba.net\/index.php\/wp-json\/wp\/v2\/comments?post=61619"}],"version-history":[{"count":0,"href":"http:\/\/nuevacordoba.net\/index.php\/wp-json\/wp\/v2\/posts\/61619\/revisions"}],"wp:featuredmedia":[{"embeddable":true,"href":"http:\/\/nuevacordoba.net\/index.php\/wp-json\/wp\/v2\/media\/61620"}],"wp:attachment":[{"href":"http:\/\/nuevacordoba.net\/index.php\/wp-json\/wp\/v2\/media?parent=61619"}],"wp:term":[{"taxonomy":"category","embeddable":true,"href":"http:\/\/nuevacordoba.net\/index.php\/wp-json\/wp\/v2\/categories?post=61619"},{"taxonomy":"post_tag","embeddable":true,"href":"http:\/\/nuevacordoba.net\/index.php\/wp-json\/wp\/v2\/tags?post=61619"}],"curies":[{"name":"wp","href":"https:\/\/api.w.org\/{rel}","templated":true}]}}