{"id":6162,"date":"2021-06-23T18:35:41","date_gmt":"2021-06-23T18:35:41","guid":{"rendered":"http:\/\/nuevacordoba.net\/index.php\/2021\/06\/23\/las-leyes-homofobicas-de-hungria-generan-rechazo-en-europa-y-dejan-en-offside-a-la-uefa\/"},"modified":"2021-06-23T18:35:41","modified_gmt":"2021-06-23T18:35:41","slug":"las-leyes-homofobicas-de-hungria-generan-rechazo-en-europa-y-dejan-en-offside-a-la-uefa","status":"publish","type":"post","link":"http:\/\/nuevacordoba.net\/index.php\/2021\/06\/23\/las-leyes-homofobicas-de-hungria-generan-rechazo-en-europa-y-dejan-en-offside-a-la-uefa\/","title":{"rendered":"Las leyes homof\u00f3bicas de Hungr\u00eda generan rechazo en Europa y dejan en offside a la UEFA"},"content":{"rendered":"<div class=\"image\" id=\"image\" readability=\"8\"> <img src=\"http:\/\/nuevacordoba.net\/wp-content\/uploads\/2021\/06\/las-leyes-homofobicas-de-hungria-generan-rechazo-en-europa-y-dejan-en-offside-a-la-uefa.jpg\" alt=\"Fuertes cr\u00edticas a la UEFA por no permitir una protesta en contra de las leyes homof\u00f3bicas de Hungr\u00eda. \" title=\"Fuertes cr\u00edticas a la UEFA por no permitir una protesta en contra de las leyes homof\u00f3bicas de Hungr\u00eda. \"><\/p>\n<p>Fuertes cr\u00edticas a la UEFA por no permitir una protesta en contra de las leyes homof\u00f3bicas de Hungr\u00eda. <\/p>\n<\/div>\n<p>Ciudades, empresas y diarios alemanes desplegaron en sus calles, cuentas de Twitter y ediciones los <strong>colores del colectivo LGBTIQ+ en rechazo a leyes h\u00fangaras<\/strong> discriminatorias de minor\u00edas sexuales y a la decisi\u00f3n de la Uni\u00f3n Europea de Asociaciones de F\u00fatbol (UEFA) de no permitir iluminar con esos colores el estadio de f\u00fatbol donde en la noche de este mi\u00e9rcoles juegan Alemania y Hungr\u00eda.<\/p>\n<p>Las pol\u00e9micas leyes elevaron al m\u00e1ximo tensiones entre la Uni\u00f3n Europea (UE) y varios de sus pa\u00edses, sobre todo Alemania, y el Gobierno h\u00fangaro del primer ministro <strong>Viktor Orban<\/strong>, luego de a\u00f1os de fuertes diferencias y amenazas de sanciones por varias otras leyes y medidas que la UE ve como atropellos al Estado de derecho.<\/p>\n<p><strong>Ursula von der Leyen<\/strong>, la presidenta de la Comisi\u00f3n Europea, el Ejecutivo de la UE, calific\u00f3 de \u00abuna verg\u00fcenza\u00bb una ley aprobada este mes en Hungr\u00eda que proh\u00edbe la \u00abpromoci\u00f3n de la homosexualidad\u00bb entre los menores y el Gobierno h\u00fangaro le contest\u00f3 que eran \u00abuna verg\u00fcenza\u00bb sus comentarios.<\/p>\n<blockquote readability=\"6\">\n<p>\u00abLa ley es una verg\u00fcenza. Claramente discrimina a personas con base a su orientaci\u00f3n sexual. Y lo hace en contra de valores fundamentales de la Uni\u00f3n Europea\u00bb<span class=\"comilla\">\u201d<\/span><\/p>\n<p><span>Ursula von der Leyen<\/span><\/p>\n<\/blockquote>\n<p>La jefa de Gobierno alemana, <strong>Angela Merkel<\/strong>, con declaraciones menos duras pero interpretadas como un apoyo a la tambi\u00e9n alemana Von der Leyen, dijo horas despu\u00e9s ante el Parlamento en Berl\u00edn que la ley, promulgada esta semana, era \u00abequivocada\u00bb e \u00abincompatible\u00bb con sus ideas pol\u00edticas.<\/p>\n<p>La tormenta pas\u00f3 esta semana del \u00e1mbito pol\u00edtico al deportivo luego de que la confederaci\u00f3n europea de f\u00fatbol, <strong>UEFA, se opusiera a que el estadio de M\u00fanich se iluminara con los colores del arco iris<\/strong>, con los que se identifica al colectivo LGBTIQ+, para el partido entre las selecciones de f\u00fatbol alemana y h\u00fangara por la Eurocopa.<\/p>\n<p>Desde el jefe de la diplomacia alemana a la Presidencia francesa, numerosas capitales europeas criticaron duramente la decisi\u00f3n.<\/p>\n<p>Para tratar de calmar la tempestad, la UEFA, organizadora de la competici\u00f3n que se desarrolla en 11 ciudades de diferentes pa\u00edses, reafirm\u00f3 su \u00abfirme compromiso\u00bb contra la homofobia y hoy visti\u00f3 en Twitter su logo con los colores del arco\u00edris.<\/p>\n<p>El presidente de la UEFA, <strong>Aleksander Ceferin<\/strong>, justific\u00f3 el rechazo diciendo que la iniciativa de iluminar el estadio con los colores LGBT era \u00abpopulista\u00bb.<\/p>\n<p>\u00abNosotros no queremos ser utilizados en acciones populistas\u00bb, afirm\u00f3 al peri\u00f3dico alem\u00e1n <em>Die Welt<\/em> antes del partido Alemania-Hungr\u00eda.<\/p>\n<p>\u00abDebido a la popularidad del f\u00fatbol, la gente intenta a menudo abusar de las asociaciones deportivas con sus propios fines\u00bb, indic\u00f3.<\/p>\n<p>Arco \u00edris<\/p>\n<p>La negativa de la UEFA, adem\u00e1s de cr\u00edticas, suscit\u00f3 un movimiento de solidaridad en Alemania.<\/p>\n<p>Varios lugares emblem\u00e1ticos de M\u00fanich, la capital del estado alem\u00e1n de Baviera, entre ellos un imponente aerogenerador visible desde el Allianz Arena, fueron adornados a lo largo del d\u00eda con los <strong>colores de la comunidad LGTB<\/strong>.<\/p>\n<p>Varios estadios de la liga de f\u00fatbol alem\u00e1n Bundesliga tambi\u00e9n fueron iluminados con el arco\u00edris al empezar a caer el sol, de Fr\u00e1ncfort a Colonia, pasando por Wolfsburgo, Augsburgo, y el Estadio Ol\u00edmpico de Berl\u00edn.<\/p>\n<p>Varios peri\u00f3dicos alemanes, como el S\u00fcddeutsche Zeitung, se adhirieron tambi\u00e9n a la iniciativa con sus portadas coloreadas. Los pesos pesados de la econom\u00eda b\u00e1vara, Siemens o BMW, tambi\u00e9n lucieron en Twitter los colores arco\u00edris.<\/p>\n<div class=\"js-code\" readability=\"5.8415492957746\">\n<blockquote class=\"twitter-tweet\" readability=\"5.8415492957746\">\n<p lang=\"de\" dir=\"ltr\">Nun darf die M\u00fcnchner Fu\u00dfballarena doch nicht in bunten Farben erstrahlen. Die ungarische Regierung h\u00e4tte sich dar\u00fcber zu sehr aufgeregt. <a href=\"https:\/\/twitter.com\/MartinZips?ref_src=twsrc%5Etfw\">@MartinZips<\/a> \u00fcber die Wirkung des Regenbogens heute und in der Geschichte. <a href=\"https:\/\/t.co\/GivT93BO2U\">https:\/\/t.co\/GivT93BO2U<\/a><\/p>\n<p>\u2014 S\u00fcddeutsche Zeitung (@SZ) <a href=\"https:\/\/twitter.com\/SZ\/status\/1407532869564702724?ref_src=twsrc%5Etfw\">June 23, 2021<\/a><\/p><\/blockquote><\/div>\n<p>La empresa de ferrocarriles Deutsche Bahn hizo lo mismo con una de sus locomotoras mostrando un eslogan de promoci\u00f3n de la diversidad.<\/p>\n<p>La decisi\u00f3n de la UEFA, en cambio, fue saludada por el Gobierno h\u00fangaro.<\/p>\n<p>\u00abGracias a Dios, los dirigentes del f\u00fatbol europeo dieron prueba de sentido com\u00fan al no participar en lo que habr\u00eda sido una provocaci\u00f3n pol\u00edtica hacia Hungr\u00eda\u00bb, dijo el canciller <strong>Peter Szijjarto<\/strong>.<\/p>\n<p>Varios clubes de f\u00fatbol h\u00fangaros, por su parte, iluminar\u00e1n sus estadios con los colores de la bandera nacional durante el partido.<\/p>\n<p>Pero de todas formas la ola de indignaci\u00f3n recorri\u00f3 Europa.<\/p>\n<p>\u00abLa ley es una verg\u00fcenza. Claramente discrimina a personas con base a su orientaci\u00f3n sexual. Y lo hace en contra de valores fundamentales de la Uni\u00f3n Europea\u00bb, dijo Von der Leyen.<\/p>\n<p>En t\u00e9rminos parecidos se expres\u00f3 el alcalde de M\u00fanich, el socialdem\u00f3crata Dieter Reiter.<\/p>\n<p>\u00abEncuentro vergonzoso que la UEFA nos proh\u00edba, aqu\u00ed en M\u00fanich, enviar una se\u00f1al por el cosmopolitismo, la tolerancia, el respeto y la solidaridad con las personas de la comunidad LGTB\u00bb, denunci\u00f3.<\/p>\n<p>\u00abLa UEFA ha enviado un mensaje equivocado\u00bb, insisti\u00f3 el ministro alem\u00e1n de Relaciones Exteriores, <strong>Heiko Maas<\/strong>.<\/p>\n<p>El caso de Hungr\u00eda se torn\u00f3 incluso dominante en una reuni\u00f3n de ministros de Relaciones Europeos celebrada el martes en Luxemburgo, y 13 pa\u00edses del bloque firmaron una devastadora declaraci\u00f3n conjunta que pide que la Comisi\u00f3n Europea intervenga en el caso.<\/p>\n<p>\u00abLa UEFA se enred\u00f3 un poco porque de hecho su decisi\u00f3n de rechazo es tambi\u00e9n una decisi\u00f3n pol\u00edtica\u00bb, lament\u00f3 <strong>Cl\u00e9ment Beaune<\/strong>, secretario de Estado franc\u00e9s de Asuntos Europeos.<\/p>\n<p>Antes del partido, los organizadores de las marchas del D\u00eda del Orgullo de M\u00fanich, en colaboraci\u00f3n con Amnist\u00eda Internacional, distribuyeron 11.000 banderas arco\u00edris a los espectadores.<\/p>\n<p>&nbsp; <\/p>\n","protected":false},"excerpt":{"rendered":"<p>Fuertes cr\u00edticas a la UEFA por no permitir una protesta en contra de las leyes homof\u00f3bicas de Hungr\u00eda. Ciudades, empresas y diarios alemanes desplegaron en sus calles, cuentas de Twitter y ediciones los colores del colectivo LGBTIQ+ en rechazo a leyes h\u00fangaras discriminatorias de minor\u00edas sexuales y a la decisi\u00f3n de la Uni\u00f3n Europea de [&hellip;]<\/p>\n","protected":false},"author":1,"featured_media":6163,"comment_status":"closed","ping_status":"closed","sticky":false,"template":"","format":"standard","meta":[],"categories":[13],"tags":[],"_links":{"self":[{"href":"http:\/\/nuevacordoba.net\/index.php\/wp-json\/wp\/v2\/posts\/6162"}],"collection":[{"href":"http:\/\/nuevacordoba.net\/index.php\/wp-json\/wp\/v2\/posts"}],"about":[{"href":"http:\/\/nuevacordoba.net\/index.php\/wp-json\/wp\/v2\/types\/post"}],"author":[{"embeddable":true,"href":"http:\/\/nuevacordoba.net\/index.php\/wp-json\/wp\/v2\/users\/1"}],"replies":[{"embeddable":true,"href":"http:\/\/nuevacordoba.net\/index.php\/wp-json\/wp\/v2\/comments?post=6162"}],"version-history":[{"count":0,"href":"http:\/\/nuevacordoba.net\/index.php\/wp-json\/wp\/v2\/posts\/6162\/revisions"}],"wp:featuredmedia":[{"embeddable":true,"href":"http:\/\/nuevacordoba.net\/index.php\/wp-json\/wp\/v2\/media\/6163"}],"wp:attachment":[{"href":"http:\/\/nuevacordoba.net\/index.php\/wp-json\/wp\/v2\/media?parent=6162"}],"wp:term":[{"taxonomy":"category","embeddable":true,"href":"http:\/\/nuevacordoba.net\/index.php\/wp-json\/wp\/v2\/categories?post=6162"},{"taxonomy":"post_tag","embeddable":true,"href":"http:\/\/nuevacordoba.net\/index.php\/wp-json\/wp\/v2\/tags?post=6162"}],"curies":[{"name":"wp","href":"https:\/\/api.w.org\/{rel}","templated":true}]}}