{"id":61621,"date":"2025-07-10T16:25:24","date_gmt":"2025-07-10T16:25:24","guid":{"rendered":"https:\/\/cordoba.gob.ar\/?p=79144"},"modified":"2025-07-10T16:25:24","modified_gmt":"2025-07-10T16:25:24","slug":"el-ente-metropolitano-cordoba-y-la-union-nacional-de-gobiernos-locales-de-costa-rica-cooperaran-en-distintas-tematicas-de-gestion-regional","status":"publish","type":"post","link":"http:\/\/nuevacordoba.net\/index.php\/2025\/07\/10\/el-ente-metropolitano-cordoba-y-la-union-nacional-de-gobiernos-locales-de-costa-rica-cooperaran-en-distintas-tematicas-de-gestion-regional\/","title":{"rendered":"El Ente Metropolitano C\u00f3rdoba y la Uni\u00f3n Nacional de Gobiernos Locales de Costa Rica cooperar\u00e1n en distintas tem\u00e1ticas de gesti\u00f3n regional"},"content":{"rendered":"<div><img src=\"http:\/\/nuevacordoba.net\/wp-content\/uploads\/2025\/07\/el-ente-metropolitano-cordoba-y-la-union-nacional-de-gobiernos-locales-de-costa-rica-cooperaran-en-distintas-tematicas-de-gestion-regional.jpg\" class=\"ff-og-image-inserted\"><\/div>\n<ul>\n<li><strong>En principio, la agenda se enfocar\u00e1 en \u00e1reas clave como la gesti\u00f3n de residuos urbanos, movilidad sostenible, adaptaci\u00f3n al cambio clim\u00e1tico, entre otras tem\u00e1ticas.<\/strong><\/li>\n<\/ul>\n<hr>\n<p data-prosemirror-content-type=\"node\" data-prosemirror-node-name=\"paragraph\" data-prosemirror-node-block=\"true\">El Ente Metropolitano C\u00f3rdoba (EMC) compartir\u00e1 sus experiencias y tambi\u00e9n se nutrir\u00e1 de las iniciativas de los municipios de Costa Rica, agrupados en la Uni\u00f3n Nacional de Gobiernos Locales (UNGL).<\/p>\n<p data-prosemirror-content-type=\"node\" data-prosemirror-node-name=\"paragraph\" data-prosemirror-node-block=\"true\">El memorando de entendimiento fue suscrito por Rodrigo Fern\u00e1ndez, presidente del EMC, y por Karen Porras Arguedas, directora ejecutiva de la UNGL. La colaboraci\u00f3n buscar\u00e1 promover el desarrollo comunitario y fortalecer la gesti\u00f3n metropolitana en ambas regiones.<\/p>\n<p data-prosemirror-content-type=\"node\" data-prosemirror-node-name=\"paragraph\" data-prosemirror-node-block=\"true\">Durante el acto, tambi\u00e9n particip\u00f3 Erick Jim\u00e9nez Valverde, alcalde de la Municipalidad de Oreamuno (Costa Rica), quien subray\u00f3 la relevancia del acuerdo: \u00abPara nosotros es sumamente importante la firma de este memor\u00e1ndum de entendimiento, porque nos permite compartir las experiencias de C\u00f3rdoba para la consolidaci\u00f3n de lo que ser\u00e1 el futuro Ente Metropolitano de Costa Rica.\u201d<\/p>\n<p data-prosemirror-content-type=\"node\" data-prosemirror-node-name=\"paragraph\" data-prosemirror-node-block=\"true\">Por su parte, Rodrigo Fern\u00e1ndez destac\u00f3 el valor de la colaboraci\u00f3n mutua: \u00abEste acuerdo es una oportunidad invaluable para que el Ente Metropolitano C\u00f3rdoba no solo comparta su trayectoria y aprendizajes, sino que tambi\u00e9n se enriquezca con las perspectivas y desaf\u00edos que enfrenta el \u00e1rea metropolitana de Costa Rica.\u201d<\/p>\n<p data-prosemirror-content-type=\"node\" data-prosemirror-node-name=\"paragraph\" data-prosemirror-node-block=\"true\">Del acto tambi\u00e9n participaron M\u00f3nica Zalazar, subsecretaria de Desarrollo Metropolitano de la Municipalidad de C\u00f3rdoba, y Rub\u00e9n Garc\u00eda Peyrano, director ejecutivo del Ente Metropolitano C\u00f3rdoba.<\/p>\n<p data-prosemirror-content-type=\"node\" data-prosemirror-node-name=\"paragraph\" data-prosemirror-node-block=\"true\"><strong data-prosemirror-content-type=\"mark\" data-prosemirror-mark-name=\"strong\">Gobernanza metropolitana<\/strong><\/p>\n<p data-prosemirror-content-type=\"node\" data-prosemirror-node-name=\"paragraph\" data-prosemirror-node-block=\"true\">En una primera etapa, la cooperaci\u00f3n se enfocar\u00e1 en \u00e1reas clave como la gesti\u00f3n de residuos urbanos, movilidad sostenible, adaptaci\u00f3n al cambio clim\u00e1tico, atracci\u00f3n de inversiones y normativas de uso del suelo.<\/p>\n<p data-prosemirror-content-type=\"node\" data-prosemirror-node-name=\"paragraph\" data-prosemirror-node-block=\"true\">La UNGL es una organizaci\u00f3n intermunicipal de car\u00e1cter asociativo que agrupa a las 32 municipalidades de Costa Rica, pa\u00eds con una poblaci\u00f3n de aproximadamente seis millones de habitantes, y actualmente se encuentra en proceso de conformaci\u00f3n de su propio ente metropolitano.<\/p>\n<p data-prosemirror-content-type=\"node\" data-prosemirror-node-name=\"paragraph\" data-prosemirror-node-block=\"true\">Este acuerdo representa el segundo convenio internacional suscrito por el Ente Metropolitano C\u00f3rdoba, consolidando su posicionamiento como modelo de gesti\u00f3n metropolitana, tras el acuerdo firmado en diciembre pasado con el \u00c1rea Metropolitana del Valle de Aburr\u00e1, en Colombia.<\/p>\n","protected":false},"excerpt":{"rendered":"<p>En principio, la agenda se enfocar\u00e1 en \u00e1reas clave como la gesti\u00f3n de residuos urbanos, movilidad sostenible, adaptaci\u00f3n al cambio clim\u00e1tico, entre otras tem\u00e1ticas. El Ente Metropolitano C\u00f3rdoba (EMC) compartir\u00e1 sus experiencias y tambi\u00e9n se nutrir\u00e1 de las iniciativas de los municipios de Costa Rica, agrupados en la Uni\u00f3n Nacional de Gobiernos Locales (UNGL). El [&hellip;]<\/p>\n","protected":false},"author":1,"featured_media":61622,"comment_status":"closed","ping_status":"closed","sticky":false,"template":"","format":"standard","meta":[],"categories":[14],"tags":[],"_links":{"self":[{"href":"http:\/\/nuevacordoba.net\/index.php\/wp-json\/wp\/v2\/posts\/61621"}],"collection":[{"href":"http:\/\/nuevacordoba.net\/index.php\/wp-json\/wp\/v2\/posts"}],"about":[{"href":"http:\/\/nuevacordoba.net\/index.php\/wp-json\/wp\/v2\/types\/post"}],"author":[{"embeddable":true,"href":"http:\/\/nuevacordoba.net\/index.php\/wp-json\/wp\/v2\/users\/1"}],"replies":[{"embeddable":true,"href":"http:\/\/nuevacordoba.net\/index.php\/wp-json\/wp\/v2\/comments?post=61621"}],"version-history":[{"count":0,"href":"http:\/\/nuevacordoba.net\/index.php\/wp-json\/wp\/v2\/posts\/61621\/revisions"}],"wp:featuredmedia":[{"embeddable":true,"href":"http:\/\/nuevacordoba.net\/index.php\/wp-json\/wp\/v2\/media\/61622"}],"wp:attachment":[{"href":"http:\/\/nuevacordoba.net\/index.php\/wp-json\/wp\/v2\/media?parent=61621"}],"wp:term":[{"taxonomy":"category","embeddable":true,"href":"http:\/\/nuevacordoba.net\/index.php\/wp-json\/wp\/v2\/categories?post=61621"},{"taxonomy":"post_tag","embeddable":true,"href":"http:\/\/nuevacordoba.net\/index.php\/wp-json\/wp\/v2\/tags?post=61621"}],"curies":[{"name":"wp","href":"https:\/\/api.w.org\/{rel}","templated":true}]}}