{"id":61625,"date":"2025-07-10T20:55:50","date_gmt":"2025-07-10T20:55:50","guid":{"rendered":"http:\/\/estaciontrip.com.ar\/?p=10510"},"modified":"2025-07-10T20:55:50","modified_gmt":"2025-07-10T20:55:50","slug":"capitani-titular-de-cordoba-turismo-califico-de-salvaje-el-paro-de-controladores-aereos-en-vacaciones","status":"publish","type":"post","link":"http:\/\/nuevacordoba.net\/index.php\/2025\/07\/10\/capitani-titular-de-cordoba-turismo-califico-de-salvaje-el-paro-de-controladores-aereos-en-vacaciones\/","title":{"rendered":"Capitani, titular de C\u00f3rdoba Turismo, calific\u00f3 de \u00absalvaje\u00bb el paro de controladores a\u00e9reos en vacaciones"},"content":{"rendered":"<div><img src=\"http:\/\/nuevacordoba.net\/wp-content\/uploads\/2025\/07\/capitani-titular-de-cordoba-turismo-califico-de-salvaje-el-paro-de-controladores-aereos-en-vacaciones.jpg\" class=\"ff-og-image-inserted\"><\/div>\n<p><em>La&nbsp;Asociaci\u00f3n T\u00e9cnicos y Empleados de Protecci\u00f3n y Seguridad a la Aeronavegaci\u00f3n (ATEPSA) anunci\u00f3 un cronograma de medidas de fuerza programadas para el mes de julio que afectar\u00e1n vuelos de distintas aerol\u00edneas en el pico de movimiento invernal.<\/em><\/p>\n<p>El presidente de la Agencia C\u00f3rdoba Turismo, Dar\u00edo Capitani, expres\u00f3 hoy que \u201cel anunciado plan de retenciones de tareas por parte de la Asociaci\u00f3n T\u00e9cnicos y Empleados de Protecci\u00f3n y Seguridad a la Aeronavegaci\u00f3n es una medida salvaje que pone en riesgo la fuente laboral de miles de cordobeses\u201d.<\/p>\n<p>Este lunes por la ma\u00f1ana ATEPSA comunic\u00f3 que iniciar\u00e1&nbsp;<strong>interrupciones<\/strong>&nbsp;en la&nbsp;<strong>recepci\u00f3n y transmisi\u00f3n de planes de vuelo<\/strong>, as\u00ed como en la&nbsp;<strong>autorizaci\u00f3n de movimientos de aeronaves y veh\u00edculos en pista<\/strong>. El cronograma incluye diez jornadas con horarios espec\u00edficos de afectaci\u00f3n, con inicio el 11 de julio a las 12:00. La lista completa de d\u00edas comprende el&nbsp;<strong>11, 12, 13, 15, 18, 20, 24, 25, 27 y 30 de julio<\/strong>, con franjas horarias que var\u00edan entre las seis y las catorce horas de duraci\u00f3n.<\/p>\n<p>\u201cEste paro, que afectar\u00e1 la operaci\u00f3n de vuelos en todo el pa\u00eds durante d\u00edas clave para el turismo invernal, representa un golpe muy duro para la industria tur\u00edstica de C\u00f3rdoba y del resto del pa\u00eds\u201d, subray\u00f3 Capitani. Y agreg\u00f3: \u201cDesde la Agencia C\u00f3rdoba Turismo venimos trabajando intensamente para generar convenios con el sector privado y con las aerol\u00edneas, con el objetivo de facilitar el acceso a nuestra provincia de manera m\u00e1s econ\u00f3mica, accesible y competitiva. Sin embargo, acciones de este tipo tiran por la borda gran parte del esfuerzo colectivo realizado para posicionar a C\u00f3rdoba como un destino fuerte en temporada alta\u201d.<\/p>\n<p>Palabra seguida, el titular de la cartera tur\u00edstica se lament\u00f3: \u201cSe trata de un conflicto que lleva meses sin resoluci\u00f3n, y cuyas consecuencias ahora impactan directamente en un sector que ya viene golpeado por la coyuntura econ\u00f3mica, la ca\u00edda del consumo y la presi\u00f3n sobre los costos\u201d.<\/p>\n<p>Por \u00faltimo, concluy\u00f3: \u201cPedimos al gobierno nacional la inmediata intervenci\u00f3n para resolver esta situaci\u00f3n con responsabilidad, en el marco del di\u00e1logo, y protegiendo tanto los derechos de los trabajadores como los intereses de las miles de familias que dependen directa o indirectamente del turismo en C\u00f3rdoba\u00bb.<\/p>\n","protected":false},"excerpt":{"rendered":"<p>La&nbsp;Asociaci\u00f3n T\u00e9cnicos y Empleados de Protecci\u00f3n y Seguridad a la Aeronavegaci\u00f3n (ATEPSA) anunci\u00f3 un cronograma de medidas de fuerza programadas para el mes de julio que afectar\u00e1n vuelos de distintas aerol\u00edneas en el pico de movimiento invernal. El presidente de la Agencia C\u00f3rdoba Turismo, Dar\u00edo Capitani, expres\u00f3 hoy que \u201cel anunciado plan de retenciones de [&hellip;]<\/p>\n","protected":false},"author":1,"featured_media":61626,"comment_status":"closed","ping_status":"closed","sticky":false,"template":"","format":"standard","meta":[],"categories":[11],"tags":[],"_links":{"self":[{"href":"http:\/\/nuevacordoba.net\/index.php\/wp-json\/wp\/v2\/posts\/61625"}],"collection":[{"href":"http:\/\/nuevacordoba.net\/index.php\/wp-json\/wp\/v2\/posts"}],"about":[{"href":"http:\/\/nuevacordoba.net\/index.php\/wp-json\/wp\/v2\/types\/post"}],"author":[{"embeddable":true,"href":"http:\/\/nuevacordoba.net\/index.php\/wp-json\/wp\/v2\/users\/1"}],"replies":[{"embeddable":true,"href":"http:\/\/nuevacordoba.net\/index.php\/wp-json\/wp\/v2\/comments?post=61625"}],"version-history":[{"count":0,"href":"http:\/\/nuevacordoba.net\/index.php\/wp-json\/wp\/v2\/posts\/61625\/revisions"}],"wp:featuredmedia":[{"embeddable":true,"href":"http:\/\/nuevacordoba.net\/index.php\/wp-json\/wp\/v2\/media\/61626"}],"wp:attachment":[{"href":"http:\/\/nuevacordoba.net\/index.php\/wp-json\/wp\/v2\/media?parent=61625"}],"wp:term":[{"taxonomy":"category","embeddable":true,"href":"http:\/\/nuevacordoba.net\/index.php\/wp-json\/wp\/v2\/categories?post=61625"},{"taxonomy":"post_tag","embeddable":true,"href":"http:\/\/nuevacordoba.net\/index.php\/wp-json\/wp\/v2\/tags?post=61625"}],"curies":[{"name":"wp","href":"https:\/\/api.w.org\/{rel}","templated":true}]}}