{"id":6164,"date":"2021-06-23T19:26:23","date_gmt":"2021-06-23T19:26:23","guid":{"rendered":"http:\/\/nuevacordoba.net\/index.php\/2021\/06\/23\/el-puma-goity-y-jorge-suarez-vuelven-al-escenario-con-lo-escucho\/"},"modified":"2021-06-23T19:26:23","modified_gmt":"2021-06-23T19:26:23","slug":"el-puma-goity-y-jorge-suarez-vuelven-al-escenario-con-lo-escucho","status":"publish","type":"post","link":"http:\/\/nuevacordoba.net\/index.php\/2021\/06\/23\/el-puma-goity-y-jorge-suarez-vuelven-al-escenario-con-lo-escucho\/","title":{"rendered":"El \u00abPuma\u00bb Goity y Jorge Su\u00e1rez vuelven al escenario con \u00abLo escucho\u00bb"},"content":{"rendered":"<div class=\"image\" id=\"image\" readability=\"7\"> <img src=\"http:\/\/nuevacordoba.net\/wp-content\/uploads\/2021\/06\/el-puma-goity-y-jorge-suarez-vuelven-al-escenario-con-lo-escucho.jpg\" alt=\"Gabriel &quot;Puma&quot; Goity y Jorge Su\u00e1rez dirigido por Carlos Olivieri\" title=\"Gabriel &quot;Puma&quot; Goity y Jorge Su\u00e1rez dirigido por Carlos Olivieri\"><\/p>\n<p>Gabriel \u00abPuma\u00bb Goity y Jorge Su\u00e1rez dirigido por Carlos Olivieri<\/p>\n<\/div>\n<p><strong>\u00abLo escucho\u00bb<\/strong>, comedia francesa protagonizada por <strong>Gabriel \u00abPuma\u00bb Goity y Jorge Su\u00e1rez<\/strong> volver\u00e1 a presentarse a partir del pr\u00f3ximo viernes 2 de julio en el porte\u00f1o Teatro Metropolitan (Av. Corrientes 1343).<\/p>\n<p>La pieza del actor y m\u00fasico franc\u00e9s <strong>B\u00e9nabar y el chileno H\u00e9ctor Cabello Reyes<\/strong>, en versi\u00f3n de <strong>Fernando Masllorens y Federico Gonz\u00e1lez del Pino<\/strong>; cuenta la historia de un hombre que, simulando ser un nuevo paciente, se presenta en el consultorio del terapeuta de su esposa para desenmascarar la infidelidad entre ambos.<\/p>\n<p>Dirigida por <strong>Carlos Olivieri<\/strong>, la pieza se repondr\u00e1 desde el 2 de julio con funciones los viernes y s\u00e1bados a las 20 y los domingos a las 19.30 (adem\u00e1s de poder apreciarse por streaming). <\/p>\n","protected":false},"excerpt":{"rendered":"<p>Gabriel \u00abPuma\u00bb Goity y Jorge Su\u00e1rez dirigido por Carlos Olivieri \u00abLo escucho\u00bb, comedia francesa protagonizada por Gabriel \u00abPuma\u00bb Goity y Jorge Su\u00e1rez volver\u00e1 a presentarse a partir del pr\u00f3ximo viernes 2 de julio en el porte\u00f1o Teatro Metropolitan (Av. Corrientes 1343). La pieza del actor y m\u00fasico franc\u00e9s B\u00e9nabar y el chileno H\u00e9ctor Cabello Reyes, [&hellip;]<\/p>\n","protected":false},"author":1,"featured_media":6165,"comment_status":"closed","ping_status":"closed","sticky":false,"template":"","format":"standard","meta":[],"categories":[9],"tags":[],"_links":{"self":[{"href":"http:\/\/nuevacordoba.net\/index.php\/wp-json\/wp\/v2\/posts\/6164"}],"collection":[{"href":"http:\/\/nuevacordoba.net\/index.php\/wp-json\/wp\/v2\/posts"}],"about":[{"href":"http:\/\/nuevacordoba.net\/index.php\/wp-json\/wp\/v2\/types\/post"}],"author":[{"embeddable":true,"href":"http:\/\/nuevacordoba.net\/index.php\/wp-json\/wp\/v2\/users\/1"}],"replies":[{"embeddable":true,"href":"http:\/\/nuevacordoba.net\/index.php\/wp-json\/wp\/v2\/comments?post=6164"}],"version-history":[{"count":0,"href":"http:\/\/nuevacordoba.net\/index.php\/wp-json\/wp\/v2\/posts\/6164\/revisions"}],"wp:featuredmedia":[{"embeddable":true,"href":"http:\/\/nuevacordoba.net\/index.php\/wp-json\/wp\/v2\/media\/6165"}],"wp:attachment":[{"href":"http:\/\/nuevacordoba.net\/index.php\/wp-json\/wp\/v2\/media?parent=6164"}],"wp:term":[{"taxonomy":"category","embeddable":true,"href":"http:\/\/nuevacordoba.net\/index.php\/wp-json\/wp\/v2\/categories?post=6164"},{"taxonomy":"post_tag","embeddable":true,"href":"http:\/\/nuevacordoba.net\/index.php\/wp-json\/wp\/v2\/tags?post=6164"}],"curies":[{"name":"wp","href":"https:\/\/api.w.org\/{rel}","templated":true}]}}