{"id":61655,"date":"2025-07-10T21:45:15","date_gmt":"2025-07-10T21:45:15","guid":{"rendered":"https:\/\/www.ole.com.ar\/autos\/goodwood-festival-of-speed-velocidad-alpine-presente-corredores_0_qsYXyrtgY2.html"},"modified":"2025-07-10T21:45:15","modified_gmt":"2025-07-10T21:45:15","slug":"alpine-presente-en-el-festival-de-la-velocidad-en-goodwood-de-que-se-trata","status":"publish","type":"post","link":"http:\/\/nuevacordoba.net\/index.php\/2025\/07\/10\/alpine-presente-en-el-festival-de-la-velocidad-en-goodwood-de-que-se-trata\/","title":{"rendered":"Alpine, presente en el Festival de la Velocidad en Goodwood: \u00bfde qu\u00e9 se trata?"},"content":{"rendered":"<p><time class=\"createDate\" datetime=\"2025-07-10T18:45:15-03:00\">10\/07\/2025 18:45hs.<\/time><\/p>\n<div id=\"storyBody\">\n<div class=\"custom-text \" readability=\"37.310924369748\">\n<p>La <strong><a href=\"https:\/\/www.ole.com.ar\/tema\/formula-1.html\" title=\"F\u00f3rmula 1\" alt=\"F\u00f3rmula 1\" class=\"slug\">F\u00f3rmula 1<\/a> se toma un descanso<\/strong> <strong>de tres semanas<\/strong> hasta su pr\u00f3xima fecha en B\u00e9lgica, y si bien las especulaciones y las primicias est\u00e1n a la orden del d\u00eda, lo cierto es que <strong>hay un vac\u00edo que llenar a ra\u00edz de la falta de actividad<\/strong>. Para tranquilizar ese hambre, a un magnate de la realeza brit\u00e1nica se le ocurri\u00f3 presentar un aperitivo: el <strong>Festival de la Velocidad en Goodwood<\/strong>, donde se presentan varios equipos de la M\u00e1xima incluyendo el de <strong><a href=\"https:\/\/www.ole.com.ar\/tema\/franco-colapinto.html\" title=\"Franco Colapinto\" alt=\"Franco Colapinto\" class=\"slug\">Franco Colapinto<\/a><\/strong>, <strong><a href=\"https:\/\/www.ole.com.ar\/tema\/alpine.html\" title=\"Alpine\" alt=\"Alpine\" class=\"slug\">Alpine<\/a><\/strong>&#8230;<\/p>\n<\/div>\n<div class=\"custom-text \" readability=\"39\">\n<p>La escuder\u00eda <strong>eligi\u00f3 como pilotos para el evento <\/strong>a los reservas, el indio <strong>Kush Maini<\/strong> -particip\u00f3 en la apertura de este jueves-, y el estonio <strong>Paul Aron, quien estar\u00e1 el 11, 12 y 13<\/strong>. \u00bfFranco Colapinto y Pierre Gasly? <strong>Seguir\u00e1n trabajando en Enstone<\/strong> de cara a la jornada que tendr\u00e1 lugar en el circuito de Spa-Francorchamps del 25 al 27 de julio.<\/p>\n<\/div>\n<div class=\"sc-e7b891c4-0 ifHnQL image-embed\"><img alt=\"La alineaci\u00f3n de Aklpine para el Festival de Velocidad en Goodwood. (Foto: Alpine)\" loading=\"lazy\" width=\"720\" height=\"100\" decoding=\"async\" data-nimg=\"1\" src=\"http:\/\/nuevacordoba.net\/wp-content\/uploads\/2025\/07\/alpine-presente-en-el-festival-de-la-velocidad-en-goodwood-de-que-se-trata.jpg\"><span class=\"epigraphe\">La alineaci\u00f3n de Aklpine para el Festival de Velocidad en Goodwood. (Foto: Alpine)<\/span><\/div>\n<p><h2>\u00bfQu\u00e9 es y c\u00f3mo surgi\u00f3 el Festival de la Velocidad en Goodwood?<\/h2>\n<\/p>\n<div class=\"custom-text \" readability=\"38\">\n<p><strong>Se trata de una exhibici\u00f3n anual en el que desfilan m\u00e1quinas tanto hist\u00f3ricas como modernas<\/strong> de varias categor\u00edas automovil\u00edsticas. El mismo <strong>se realiza en Goodwood House<\/strong>, una casa de campo radicada en el condado de Sussex Occidental, en Inglaterra, generalmente a finales de junio o principios de julio.<\/p>\n<\/div>\n<div class=\"custom-text \" readability=\"41\">\n<p>La elecci\u00f3n de estas fechas se debe a que, en ese lapso, la F\u00f3rmula 1 celebra el Gran Premio de Gran Breta\u00f1a en <strong>Silverstone<\/strong>, que <strong>se encuentra a 193 kil\u00f3metros del festival<\/strong>, y luego se toma unas vacaciones de tres semanas. De esta manera, <strong>el evento puede contar con la presencia de las distintas escuder\u00edas<\/strong> de la M\u00e1xima que decidan participar, siendo una Alpine.<\/p>\n<\/div>\n<div class=\"sc-e7b891c4-0 ifHnQL image-embed\"><img alt=\"Red Bull en la Etapa de Rally Forestal. (Foto: @MattJelonek)\" loading=\"lazy\" width=\"720\" height=\"100\" decoding=\"async\" data-nimg=\"1\" src=\"http:\/\/nuevacordoba.net\/wp-content\/uploads\/2025\/07\/alpine-presente-en-el-festival-de-la-velocidad-en-goodwood-de-que-se-trata-1.jpg\"><span class=\"epigraphe\">Red Bull en la Etapa de Rally Forestal. (Foto: @MattJelonek)<\/span><\/div>\n<div class=\"custom-text \" readability=\"40\">\n<p>La primera edici\u00f3n de Goodwood se llev\u00f3 a cabo en <strong>1993 <\/strong>y convoc\u00f3 a decenas de miles de personas pese a no contar con alg\u00fan antecedente. Su creador, <strong>Charles Gordon-Lennox<\/strong>, tambi\u00e9n conocido como Lord March o el und\u00e9cimo duque de Richmond, Lennox y Aubigny, puso manos a la obra para llevar de vuelta el automovilismo a su finca,<strong> que cuenta con una rica historia en este deporte<\/strong>.<\/p>\n<\/div>\n<div class=\"custom-text \" readability=\"36\">\n<p>Su esfuerzo rindi\u00f3 frutos y los n\u00fameros lo avalan: en <strong>2014 reuni\u00f3 unas<\/strong> <strong>100.000 personas<\/strong> en cada uno de sus tres d\u00edas de celebraci\u00f3n. <strong>El r\u00e9cord se qued\u00f3 en 2003, con 158.000 presentes<\/strong>, y no se deber\u00eda mover de ah\u00ed debido a que la asistencia se limit\u00f3 a 150.000 un a\u00f1o m\u00e1s tarde.<\/p>\n<\/div>\n<div class=\"custom-text \" readability=\"38\">\n<p>Este acontecimiento cuenta con varias pruebas para que puedan mostrarse los autos de todas las categor\u00edas. Estas son: la <strong>Subida de la Colina<\/strong> (donde corren los F1), el <strong>Soapbox Challenge<\/strong> (para coches de gravedad), la <strong>Etapa de Rally Forestal<\/strong>, el <strong>Supercar Paddock<\/strong> y <strong>La Arena<\/strong> (que muestra a varios prototipos haciendo drifting y acrobacias). <\/p>\n<\/div>\n<p><h2>\u00bfQu\u00e9 otras escuder\u00edas compartieron su lista de pilotos y m\u00e1quinas presentes en Goodwood?<\/h2>\n<\/p>\n<div class=\"custom-text \" readability=\"40\">\n<p>Algunos de los equipos m\u00e1s importantes fueron a Goodwood. Uno de ellos es <strong>Williams<\/strong>, que exhibe al <strong>FW14B<\/strong>, utilizado entre 1991 y 1992, conducido este jueves por <strong>Jamie Chadwick<\/strong>. <strong>Lia Black <\/strong>lo har\u00e1 el viernes; <strong>James Vowles<\/strong> (director de equipo), el s\u00e1bado; y <strong>Nigel Mansell<\/strong> (expiloto de la estructura inglesa), el domingo.<\/p>\n<\/div>\n<div class=\"sc-e7b891c4-0 ifHnQL image-embed\"><img alt=\"El director del equipo y un expiloto, los volantes de Williams en Goodwood. (Foto: Atlassian Williams)\" loading=\"lazy\" width=\"720\" height=\"100\" decoding=\"async\" data-nimg=\"1\" src=\"http:\/\/nuevacordoba.net\/wp-content\/uploads\/2025\/07\/alpine-presente-en-el-festival-de-la-velocidad-en-goodwood-de-que-se-trata-2.jpg\"><span class=\"epigraphe\">El director del equipo y un expiloto, los volantes de Williams en Goodwood. (Foto: Atlassian Williams)<\/span><\/div>\n<div class=\"custom-text \" readability=\"37\">\n<p>Por su parte, <strong>Red Bull<\/strong> dir\u00e1 presente el s\u00e1bado, junto al piloto de simulador, <strong>Sebastian Job<\/strong>, y el <strong>RB8 <\/strong>con el que Sebastian Vettel sali\u00f3 campe\u00f3n en 2012.<\/p>\n<\/div>\n<div class=\"sc-e7b891c4-0 ifHnQL image-embed\"><img alt=\"As\u00ed anunci\u00f3 Red Bull a su piloto y la m\u00e1quina en la que correr\u00e1 en el evento (Foto: Red Bull Racing)\" loading=\"lazy\" width=\"720\" height=\"100\" decoding=\"async\" data-nimg=\"1\" src=\"http:\/\/nuevacordoba.net\/wp-content\/uploads\/2025\/07\/alpine-presente-en-el-festival-de-la-velocidad-en-goodwood-de-que-se-trata-3.jpg\"><span class=\"epigraphe\">As\u00ed anunci\u00f3 Red Bull a su piloto y la m\u00e1quina en la que correr\u00e1 en el evento (Foto: Red Bull Racing)<\/span><\/div>\n<div class=\"custom-text \" readability=\"37\">\n<p><strong>Fred Vesti<\/strong>, el viernes y el domingo, y <strong>Valtteri Bottas<\/strong>, el s\u00e1bado, son los nombres elegidos por <strong>Mercedes <\/strong>para manejar el <strong>W13<\/strong> de 2022 en el festival. <\/p>\n<\/div>\n<div class=\"sc-e7b891c4-0 ifHnQL image-embed\"><img alt=\"Vesti y Bottas correr\u00e1n para Mercedes. (Foto: AMG Mercedes)\" loading=\"lazy\" width=\"720\" height=\"100\" decoding=\"async\" data-nimg=\"1\" src=\"http:\/\/nuevacordoba.net\/wp-content\/uploads\/2025\/07\/alpine-presente-en-el-festival-de-la-velocidad-en-goodwood-de-que-se-trata-4.jpg\"><span class=\"epigraphe\">Vesti y Bottas correr\u00e1n para Mercedes. (Foto: AMG Mercedes)<\/span><\/div>\n<div class=\"sc-a7166897-0 eoLsBE\" readability=\"6.5\">\n<section readability=\"3\"><picture><img alt=\"Informe: \u00bfqui\u00e9n anduvo mejor en Alpine, Franco Colapinto o Jack Doohan?\" loading=\"lazy\" width=\"290\" height=\"290\" decoding=\"async\" data-nimg=\"1\" src=\"http:\/\/nuevacordoba.net\/wp-content\/uploads\/2025\/07\/alpine-presente-en-el-festival-de-la-velocidad-en-goodwood-de-que-se-trata-5.jpg\"><\/picture>\n<p><span>Mir\u00e1 tambi\u00e9n<\/span><\/p>\n<hr>\n<h3>Informe: \u00bfqui\u00e9n anduvo mejor en Alpine, Franco Colapinto o Jack Doohan?<\/h3>\n<\/p>\n<\/section>\n<\/div>\n<div class=\"sc-a7166897-0 eoLsBE\" readability=\"6\">\n<section readability=\"2\"><picture><img alt=\"La F\u00f3rmula 1 en modo crueldad\" loading=\"lazy\" width=\"290\" height=\"290\" decoding=\"async\" data-nimg=\"1\" src=\"http:\/\/nuevacordoba.net\/wp-content\/uploads\/2025\/07\/alpine-presente-en-el-festival-de-la-velocidad-en-goodwood-de-que-se-trata-6.jpg\"><\/picture>\n<p><span>Mir\u00e1 tambi\u00e9n<\/span><\/p>\n<hr>\n<h3>La F\u00f3rmula 1 en modo crueldad<\/h3>\n<\/p>\n<\/section>\n<\/div>\n<div class=\"sc-a7166897-0 eoLsBE\" readability=\"7\">\n<section readability=\"4\"><picture><img alt=\"Alpine, equipo de Franco Colapinto, homenaje\u00f3 a la Argentina en su d\u00eda patrio\" loading=\"lazy\" width=\"290\" height=\"290\" decoding=\"async\" data-nimg=\"1\" src=\"http:\/\/nuevacordoba.net\/wp-content\/uploads\/2025\/07\/alpine-presente-en-el-festival-de-la-velocidad-en-goodwood-de-que-se-trata-7.jpg\"><\/picture>\n<p><span>Mir\u00e1 tambi\u00e9n<\/span><\/p>\n<hr>\n<h3>Alpine, equipo de Franco Colapinto, homenaje\u00f3 a la Argentina en su d\u00eda patrio<\/h3>\n<\/p>\n<\/section>\n<\/div>\n<\/div>\n","protected":false},"excerpt":{"rendered":"<p>10\/07\/2025 18:45hs. La F\u00f3rmula 1 se toma un descanso de tres semanas hasta su pr\u00f3xima fecha en B\u00e9lgica, y si bien las especulaciones y las primicias est\u00e1n a la orden del d\u00eda, lo cierto es que hay un vac\u00edo que llenar a ra\u00edz de la falta de actividad. Para tranquilizar ese hambre, a un magnate [&hellip;]<\/p>\n","protected":false},"author":1,"featured_media":61656,"comment_status":"closed","ping_status":"closed","sticky":false,"template":"","format":"standard","meta":[],"categories":[10],"tags":[],"_links":{"self":[{"href":"http:\/\/nuevacordoba.net\/index.php\/wp-json\/wp\/v2\/posts\/61655"}],"collection":[{"href":"http:\/\/nuevacordoba.net\/index.php\/wp-json\/wp\/v2\/posts"}],"about":[{"href":"http:\/\/nuevacordoba.net\/index.php\/wp-json\/wp\/v2\/types\/post"}],"author":[{"embeddable":true,"href":"http:\/\/nuevacordoba.net\/index.php\/wp-json\/wp\/v2\/users\/1"}],"replies":[{"embeddable":true,"href":"http:\/\/nuevacordoba.net\/index.php\/wp-json\/wp\/v2\/comments?post=61655"}],"version-history":[{"count":0,"href":"http:\/\/nuevacordoba.net\/index.php\/wp-json\/wp\/v2\/posts\/61655\/revisions"}],"wp:featuredmedia":[{"embeddable":true,"href":"http:\/\/nuevacordoba.net\/index.php\/wp-json\/wp\/v2\/media\/61656"}],"wp:attachment":[{"href":"http:\/\/nuevacordoba.net\/index.php\/wp-json\/wp\/v2\/media?parent=61655"}],"wp:term":[{"taxonomy":"category","embeddable":true,"href":"http:\/\/nuevacordoba.net\/index.php\/wp-json\/wp\/v2\/categories?post=61655"},{"taxonomy":"post_tag","embeddable":true,"href":"http:\/\/nuevacordoba.net\/index.php\/wp-json\/wp\/v2\/tags?post=61655"}],"curies":[{"name":"wp","href":"https:\/\/api.w.org\/{rel}","templated":true}]}}