{"id":6174,"date":"2021-06-23T18:31:23","date_gmt":"2021-06-23T18:31:23","guid":{"rendered":"https:\/\/www.ole.com.ar\/autos\/cronograma-tc2000-buenos-aires_0_xDXVH_PAW.html"},"modified":"2021-06-23T18:31:23","modified_gmt":"2021-06-23T18:31:23","slug":"los-horarios-de-la-5-fecha","status":"publish","type":"post","link":"http:\/\/nuevacordoba.net\/index.php\/2021\/06\/23\/los-horarios-de-la-5-fecha\/","title":{"rendered":"Los horarios de la 5\u00b0 fecha"},"content":{"rendered":"<div><img src=\"http:\/\/nuevacordoba.net\/wp-content\/uploads\/2021\/06\/los-horarios-de-la-5-fecha.jpg\" class=\"ff-og-image-inserted\"><\/div>\n<p>El TC2000 regresa al Aut\u00f3dromo de Buenos Aires para cumplir con la 5\u00b0 fecha de la temporada 2021. Por segunda vez en lo que va del a\u00f1o, se correr\u00e1&nbsp;en el circuito n\u00famero 8 del Oscar y Juan G\u00e1lvez.<\/p>\n<p> La acci\u00f3n en&nbsp;pista arrancar\u00e1 el s\u00e1bado con el \u00fanico entrenamiento, que tendr\u00e1 lugar a las 11:00 hs.<mark> La clasificaci\u00f3n comenzar\u00e1 a las 13:55hs. y la jornada finalizar\u00e1 con el Sprint<\/mark>, que est\u00e1 pactado a 25 minutos m\u00e1s una vuelta y se largar\u00e1 a las 17:05 hs.<\/p>\n<p> El domingo a las 12hs,&nbsp;la categor\u00eda pondr\u00e1 en marcha la&nbsp;final, que est\u00e1 pactada a 30 minutos m\u00e1s un giro.<\/p>\n<p><mark>EL CAMPEONATO:<\/mark><\/p>\n<p> <mark>Jorge Barrio con 116 puntos es el puntero del campeonato<\/mark>, seguido por Facundo Marques con 106, ambos con Renault Fluence. Tercero est\u00e1 Mat\u00edas Cravero con Citro\u00ebn C4 Lounge, con 93 unidades, mientras que detr\u00e1s est\u00e1 el piloto uruguayo Rodrigo Aramend\u00eda con Citro\u00ebn C4 Lounge con 88 e Ignacio Montenegro con Toyota Corolla con 87 en los lugares m\u00e1s destacados.<\/p>\n<div class=\"entry-tags\">\n<h2>TEMAS QUE APARECEN EN ESTA NOTA<\/h2>\n<\/p><\/div>\n","protected":false},"excerpt":{"rendered":"<p>El TC2000 regresa al Aut\u00f3dromo de Buenos Aires para cumplir con la 5\u00b0 fecha de la temporada 2021. Por segunda vez en lo que va del a\u00f1o, se correr\u00e1&nbsp;en el circuito n\u00famero 8 del Oscar y Juan G\u00e1lvez. La acci\u00f3n en&nbsp;pista arrancar\u00e1 el s\u00e1bado con el \u00fanico entrenamiento, que tendr\u00e1 lugar a las 11:00 hs. [&hellip;]<\/p>\n","protected":false},"author":1,"featured_media":6175,"comment_status":"closed","ping_status":"closed","sticky":false,"template":"","format":"standard","meta":[],"categories":[10],"tags":[],"_links":{"self":[{"href":"http:\/\/nuevacordoba.net\/index.php\/wp-json\/wp\/v2\/posts\/6174"}],"collection":[{"href":"http:\/\/nuevacordoba.net\/index.php\/wp-json\/wp\/v2\/posts"}],"about":[{"href":"http:\/\/nuevacordoba.net\/index.php\/wp-json\/wp\/v2\/types\/post"}],"author":[{"embeddable":true,"href":"http:\/\/nuevacordoba.net\/index.php\/wp-json\/wp\/v2\/users\/1"}],"replies":[{"embeddable":true,"href":"http:\/\/nuevacordoba.net\/index.php\/wp-json\/wp\/v2\/comments?post=6174"}],"version-history":[{"count":0,"href":"http:\/\/nuevacordoba.net\/index.php\/wp-json\/wp\/v2\/posts\/6174\/revisions"}],"wp:featuredmedia":[{"embeddable":true,"href":"http:\/\/nuevacordoba.net\/index.php\/wp-json\/wp\/v2\/media\/6175"}],"wp:attachment":[{"href":"http:\/\/nuevacordoba.net\/index.php\/wp-json\/wp\/v2\/media?parent=6174"}],"wp:term":[{"taxonomy":"category","embeddable":true,"href":"http:\/\/nuevacordoba.net\/index.php\/wp-json\/wp\/v2\/categories?post=6174"},{"taxonomy":"post_tag","embeddable":true,"href":"http:\/\/nuevacordoba.net\/index.php\/wp-json\/wp\/v2\/tags?post=6174"}],"curies":[{"name":"wp","href":"https:\/\/api.w.org\/{rel}","templated":true}]}}