{"id":6190,"date":"2021-06-24T06:27:43","date_gmt":"2021-06-24T06:27:43","guid":{"rendered":"http:\/\/nuevacordoba.net\/index.php\/2021\/06\/24\/donald-le-canta-al-amor-en-un-concierto-virtual-y-festeja-seis-decadas-de-carrera\/"},"modified":"2021-06-24T06:27:43","modified_gmt":"2021-06-24T06:27:43","slug":"donald-le-canta-al-amor-en-un-concierto-virtual-y-festeja-seis-decadas-de-carrera","status":"publish","type":"post","link":"http:\/\/nuevacordoba.net\/index.php\/2021\/06\/24\/donald-le-canta-al-amor-en-un-concierto-virtual-y-festeja-seis-decadas-de-carrera\/","title":{"rendered":"Donald \u00able canta al amor\u00bb en un concierto virtual y festeja seis d\u00e9cadas de carrera"},"content":{"rendered":"<div class=\"image\" id=\"image\" readability=\"7\"> <img src=\"http:\/\/nuevacordoba.net\/wp-content\/uploads\/2021\/06\/donald-le-canta-al-amor-en-un-concierto-virtual-y-festeja-seis-decadas-de-carrera.jpg\" alt=\"Donald estar\u00e1 acompa\u00f1ado por ocho m\u00fasicos en escena\" title=\"Donald estar\u00e1 acompa\u00f1ado por ocho m\u00fasicos en escena\"><\/p>\n<p>Donald estar\u00e1 acompa\u00f1ado por ocho m\u00fasicos en escena<\/p>\n<\/div>\n<p>El cantautor argentino <strong>Donald<\/strong>, creador de \u00e9xitos que siguen resonando como <strong>\u00abTiritando\u00bb<\/strong> y <strong>\u00abSiempre fuimos compa\u00f1eros\u00bb<\/strong>, celebrar\u00e1 seis d\u00e9cadas de trayectoria con un concierto que ofrecer\u00e1 por streaming el s\u00e1bado 24 de julio.<\/p>\n<p>En este show titulado <strong>\u00abDonald le canta al amor\u00bb<\/strong>, lo acompa\u00f1ar\u00e1n ocho m\u00fasicos en escena e Interpretar\u00e1 memorables canciones rom\u00e1nticas como <strong>\u00abInolvidable\u00bb, \u00abTu pa\u00f1uelo\u00bb, \u00abFrenes\u00ed\u00bb<\/strong> y <strong>\u00abContigo en la distancia\u00bb<\/strong>.<\/p>\n<p>A un a\u00f1o del fallecimiento del compositor mexicano <strong>Armando Manzanero<\/strong>, el famoso cantante homenajear\u00e1 al artista y a los int\u00e9rpretes de boleros, junto a grandes invitados. El cierre ser\u00e1 el festejo por los 60 a\u00f1os de trayectoria de <strong>Donald Clifton McCluskey<\/strong> -su nombre completo-. Su banda estar\u00e1 integrada por <strong>Miguel \u00c1ngel Castellarin en bater\u00eda y direcci\u00f3n, Juan Martinez en guitarra, Norberto C\u00f3rdoba en bajo y contrabajo, Francisco Cirimele en piano, Roberto Cabrera en percusi\u00f3n, y Ana Laura Avalos, Rodrigo Garcia y Giuly Vaninetti en coros<\/strong>.<\/p>\n","protected":false},"excerpt":{"rendered":"<p>Donald estar\u00e1 acompa\u00f1ado por ocho m\u00fasicos en escena El cantautor argentino Donald, creador de \u00e9xitos que siguen resonando como \u00abTiritando\u00bb y \u00abSiempre fuimos compa\u00f1eros\u00bb, celebrar\u00e1 seis d\u00e9cadas de trayectoria con un concierto que ofrecer\u00e1 por streaming el s\u00e1bado 24 de julio. En este show titulado \u00abDonald le canta al amor\u00bb, lo acompa\u00f1ar\u00e1n ocho m\u00fasicos en [&hellip;]<\/p>\n","protected":false},"author":1,"featured_media":6191,"comment_status":"closed","ping_status":"closed","sticky":false,"template":"","format":"standard","meta":[],"categories":[9],"tags":[],"_links":{"self":[{"href":"http:\/\/nuevacordoba.net\/index.php\/wp-json\/wp\/v2\/posts\/6190"}],"collection":[{"href":"http:\/\/nuevacordoba.net\/index.php\/wp-json\/wp\/v2\/posts"}],"about":[{"href":"http:\/\/nuevacordoba.net\/index.php\/wp-json\/wp\/v2\/types\/post"}],"author":[{"embeddable":true,"href":"http:\/\/nuevacordoba.net\/index.php\/wp-json\/wp\/v2\/users\/1"}],"replies":[{"embeddable":true,"href":"http:\/\/nuevacordoba.net\/index.php\/wp-json\/wp\/v2\/comments?post=6190"}],"version-history":[{"count":0,"href":"http:\/\/nuevacordoba.net\/index.php\/wp-json\/wp\/v2\/posts\/6190\/revisions"}],"wp:featuredmedia":[{"embeddable":true,"href":"http:\/\/nuevacordoba.net\/index.php\/wp-json\/wp\/v2\/media\/6191"}],"wp:attachment":[{"href":"http:\/\/nuevacordoba.net\/index.php\/wp-json\/wp\/v2\/media?parent=6190"}],"wp:term":[{"taxonomy":"category","embeddable":true,"href":"http:\/\/nuevacordoba.net\/index.php\/wp-json\/wp\/v2\/categories?post=6190"},{"taxonomy":"post_tag","embeddable":true,"href":"http:\/\/nuevacordoba.net\/index.php\/wp-json\/wp\/v2\/tags?post=6190"}],"curies":[{"name":"wp","href":"https:\/\/api.w.org\/{rel}","templated":true}]}}