{"id":621,"date":"2021-02-05T08:19:22","date_gmt":"2021-02-05T08:19:22","guid":{"rendered":"http:\/\/nuevacordoba.net\/index.php\/2021\/02\/05\/retenciones-al-agro-en-el-gobierno-hablan-de-subirlas-para-bajar-precios\/"},"modified":"2021-02-05T08:19:22","modified_gmt":"2021-02-05T08:19:22","slug":"retenciones-al-agro-en-el-gobierno-hablan-de-subirlas-para-bajar-precios","status":"publish","type":"post","link":"http:\/\/nuevacordoba.net\/index.php\/2021\/02\/05\/retenciones-al-agro-en-el-gobierno-hablan-de-subirlas-para-bajar-precios\/","title":{"rendered":"Retenciones al agro: en el Gobierno hablan de subirlas para bajar precios"},"content":{"rendered":"<div><img src=\"http:\/\/nuevacordoba.net\/wp-content\/uploads\/2021\/02\/retenciones-al-agro-en-el-gobierno-hablan-de-subirlas-para-bajar-precios.jpg\" class=\"ff-og-image-inserted\"><\/div>\n<p>La vicejefa de Gabinete, Cecilia Todesca Bocco, asegur\u00f3 hoy que en el <a href=\"https:\/\/www.lavoz.com.ar\/temas\/gobierno-nacional\" target=\"_blank\" rel=\"noopener\">Gobierno nacional<\/a> \u201cno se descarta una suba de retenciones\u201d a las <a href=\"https:\/\/www.lavoz.com.ar\/temas\/exportaciones\" target=\"_blank\" rel=\"noopener\">exportaciones<\/a> de materias primas para frenar la suba en los precios de los alimentos, y volvi\u00f3 a encender alarmas en el sector agropecuario que, a trav\u00e9s de algunos de sus dirigentes, ya sali\u00f3 a rechazar esa idea.<\/p>\n<p>Aunque la funcionaria subray\u00f3 que el Gobierno apuesta \u201cal di\u00e1logo\u201d con los productores, reconoci\u00f3 que no est\u00e1 descartado volver a aumentar las retenciones agropecuarias, impuestos que ahora tienen fijados topes a trav\u00e9s de la Ley de Solidaridad Social y Reactivaci\u00f3n Productiva que el propio Alberto Fern\u00e1ndez impuls\u00f3 en el inicio de la pandemia.<\/p>\n<p>\u201cNo se descarta una suba de retenciones. No tenemos tantas herramientas y tenemos que usar todo lo que tengamos. Nosotros apostamos al di\u00e1logo\u201d, remarc\u00f3 Todesca Bocco en declaraciones period\u00edsticas.<\/p>\n<p>Para la funcionaria, \u201clas retenciones son una herramienta t\u00e9cnica que permite desacoplar el precio nacional del internacional para garantizar una oferta de alimentos a un precio razonable para los ingresos de las familias\u201d, dijo, con lo cual insisti\u00f3 en la teor\u00eda econ\u00f3mica de que el precio de las commodities impulsa los precios internos. \u201cLa soluci\u00f3n no puede ser que los precios de los alimentos se disparen por la suba del precio internacional y que todos nos quedemos mirando\u201d, justific\u00f3 la n\u00famero dos de Santiago Cafiero.<\/p>\n<div class=\"block-ad-node\">\n<div>\n<p> <span>Publicidad<\/span> <\/p>\n<\/div>\n<\/div>\n<p>\u201cNosotros estamos dando lugar a las conversaciones para que no se nos diga que actuamos en exabrupto\u201d, afirm\u00f3, quien destac\u00f3 que el Gobierno tiene \u201ccomo objetivo para este a\u00f1o una inflaci\u00f3n del 29%\u201d y que se trabaja \u201cpara que se cumpla\u201d.<\/p>\n<p>En realidad, todav\u00eda no hay ninguna l\u00ednea de conversaci\u00f3n formal por este tema en particular entre el Gobierno y las entidades que representan al campo, algunas de las cuales le respondieron horas despu\u00e9s de sus expresiones.<\/p>\n<p>S\u00ed los ministros de Trabajo, de Econom\u00eda y de Desarrollo Productivo est\u00e1n trabajando en el armado de las reuniones con sindicalistas y empresarios para contarles c\u00f3mo ven este a\u00f1o, \u201ccu\u00e1les son los objetivos y cu\u00e1les las variables econ\u00f3micas que deben converger para alcanzar ese 29%\u201d, describi\u00f3.<\/p>\n<p>Proyectada la inflaci\u00f3n de enero, el \u00edndice de costo de vida de 2021 no ser\u00eda inferior al 50%, aunque para el Gobierno es prematuro realizar ese c\u00e1lculo con s\u00f3lo un mes del a\u00f1o transcurrido.<\/p>\n<p class=\"SubTitulo\"><strong>Inquietud en exportadores<\/strong><\/p>\n<div class=\"block-ad-node\">\n<div>\n<p> <span>Publicidad<\/span> <\/p>\n<\/div>\n<\/div>\n<p>Las expresiones de Todesca habr\u00edan incidido en la comercializaci\u00f3n de ayer, donde algunas exportadoras suspendieron transitoriamente las operaciones a la espera de alguna aclaraci\u00f3n oficial.<\/p>\n<p>\u201cTrascendidos como este generan alarma y preocupaci\u00f3n. Estamos comprometidos al di\u00e1logo para fomentar la b\u00fasqueda de instrumentos que alivien el bolsillo del consumidor y que logremos motorizar nuestros diversos sectores productivos, que verdaderamente est\u00e1n asfixiados de impuestos\u201d, tuite\u00f3 Carlos Iannizzotto, presidente de Coninagro.<\/p>\n<p>Juan Diego Etchevehere, productor y hermano del exministro de Agroindustria de Cambiemos, Luis Miguel Etchevehere, asegur\u00f3: \u201cTodesca no deber\u00eda descartar administrar bien el pa\u00eds ajustando el gasto improductivo. \u00bfPor qu\u00e9 se resiste a eso? \u00bfPor qu\u00e9 elige seguir pisando al campo? Mire a su alrededor y observe la pol\u00edtica sobre retenciones que mantienen los pa\u00edses vecinos\u201d.<\/p>\n<div class=\"block-ad-node\">\n<div>\n<p> <span>Publicidad<\/span> <\/p>\n<\/div>\n<\/div>\n<p>A nivel institucional, en tanto, Carbap, una de las entidades ruralistas m\u00e1s representativas de Buenos Aires y de La Pampa, consider\u00f3 que Todesca cae en un \u201cgrave error conceptual\u201d, que no resolver\u00e1 el problema de los aumentos de precios y que apunta s\u00f3lo a fines recaudatorios.<\/p>\n<p>\u201cSe vuelve a pensar en recetas fracasadas para sostener la inflaci\u00f3n del 29% incorporada en el Presupuesto . Argentina exporta materias primas, cuya incidencia hoy en el precio de los alimentos nacionales es irrelevante respecto de la presi\u00f3n impositiva y de los costos fiscales\u201d, remarc\u00f3.<\/p>\n<p>Seg\u00fan la Ley de Solidaridad, el Gobierno no podr\u00eda tocar las retenciones a la soja, que se encuentran en el m\u00e1ximo fijado del 33 por ciento, pero s\u00ed estar\u00eda en condiciones de subir hasta dos puntos las de ma\u00edz y de trigo. \u201cSe debe analizar toda la cadena y principalmente el componente tributario, algo que el Estado se niega a modificar\u201d, sostuvo Carbap.<\/p>\n<p class=\"SubTitulo\"><strong>Incidencia de granos en precios de los alimentos<\/strong><\/p>\n<p><em>Para el campo, el impacto es muy bajo con relaci\u00f3n a los impuestos.<\/em><\/p>\n<p>La preocupaci\u00f3n principal del Gobierno y de los consumidores est\u00e1 centrada en el fuerte aumento de los precios de las carnes desde diciembre. Para la crianza, se utiliza tambi\u00e9n ma\u00edz, uno de los granos \u201cestrella\u201d en materia de precios. Sin embargo, entidades como la Fundaci\u00f3n Fada descartaron, con estudios de costos, que los cereales y los l\u00e1cteos tengan una incidencia decisiva en la conformaci\u00f3n del precio final de los productos que llegan al consumidor. Para el caso de la carne, el 51% del precio se lo llevan la cr\u00eda y el feedlot.<\/p>\n<p class=\"SubTitulo\"><strong>Cu\u00e1nto podr\u00eda recaudar seg\u00fan cada grano<\/strong><\/p>\n<p>La soja ya tiene el m\u00e1ximo permitido de 33%, \u201cpor lo cual debieran hacer un cambio en la ley a trav\u00e9s del Congreso Nacional\u201d, entendi\u00f3 el especialista Fernando Perosio, consultado por <strong>La Voz<\/strong> sobre la posibilidad de que se modifiquen las retenciones.<\/p>\n<p>\u201cPara el caso del trigo y del ma\u00edz, tienen el 12%, y por la misma ley las pueden llevar al 15%. Si quieren ir m\u00e1s arriba del 15%, lo deben hacer tambi\u00e9n a trav\u00e9s del Parlamento\u201d, agreg\u00f3.<\/p>\n<p>Si se toma el ma\u00edz, una suba a 15% implica tres puntos porcentuales, que aplicados a una estimaci\u00f3n de 32 millones de toneladas por vender, y tomando como base un valor FOB de 245 d\u00f3lares por tonelada, representar\u00eda un adicional de ingresos para el Gobierno de 235 millones de d\u00f3lares, calcul\u00f3 el consultor y corredor de cereales.<\/p>\n<p>En el trigo, si suben a 15%, son tres puntos porcentuales, que aplicados a una estimaci\u00f3n de siete millones de toneladas por vender, y tomando como base un FOB de 267 d\u00f3lares por tonelada, representar\u00eda un adicional de 56 millones de d\u00f3lares.<\/p>\n<p>\u201cO sea, entre ambos productos, sumar\u00edan un total de 291 millones de d\u00f3lares, que, imagino, no les soluciona nada con los problemas corrientes existentes\u201d, explic\u00f3 Perosio.<\/p>\n<p>El volumen estimado de soja por comercializar es de aproximadamente 39 millones de toneladas, y el valor FOB, de 509 d\u00f3lares por tonelada. \u201cEl volumen y el precio incitan a cualquier cambio. Si hacemos un ejercicio de suba de cinco puntos, representar\u00eda un aproximado de 595 millones de d\u00f3lares\u201d, alert\u00f3.<\/p>\n<p>Conocidas las declaraciones de Cecilia Todesca, el legislador cordob\u00e9s Dante Rossi (UCR) present\u00f3 un proyecto en la Unicameral para declarar el repudio de C\u00f3rdoba ante cualquier nueva suba de las retenciones.<\/p>\n<p>Rossi expres\u00f3 que dichas manifestaciones \u201catentan contra un sector productivo vital para la recuperaci\u00f3n de la Argentina\u201d. \u201cEste no es un ataque m\u00e1s: hace pocos d\u00edas el gobierno del presidente Alberto Fern\u00e1ndez hab\u00eda decretado el cierre de las exportaciones de ma\u00edz\u201d, record\u00f3.<\/p>\n<div class=\"ctaNewsNotaContainer\" readability=\"6.5\">\n<div class=\"newsletterTextContainer\" readability=\"33\">\n<p> S\u00cdNTESIS POL\u00cdTICA<\/p>\n<p> Informaci\u00f3n exclusiva y el mejor an\u00e1lisis, los lunes en tu correo.<\/p>\n<form method=\"post\" action-xhr=\"https:\/\/www.lavoz.com.ar\/newsletters\/sintesis-politica\/signup\" id=\"newsletter-signup\" class=\"newsletterForm\" target=\"_blank\" custom-validation-reporting=\"as-you-go\" on=\"submit:AMP.setState({formLoading:true});submit-success:AMP.setState({formSuccess:true})\">\n<div submit-success class=\"is-paddingless-l\" readability=\"6\"> <template type=\"amp-mustache\" readability=\"2\"><\/p>\n<p> <strong>\u00a1Gracias por suscribirte!<\/strong><\/p>\n<p> <\/template><\/div>\n<div submit-error class=\"is-paddingless-l\" readability=\"6.5\"> <template type=\"amp-mustache\" readability=\"3\"><\/p>\n<p> <strong>Ha ocurrido un error, por favor intente nuevamente m\u00e1s tarde.<\/strong><\/p>\n<p> <\/template><\/div>\n<\/form>\n<\/div>\n<\/div>\n<div class=\"column is-inline-block\" readability=\"5.1028037383178\">\n<div class=\"notification is-padding-lr\" readability=\"5.9532710280374\"> <a class=\"no-decoration is-font-bold\" href=\"https:\/\/www.lavoz.com.ar\/edicion-impresa\">Edici\u00f3n Impresa<\/a><\/p>\n<p class=\"is-font-sans-serif\">El texto original de este art\u00edculo fue publicado el 5\/02\/2021 en nuestra edici\u00f3n impresa.<\/p>\n<\/div>\n<\/div>\n<div>\n<p> <span>Publicidad<\/span> <\/p>\n<\/div>\n","protected":false},"excerpt":{"rendered":"<p>La vicejefa de Gabinete, Cecilia Todesca Bocco, asegur\u00f3 hoy que en el Gobierno nacional \u201cno se descarta una suba de retenciones\u201d a las exportaciones de materias primas para frenar la suba en los precios de los alimentos, y volvi\u00f3 a encender alarmas en el sector agropecuario que, a trav\u00e9s de algunos de sus dirigentes, ya [&hellip;]<\/p>\n","protected":false},"author":1,"featured_media":622,"comment_status":"closed","ping_status":"closed","sticky":false,"template":"","format":"standard","meta":[],"categories":[12],"tags":[],"_links":{"self":[{"href":"http:\/\/nuevacordoba.net\/index.php\/wp-json\/wp\/v2\/posts\/621"}],"collection":[{"href":"http:\/\/nuevacordoba.net\/index.php\/wp-json\/wp\/v2\/posts"}],"about":[{"href":"http:\/\/nuevacordoba.net\/index.php\/wp-json\/wp\/v2\/types\/post"}],"author":[{"embeddable":true,"href":"http:\/\/nuevacordoba.net\/index.php\/wp-json\/wp\/v2\/users\/1"}],"replies":[{"embeddable":true,"href":"http:\/\/nuevacordoba.net\/index.php\/wp-json\/wp\/v2\/comments?post=621"}],"version-history":[{"count":0,"href":"http:\/\/nuevacordoba.net\/index.php\/wp-json\/wp\/v2\/posts\/621\/revisions"}],"wp:featuredmedia":[{"embeddable":true,"href":"http:\/\/nuevacordoba.net\/index.php\/wp-json\/wp\/v2\/media\/622"}],"wp:attachment":[{"href":"http:\/\/nuevacordoba.net\/index.php\/wp-json\/wp\/v2\/media?parent=621"}],"wp:term":[{"taxonomy":"category","embeddable":true,"href":"http:\/\/nuevacordoba.net\/index.php\/wp-json\/wp\/v2\/categories?post=621"},{"taxonomy":"post_tag","embeddable":true,"href":"http:\/\/nuevacordoba.net\/index.php\/wp-json\/wp\/v2\/tags?post=621"}],"curies":[{"name":"wp","href":"https:\/\/api.w.org\/{rel}","templated":true}]}}