{"id":62315,"date":"2025-07-21T22:58:39","date_gmt":"2025-07-21T22:58:39","guid":{"rendered":"https:\/\/www.ole.com.ar\/autos\/franco-colapinto-formula-1-trivia_0_o84dxUPf8b.html"},"modified":"2025-07-21T22:58:39","modified_gmt":"2025-07-21T22:58:39","slug":"trivia-ole-franco-colapinto-en-el-gran-premio-de-belgica","status":"publish","type":"post","link":"http:\/\/nuevacordoba.net\/index.php\/2025\/07\/21\/trivia-ole-franco-colapinto-en-el-gran-premio-de-belgica\/","title":{"rendered":"Trivia Ol\u00e9: Franco Colapinto en el Gran Premio de B\u00e9lgica"},"content":{"rendered":"<p><time class=\"createDate\" datetime=\"2025-07-21T19:58:39-03:00\">21\/07\/2025 19:58hs.<\/time><\/p>\n<div id=\"storyBody\">\n<div class=\"custom-text \" readability=\"34.247023809524\">\n<p>Luego de dos semanas sin actividad, <strong><a href=\"https:\/\/www.ole.com.ar\/tema\/franco-colapinto.html\" title=\"Franco Colapinto\" alt=\"Franco Colapinto\" class=\"slug\">Franco Colapinto<\/a> se vuelve a subir al Alpine para un fin de semana cargado de actividad en la <a href=\"https:\/\/www.ole.com.ar\/tema\/formula-1.html\" title=\"F\u00f3rmula 1\" alt=\"F\u00f3rmula 1\" class=\"slug\">Formula 1<\/a><\/strong>. Con un nuevo desaf\u00edo por delante, el argentino acelerar\u00e1 a fondo en el Gran Premio de B\u00e9lgica. En <strong>Ol\u00e9 <\/strong>te invitamos a hacer memoria y aplicar tu conocimiento en la siguiente trivia. \u00a1A jugar!<\/p>\n<\/div>\n<div class=\"sc-e7b891c4-0 ifHnQL image-embed\"><img alt=\"Franco Colapinto a bordo del Alpine. (AP)\" loading=\"lazy\" width=\"720\" height=\"100\" decoding=\"async\" data-nimg=\"1\" src=\"http:\/\/nuevacordoba.net\/wp-content\/uploads\/2025\/07\/trivia-ole-franco-colapinto-en-el-gran-premio-de-belgica.jpg\"><span class=\"epigraphe\">Franco Colapinto a bordo del Alpine. (AP)<\/span><\/div>\n<div class=\"sc-a7166897-0 eoLsBE\" readability=\"6\">\n<section readability=\"2\"><picture><img alt=\"Pierre Gasly habl\u00f3 sobre los rumores de Bottas a Alpine: &quot;Mucho ruido&quot;\" loading=\"lazy\" width=\"290\" height=\"290\" decoding=\"async\" data-nimg=\"1\" src=\"http:\/\/nuevacordoba.net\/wp-content\/uploads\/2025\/07\/trivia-ole-franco-colapinto-en-el-gran-premio-de-belgica-1.jpg\"><\/picture>\n<p><span>Mir\u00e1 tambi\u00e9n<\/span><\/p>\n<hr>\n<h3>Pierre Gasly habl\u00f3 sobre los rumores de Bottas a Alpine: \u00abMucho ruido\u00bb<\/h3>\n<\/p>\n<\/section>\n<\/div>\n<div class=\"sc-a7166897-0 eoLsBE\" readability=\"6.5\">\n<section readability=\"3\"><picture><img alt=\"El G\u00e1lvez ofrecer\u00e1 dos carreras gratis: Turismo Pista con 300 pilotos y Turismo Carretera 2000\" loading=\"lazy\" width=\"290\" height=\"290\" decoding=\"async\" data-nimg=\"1\" src=\"http:\/\/nuevacordoba.net\/wp-content\/uploads\/2025\/07\/trivia-ole-franco-colapinto-en-el-gran-premio-de-belgica-2.jpg\"><\/picture>\n<p><span>Mir\u00e1 tambi\u00e9n<\/span><\/p>\n<hr>\n<h3>El G\u00e1lvez ofrecer\u00e1 dos carreras gratis: Turismo Pista con 300 pilotos y Turismo Carretera 2000<\/h3>\n<\/p>\n<\/section>\n<\/div>\n<div class=\"sc-a7166897-0 eoLsBE\" readability=\"6\">\n<section readability=\"2\"><picture><img alt=\"El reto que Franco Colapinto desbloquear\u00e1 con Alpine en el Gran Premio de B\u00e9lgica \" loading=\"lazy\" width=\"290\" height=\"290\" decoding=\"async\" data-nimg=\"1\" src=\"http:\/\/nuevacordoba.net\/wp-content\/uploads\/2025\/07\/trivia-ole-franco-colapinto-en-el-gran-premio-de-belgica-3.jpg\"><\/picture>\n<p><span>Mir\u00e1 tambi\u00e9n<\/span><\/p>\n<hr>\n<h3>El reto que Franco Colapinto desbloquear\u00e1 con Alpine en el Gran Premio de B\u00e9lgica <\/h3>\n<\/p>\n<\/section>\n<\/div>\n<div class=\"sc-a7166897-0 eoLsBE\" readability=\"6\">\n<section readability=\"2\"><picture><img alt=\"Video: \u00a1cuatro autos llegaron juntos en el Turismo Pista!\" loading=\"lazy\" width=\"290\" height=\"290\" decoding=\"async\" data-nimg=\"1\" src=\"http:\/\/nuevacordoba.net\/wp-content\/uploads\/2025\/07\/trivia-ole-franco-colapinto-en-el-gran-premio-de-belgica-4.jpg\"><\/picture>\n<p><span>Mir\u00e1 tambi\u00e9n<\/span><\/p>\n<hr>\n<h3>Video: \u00a1cuatro autos llegaron juntos en el Turismo Pista!<\/h3>\n<\/p>\n<\/section>\n<\/div>\n<\/div>\n","protected":false},"excerpt":{"rendered":"<p>21\/07\/2025 19:58hs. Luego de dos semanas sin actividad, Franco Colapinto se vuelve a subir al Alpine para un fin de semana cargado de actividad en la Formula 1. Con un nuevo desaf\u00edo por delante, el argentino acelerar\u00e1 a fondo en el Gran Premio de B\u00e9lgica. En Ol\u00e9 te invitamos a hacer memoria y aplicar tu [&hellip;]<\/p>\n","protected":false},"author":1,"featured_media":62316,"comment_status":"closed","ping_status":"closed","sticky":false,"template":"","format":"standard","meta":[],"categories":[10],"tags":[],"_links":{"self":[{"href":"http:\/\/nuevacordoba.net\/index.php\/wp-json\/wp\/v2\/posts\/62315"}],"collection":[{"href":"http:\/\/nuevacordoba.net\/index.php\/wp-json\/wp\/v2\/posts"}],"about":[{"href":"http:\/\/nuevacordoba.net\/index.php\/wp-json\/wp\/v2\/types\/post"}],"author":[{"embeddable":true,"href":"http:\/\/nuevacordoba.net\/index.php\/wp-json\/wp\/v2\/users\/1"}],"replies":[{"embeddable":true,"href":"http:\/\/nuevacordoba.net\/index.php\/wp-json\/wp\/v2\/comments?post=62315"}],"version-history":[{"count":0,"href":"http:\/\/nuevacordoba.net\/index.php\/wp-json\/wp\/v2\/posts\/62315\/revisions"}],"wp:featuredmedia":[{"embeddable":true,"href":"http:\/\/nuevacordoba.net\/index.php\/wp-json\/wp\/v2\/media\/62316"}],"wp:attachment":[{"href":"http:\/\/nuevacordoba.net\/index.php\/wp-json\/wp\/v2\/media?parent=62315"}],"wp:term":[{"taxonomy":"category","embeddable":true,"href":"http:\/\/nuevacordoba.net\/index.php\/wp-json\/wp\/v2\/categories?post=62315"},{"taxonomy":"post_tag","embeddable":true,"href":"http:\/\/nuevacordoba.net\/index.php\/wp-json\/wp\/v2\/tags?post=62315"}],"curies":[{"name":"wp","href":"https:\/\/api.w.org\/{rel}","templated":true}]}}