{"id":62317,"date":"2025-07-21T23:25:33","date_gmt":"2025-07-21T23:25:33","guid":{"rendered":"https:\/\/www.ole.com.ar\/futbol-ascenso\/ascenso-primera-nacional-colon-pulga-rodriguez-lesion_0_lprDtPgHlr.html"},"modified":"2025-07-21T23:25:33","modified_gmt":"2025-07-21T23:25:33","slug":"alerta-en-colon-asi-esta-el-pulga-rodriguez-tras-su-lesion-ante-central-norte","status":"publish","type":"post","link":"http:\/\/nuevacordoba.net\/index.php\/2025\/07\/21\/alerta-en-colon-asi-esta-el-pulga-rodriguez-tras-su-lesion-ante-central-norte\/","title":{"rendered":"Alerta en Col\u00f3n: as\u00ed est\u00e1 el Pulga Rodr\u00edguez tras su lesi\u00f3n ante Central Norte"},"content":{"rendered":"<p><time class=\"createDate\" datetime=\"2025-07-21T20:25:33-03:00\">21\/07\/2025 20:25hs.<\/time><\/p>\n<div id=\"storyBody\">\n<div class=\"custom-text \" readability=\"33.154494382022\">\n<p>Tras la victoria por 1-0 ante <a href=\"https:\/\/www.ole.com.ar\/tema\/almirante-brown.html\" title=\"Almirante Brown\" alt=\"Almirante Brown\" class=\"slug\">Almirante Brown<\/a> el domingo pasado, la situaci\u00f3n cr\u00edtica de <a href=\"https:\/\/www.ole.com.ar\/tema\/colon.html\" title=\"Col\u00f3n\" alt=\"Col\u00f3n\" class=\"slug\">Col\u00f3n<\/a> parec\u00eda empezar a bajar. Y como no, se cort\u00f3 una racha de seis partidos sin conseguir la victoria en la <a href=\"https:\/\/www.ole.com.ar\/tema\/primera-nacional.html\" title=\"Primera Nacional\" alt=\"Primera Nacional\" class=\"slug\">Primera Nacional<\/a>. Un regreso a la victoria que aument\u00f3 la ilusi\u00f3n de los hinchas y los jugadores del Sabalero de cara a lo que se ven\u00eda en la Zona B.<\/p>\n<\/div>\n<div class=\"custom-text \" readability=\"34.752\">\n<p>Y con esta motivaci\u00f3n, los dirigidos por Martin Minella llegaban a Salta para enfrentarse a <a href=\"https:\/\/www.ole.com.ar\/tema\/central-norte.html\" title=\"Central Norte\" alt=\"Central Norte\" class=\"slug\">Central Norte<\/a> por la fecha 23 del Nacional. Un partido dur\u00edsimo donde el conjunto santafesino pudo llevarse los tres puntos en un apretado 4-3. Pero <strong>el triunfo fue opacado por una situaci\u00f3n que encendi\u00f3 las alarmas<\/strong>: la sustituci\u00f3n del Pulga Rodr\u00edguez a los 28 minutos de juego.<\/p>\n<\/div>\n<div class=\"sc-e7b891c4-0 ifHnQL image-embed\"><img alt=\"El Pulga Rodr\u00edguez fue sustituido a los 28' del primer tiempo.\" loading=\"lazy\" width=\"720\" height=\"100\" decoding=\"async\" data-nimg=\"1\" src=\"http:\/\/nuevacordoba.net\/wp-content\/uploads\/2025\/07\/alerta-en-colon-asi-esta-el-pulga-rodriguez-tras-su-lesion-ante-central-norte.jpg\"><span class=\"epigraphe\">El Pulga Rodr\u00edguez fue sustituido a los 28&#8242; del primer tiempo.<\/span><\/div>\n<p><h2><strong>El momento de la lesi\u00f3n del Pulga Rodr\u00edguez<\/strong><\/h2>\n<\/p>\n<div class=\"custom-text \" readability=\"36\">\n<p>Luis Miguel Rodr\u00edguez, quien tuvo participaci\u00f3n en los primeros dos goles del Sabalero, <strong>sinti\u00f3 una molestia en el isquiotibial de su pierna derecha <\/strong>y debi\u00f3 ser reemplazado a los 28 minutos de la primera mitad. En su lugar ingres\u00f3 Ignacio Lago.<\/p>\n<\/div>\n<div class=\"sc-e7b891c4-0 ifHnQL image-embed\"><img alt=\"La lesi\u00f3n del Pulga Rodr\u00edguez ante Central Norte.\" loading=\"lazy\" width=\"720\" height=\"100\" decoding=\"async\" data-nimg=\"1\" src=\"http:\/\/nuevacordoba.net\/wp-content\/uploads\/2025\/07\/alerta-en-colon-asi-esta-el-pulga-rodriguez-tras-su-lesion-ante-central-norte-1.jpg\"><span class=\"epigraphe\">La lesi\u00f3n del Pulga Rodr\u00edguez ante Central Norte.<\/span><\/div>\n<div class=\"custom-text \" readability=\"38\">\n<p>\u201c<strong>El domingo jugu\u00e9 90 minutos, hac\u00eda bastante que no lo hac\u00eda<\/strong>, jugu\u00e9 varios partidos amistosos en la pretemporada con Atl\u00e9tico pero no es lo mismo que por los puntos. <strong>Sent\u00ed un tironcito cuando tir\u00e9 el c\u00f3rner<\/strong> y enseguida me d\u00ed cuenta que no pod\u00eda seguir\u201d, dijo el jugador despu\u00e9s del partido.<\/p>\n<\/div>\n<div class=\"custom-text \" readability=\"37\">\n<p>El tucumano se someti\u00f3 a los estudios m\u00e9dicos correspondientes y se conoci\u00f3 que<strong> sufri\u00f3 una peque\u00f1a ruptura fibrilar, que lo llevar\u00e1 a perderse, por lo menos, dos partidos<\/strong>. Una noticia que sacude a un Sabalero que viene en levantada.<\/p>\n<\/div>\n<p><h2><strong>Lo que se le viene al Sabalero<\/strong><\/h2>\n<\/p>\n<div class=\"custom-text \" readability=\"37\">\n<p>Conocida esta sensible baja en el plantel, Col\u00f3n ya empieza a preparar el pr\u00f3ximo encuentro ante Gimnasia y Esgrima de Mendoza, un rival complicad\u00edsimo dentro de los puestos de Reducido. Este duelo ser\u00e1 la antesala para el gran enfrentamiento contra <strong>el puntero de la Zona B: Gimnasia de Jujuy.<\/strong> <strong>\u00bfC\u00f3mo le ir\u00e1?<\/strong><\/p>\n<\/div>\n<div class=\"sc-e7b891c4-0 ifHnQL image-embed\"><img alt=\"El festejo del Sabalero ante Central Norte.\" loading=\"lazy\" width=\"720\" height=\"100\" decoding=\"async\" data-nimg=\"1\" src=\"http:\/\/nuevacordoba.net\/wp-content\/uploads\/2025\/07\/alerta-en-colon-asi-esta-el-pulga-rodriguez-tras-su-lesion-ante-central-norte-2.jpg\"><span class=\"epigraphe\">El festejo del Sabalero ante Central Norte.<\/span><\/div>\n<div class=\"sc-a7166897-0 eoLsBE\" readability=\"6\">\n<section readability=\"2\"><picture><img alt=\"Flandria gan\u00f3 y se ilusiona con pelear el Clausura de la Primera B\" loading=\"lazy\" width=\"290\" height=\"290\" decoding=\"async\" data-nimg=\"1\" src=\"http:\/\/nuevacordoba.net\/wp-content\/uploads\/2025\/07\/alerta-en-colon-asi-esta-el-pulga-rodriguez-tras-su-lesion-ante-central-norte-3.jpg\"><\/picture>\n<p><span>Mir\u00e1 tambi\u00e9n<\/span><\/p>\n<hr>\n<h3>Flandria gan\u00f3 y se ilusiona con pelear el Clausura de la Primera B<\/h3>\n<\/p>\n<\/section>\n<\/div>\n<div class=\"sc-a7166897-0 eoLsBE\" readability=\"6.5\">\n<section readability=\"3\"><picture><img alt=\"\u00bfQu\u00e9 canal transmite Estudiantes vs. Hurac\u00e1n, por el Torneo Clausura?\" loading=\"lazy\" width=\"290\" height=\"290\" decoding=\"async\" data-nimg=\"1\" src=\"http:\/\/nuevacordoba.net\/wp-content\/uploads\/2025\/07\/alerta-en-colon-asi-esta-el-pulga-rodriguez-tras-su-lesion-ante-central-norte-4.jpg\"><\/picture>\n<p><span>Mir\u00e1 tambi\u00e9n<\/span><\/p>\n<hr>\n<h3>\u00bfQu\u00e9 canal transmite Estudiantes vs. Hurac\u00e1n, por el Torneo Clausura?<\/h3>\n<\/p>\n<\/section>\n<\/div>\n<\/div>\n","protected":false},"excerpt":{"rendered":"<p>21\/07\/2025 20:25hs. Tras la victoria por 1-0 ante Almirante Brown el domingo pasado, la situaci\u00f3n cr\u00edtica de Col\u00f3n parec\u00eda empezar a bajar. Y como no, se cort\u00f3 una racha de seis partidos sin conseguir la victoria en la Primera Nacional. Un regreso a la victoria que aument\u00f3 la ilusi\u00f3n de los hinchas y los jugadores [&hellip;]<\/p>\n","protected":false},"author":1,"featured_media":62318,"comment_status":"closed","ping_status":"closed","sticky":false,"template":"","format":"standard","meta":[],"categories":[10],"tags":[],"_links":{"self":[{"href":"http:\/\/nuevacordoba.net\/index.php\/wp-json\/wp\/v2\/posts\/62317"}],"collection":[{"href":"http:\/\/nuevacordoba.net\/index.php\/wp-json\/wp\/v2\/posts"}],"about":[{"href":"http:\/\/nuevacordoba.net\/index.php\/wp-json\/wp\/v2\/types\/post"}],"author":[{"embeddable":true,"href":"http:\/\/nuevacordoba.net\/index.php\/wp-json\/wp\/v2\/users\/1"}],"replies":[{"embeddable":true,"href":"http:\/\/nuevacordoba.net\/index.php\/wp-json\/wp\/v2\/comments?post=62317"}],"version-history":[{"count":0,"href":"http:\/\/nuevacordoba.net\/index.php\/wp-json\/wp\/v2\/posts\/62317\/revisions"}],"wp:featuredmedia":[{"embeddable":true,"href":"http:\/\/nuevacordoba.net\/index.php\/wp-json\/wp\/v2\/media\/62318"}],"wp:attachment":[{"href":"http:\/\/nuevacordoba.net\/index.php\/wp-json\/wp\/v2\/media?parent=62317"}],"wp:term":[{"taxonomy":"category","embeddable":true,"href":"http:\/\/nuevacordoba.net\/index.php\/wp-json\/wp\/v2\/categories?post=62317"},{"taxonomy":"post_tag","embeddable":true,"href":"http:\/\/nuevacordoba.net\/index.php\/wp-json\/wp\/v2\/tags?post=62317"}],"curies":[{"name":"wp","href":"https:\/\/api.w.org\/{rel}","templated":true}]}}