{"id":62319,"date":"2025-07-22T03:04:52","date_gmt":"2025-07-22T03:04:52","guid":{"rendered":"https:\/\/puntoapunto.com.ar\/?p=375106"},"modified":"2025-07-22T03:04:52","modified_gmt":"2025-07-22T03:04:52","slug":"mas-bronca-que-votos-1-de-cada-2-argentinos-quiere-castigar-al-gobierno-en-las-urnas","status":"publish","type":"post","link":"http:\/\/nuevacordoba.net\/index.php\/2025\/07\/22\/mas-bronca-que-votos-1-de-cada-2-argentinos-quiere-castigar-al-gobierno-en-las-urnas\/","title":{"rendered":"M\u00e1s bronca que votos: 1 de cada 2 argentinos quiere castigar al Gobierno en las urnas"},"content":{"rendered":"<p data-start=\"561\" data-end=\"978\">En coincidencia con el D\u00eda del Amigo, la consultora <strong>Zuban C\u00f3rdoba<\/strong> difundi\u00f3 su<a href=\"https:\/\/zubancordoba.com\/portfolio\/informe-nacional-julio-2025\/\"> estudio de opini\u00f3n p\u00fablica<\/a> y la pregunta de apertura fue tan directa como inc\u00f3moda<strong>: <em data-start=\"746\" data-end=\"802\">\u00bfC\u00f3mo te llev\u00e1s con la pol\u00edtica (y con los pol\u00edticos)?<\/em><\/strong> Lo que sigue es una radiograf\u00eda social marcada por el <strong>desencanto, los v\u00ednculos rotos y una grieta que se renueva por dentro, entre los extremos del mileismo y el kirchnerismo.<\/strong><!-- \u00a1O bien no hay banners, estan desactivados o no estan programados para esta ubicaci\u00f3n! -->\n<\/p>\n<p data-start=\"1026\" data-end=\"1491\">El Gobierno nacional liderado por Javier Milei enfrenta una mayor\u00eda cr\u00edtica.<strong> El 56,8% de los encuestados desaprueba su gesti\u00f3n, mientras que solo un 42,8% la aprueba.<\/strong> Esta tendencia se mantiene constante en el tiempo, con ligeras fluctuaciones, pero sin repuntar significativamente desde que asumi\u00f3 el mando. A pesar de ello, <strong>Milei conserva un n\u00facleo duro que lo apoya: el 28,1% se identifica como \u201cmileista\u201d, aunque un contundente 53,6% se declara \u201canti-mileista\u201d.<\/strong>\n<\/p>\n<p data-start=\"1026\" data-end=\"1491\"><img decoding=\"async\" class=\"aligncenter wp-image-375109 size-full\" src=\"http:\/\/nuevacordoba.net\/wp-content\/uploads\/2025\/07\/mas-bronca-que-votos-1-de-cada-2-argentinos-quiere-castigar-al-gobierno-en-las-urnas.jpg\" alt width=\"478\" height=\"499\" srcset=\"http:\/\/nuevacordoba.net\/wp-content\/uploads\/2025\/07\/mas-bronca-que-votos-1-de-cada-2-argentinos-quiere-castigar-al-gobierno-en-las-urnas.jpg 478w, http:\/\/nuevacordoba.net\/wp-content\/uploads\/2025\/07\/mas-bronca-que-votos-1-de-cada-2-argentinos-quiere-castigar-al-gobierno-en-las-urnas-3.jpg 287w\" sizes=\"(max-width: 478px) 100vw, 478px\" loading=\"lazy\">\n<\/p>\n<p data-start=\"1493\" data-end=\"1521\"><strong>\u00bfSigue siendo el cambio?<\/strong>\n<\/p>\n<p data-start=\"1523\" data-end=\"1816\">Ante la pregunta directa sobre el propio Milei, el 55,4% de los argentinos considera que <strong data-start=\"1612\" data-end=\"1653\">representa un riesgo para la sociedad<\/strong>, mientras que solo un 37,8% sostiene que <em data-start=\"1695\" data-end=\"1721\">\u201csigue siendo el cambio\u201d<\/em>. Este dato pone en duda la sostenibilidad narrativa del oficialismo a casi un a\u00f1o de gobierno.<!-- \u00a1O bien no hay banners, estan desactivados o no estan programados para esta ubicaci\u00f3n! -->\n<\/p>\n<p data-start=\"1818\" data-end=\"1869\"><strong>Motivaciones del voto: castigo antes que premio<\/strong><\/p>\n<p data-start=\"1871\" data-end=\"2128\">Cuando se consulta por el sentido del voto de cara a las elecciones legislativas de octubre, el 52,8% dice que su principal motivaci\u00f3n ser\u00e1 <strong data-start=\"2011\" data-end=\"2035\">castigar al Gobierno<\/strong>, mientras que un 38,3% afirma que busca premiarlo. La bronca predomina como motor electoral.\n<\/p>\n<p data-start=\"2130\" data-end=\"2197\">Entre quienes votar\u00e1n \u201cpara castigar\u201d, los principales motivos son:\n<\/p>\n<ul data-start=\"2198\" data-end=\"2368\" readability=\"1.5\">\n<li data-start=\"2198\" data-end=\"2265\" readability=\"0\">\n<p data-start=\"2200\" data-end=\"2265\">La <strong data-start=\"2203\" data-end=\"2229\">destrucci\u00f3n del Estado<\/strong> y de las pol\u00edticas p\u00fablicas (25,5%)\n<\/p>\n<\/li>\n<li data-start=\"2266\" data-end=\"2314\" readability=\"0\">\n<p data-start=\"2268\" data-end=\"2314\">La percepci\u00f3n de un Gobierno <strong data-start=\"2297\" data-end=\"2306\">cruel<\/strong> (25,4%)\n<\/p>\n<\/li>\n<li data-start=\"2315\" data-end=\"2368\" readability=\"0\">\n<p data-start=\"2317\" data-end=\"2368\">La falta de mejoras en la econom\u00eda personal (15,4%)\n<\/p>\n<\/li>\n<\/ul>\n<p><img loading=\"lazy\" decoding=\"async\" class=\"aligncenter size-full wp-image-375110\" src=\"http:\/\/nuevacordoba.net\/wp-content\/uploads\/2025\/07\/mas-bronca-que-votos-1-de-cada-2-argentinos-quiere-castigar-al-gobierno-en-las-urnas-1.jpg\" alt width=\"419\" height=\"573\" srcset=\"http:\/\/nuevacordoba.net\/wp-content\/uploads\/2025\/07\/mas-bronca-que-votos-1-de-cada-2-argentinos-quiere-castigar-al-gobierno-en-las-urnas-1.jpg 419w, http:\/\/nuevacordoba.net\/wp-content\/uploads\/2025\/07\/mas-bronca-que-votos-1-de-cada-2-argentinos-quiere-castigar-al-gobierno-en-las-urnas-4.jpg 219w\" sizes=\"auto, (max-width: 419px) 100vw, 419px\">\n<\/p>\n<p data-start=\"2370\" data-end=\"2427\">Del otro lado, quienes votar\u00edan para \u201cpremiar\u201d, destacan:\n<\/p>\n<ul data-start=\"2428\" data-end=\"2556\" readability=\"1.5\">\n<li data-start=\"2428\" data-end=\"2464\" readability=\"0\">\n<p data-start=\"2430\" data-end=\"2464\">El control de la inflaci\u00f3n (25,1%)\n<\/p>\n<\/li>\n<li data-start=\"2465\" data-end=\"2504\" readability=\"0\">\n<p data-start=\"2467\" data-end=\"2504\">La honestidad y transparencia (23,6%)\n<\/p>\n<\/li>\n<li data-start=\"2505\" data-end=\"2556\" readability=\"0\">\n<p data-start=\"2507\" data-end=\"2556\">El enfrentamiento con la \u201ccasta pol\u00edtica\u201d (17,9%)\n<\/p>\n<\/li>\n<\/ul>\n<p data-start=\"2558\" data-end=\"2603\"><strong>Las identidades pol\u00edticas se reconfiguran<\/strong>\n<\/p>\n<p data-start=\"2605\" data-end=\"2864\">El informe revela un mapa identitario fragmentado. El 45,2% se declara <strong data-start=\"2676\" data-end=\"2697\">anti-kirchnerista<\/strong>, un 34,3% <strong data-start=\"2708\" data-end=\"2724\">kirchnerista<\/strong> y un 20,5% no se identifica con ninguno. En paralelo, el 39,7% se asume <strong data-start=\"2797\" data-end=\"2815\">anti-peronista<\/strong>, contra un 38,7% que se considera <strong data-start=\"2850\" data-end=\"2863\">peronista<\/strong>.\n<\/p>\n<p data-start=\"2866\" data-end=\"3123\">Esta evoluci\u00f3n marca el declive del binarismo tradicional kirchnerismo-antikirchnerismo, en favor de un nuevo clivaje: <strong data-start=\"2985\" data-end=\"3014\">mileismo vs. antimileismo<\/strong>. La consolidaci\u00f3n de esta nueva grieta parece m\u00e1s emocional que ideol\u00f3gica, seg\u00fan los analistas del informe.\n<\/p>\n<p data-start=\"3125\" data-end=\"3149\"><strong>Imagen de dirigentes<\/strong>\n<\/p>\n<p data-start=\"3151\" data-end=\"3368\"><strong>La imagen de Javier Milei es negativa para el 55,3% de los encuestados, positiva para el 38,6%.<\/strong> Su vice, Victoria Villarruel, tambi\u00e9n enfrenta una mayor\u00eda de imagen negativa: 57,5%, contra un 41,9% de imagen positiva.\n<\/p>\n<p data-start=\"3151\" data-end=\"3368\"><img loading=\"lazy\" decoding=\"async\" class=\"aligncenter size-full wp-image-375108\" src=\"http:\/\/nuevacordoba.net\/wp-content\/uploads\/2025\/07\/mas-bronca-que-votos-1-de-cada-2-argentinos-quiere-castigar-al-gobierno-en-las-urnas-2.jpg\" alt width=\"479\" height=\"496\" srcset=\"http:\/\/nuevacordoba.net\/wp-content\/uploads\/2025\/07\/mas-bronca-que-votos-1-de-cada-2-argentinos-quiere-castigar-al-gobierno-en-las-urnas-2.jpg 479w, http:\/\/nuevacordoba.net\/wp-content\/uploads\/2025\/07\/mas-bronca-que-votos-1-de-cada-2-argentinos-quiere-castigar-al-gobierno-en-las-urnas-5.jpg 290w\" sizes=\"auto, (max-width: 479px) 100vw, 479px\">\n<\/p>\n<p data-start=\"3370\" data-end=\"3589\">En el bonus track del informe, aparece un contraste interesante: el 83,1% de los argentinos tiene una <strong data-start=\"3472\" data-end=\"3509\">imagen positiva de \u00c1ngel Di Mar\u00eda<\/strong>, lo cual resalta a\u00fan m\u00e1s la distancia entre la pol\u00edtica y los afectos sociales.\n<\/p>\n<p data-start=\"3591\" data-end=\"3632\"><strong>Representaci\u00f3n y desafecci\u00f3n pol\u00edtica<\/strong>\n<\/p>\n<p data-start=\"3634\" data-end=\"3887\">Aunque un 68,1% dice que <strong data-start=\"3659\" data-end=\"3693\">cree que su voto tiene impacto<\/strong> en las decisiones pol\u00edticas del pa\u00eds, un 21,6% admite que <strong data-start=\"3752\" data-end=\"3779\">ha considerado no votar<\/strong> en las pr\u00f3ximas elecciones. Esto revela una tensi\u00f3n creciente entre participaci\u00f3n y desilusi\u00f3n democr\u00e1tica.\n<\/p>\n<p data-start=\"3937\" data-end=\"4268\">Desde Zuban C\u00f3rdoba se\u00f1alan que los n\u00fameros \u201cno definen el rumbo por s\u00ed solos, pero marcan d\u00f3nde se est\u00e1n rompiendo \u2014o fortaleciendo\u2014 las relaciones entre la pol\u00edtica y la sociedad\u201d. El estudio advierte que, m\u00e1s all\u00e1 de trolls y campa\u00f1as en redes, <strong data-start=\"4185\" data-end=\"4267\">la pol\u00edtica deber\u00eda enfocarse en reconstruir v\u00ednculos reales con la ciudadan\u00eda<\/strong>.\n<\/p>\n<p data-start=\"4270\" data-end=\"4421\">En este clima de \u00e9poca, los datos no solo informan: tambi\u00e9n interpelan. \u00bfPuede haber representaci\u00f3n pol\u00edtica cuando la emoci\u00f3n dominante es el rechazo?\n<\/p>\n<div class=\"g g-38\">\n<div class=\"g-dyn a-12 c-1\"><a class=\"gofollow\" data-track=\"MTIsMzgsMSw2MA==\" href=\"https:\/\/www.farmaciashpfarma.com.ar\/blog\/institucional\/beneficios-corporativos-en-campana-antigripal.html\" target=\"_blank\" rel=\"noopener\"><img src=\"http:\/\/nuevacordoba.net\/wp-content\/uploads\/2025\/07\/mas-bronca-que-votos-1-de-cada-2-argentinos-quiere-castigar-al-gobierno-en-las-urnas.gif\" loading=\"lazy\"><\/a><\/div>\n<\/div>\n","protected":false},"excerpt":{"rendered":"<p>En coincidencia con el D\u00eda del Amigo, la consultora Zuban C\u00f3rdoba difundi\u00f3 su estudio de opini\u00f3n p\u00fablica y la pregunta de apertura fue tan directa como inc\u00f3moda: \u00bfC\u00f3mo te llev\u00e1s con la pol\u00edtica (y con los pol\u00edticos)? Lo que sigue es una radiograf\u00eda social marcada por el desencanto, los v\u00ednculos rotos y una grieta que [&hellip;]<\/p>\n","protected":false},"author":1,"featured_media":62320,"comment_status":"open","ping_status":"closed","sticky":false,"template":"","format":"standard","meta":[],"categories":[12,14],"tags":[],"_links":{"self":[{"href":"http:\/\/nuevacordoba.net\/index.php\/wp-json\/wp\/v2\/posts\/62319"}],"collection":[{"href":"http:\/\/nuevacordoba.net\/index.php\/wp-json\/wp\/v2\/posts"}],"about":[{"href":"http:\/\/nuevacordoba.net\/index.php\/wp-json\/wp\/v2\/types\/post"}],"author":[{"embeddable":true,"href":"http:\/\/nuevacordoba.net\/index.php\/wp-json\/wp\/v2\/users\/1"}],"replies":[{"embeddable":true,"href":"http:\/\/nuevacordoba.net\/index.php\/wp-json\/wp\/v2\/comments?post=62319"}],"version-history":[{"count":0,"href":"http:\/\/nuevacordoba.net\/index.php\/wp-json\/wp\/v2\/posts\/62319\/revisions"}],"wp:featuredmedia":[{"embeddable":true,"href":"http:\/\/nuevacordoba.net\/index.php\/wp-json\/wp\/v2\/media\/62320"}],"wp:attachment":[{"href":"http:\/\/nuevacordoba.net\/index.php\/wp-json\/wp\/v2\/media?parent=62319"}],"wp:term":[{"taxonomy":"category","embeddable":true,"href":"http:\/\/nuevacordoba.net\/index.php\/wp-json\/wp\/v2\/categories?post=62319"},{"taxonomy":"post_tag","embeddable":true,"href":"http:\/\/nuevacordoba.net\/index.php\/wp-json\/wp\/v2\/tags?post=62319"}],"curies":[{"name":"wp","href":"https:\/\/api.w.org\/{rel}","templated":true}]}}