{"id":6234,"date":"2021-06-25T15:47:20","date_gmt":"2021-06-25T15:47:20","guid":{"rendered":"http:\/\/nuevacordoba.net\/index.php\/2021\/06\/25\/israel-adelanta-la-reimposicion-del-tapabocas-tras-un-fuerte-aumento-de-casos-coronavirus\/"},"modified":"2021-06-25T15:47:20","modified_gmt":"2021-06-25T15:47:20","slug":"israel-adelanta-la-reimposicion-del-tapabocas-tras-un-fuerte-aumento-de-casos-coronavirus","status":"publish","type":"post","link":"http:\/\/nuevacordoba.net\/index.php\/2021\/06\/25\/israel-adelanta-la-reimposicion-del-tapabocas-tras-un-fuerte-aumento-de-casos-coronavirus\/","title":{"rendered":"Israel adelanta la reimposici\u00f3n del tapabocas tras un fuerte aumento de casos coronavirus"},"content":{"rendered":"<div class=\"image\" id=\"image\" readability=\"7\"> <img src=\"http:\/\/nuevacordoba.net\/wp-content\/uploads\/2021\/06\/israel-adelanta-la-reimposicion-del-tapabocas-tras-un-fuerte-aumento-de-casos-coronavirus.jpg\" alt=\"Las autoridades sanitarias registran cada d\u00eda m\u00e1s de 100 nuevos casos.\" title=\"Las autoridades sanitarias registran cada d\u00eda m\u00e1s de 100 nuevos casos.\"><\/p>\n<p>Las autoridades sanitarias registran cada d\u00eda m\u00e1s de 100 nuevos casos.<\/p>\n<\/div>\n<p>Israel adelant\u00f3 a la reimposici\u00f3n del uso de tapabocas en lugares p\u00fablicos cerrados, que preve\u00eda para la semana pr\u00f3xima, tras registrar m\u00e1s de 200 casos de coronavirus, la mayor cifra en dos meses y medio, en medio de un repunte atribuido a la variante Delta.<\/p>\n<p>Desde el 15 de junio, los israel\u00edes no estaban obligados a llevar mascarilla ni en interior ni en exterior, gracias a una vasta campa\u00f1a de vacunaci\u00f3n que ya tiene inmunizada con dos dosis a m\u00e1s de la mitad de sus 9 millones de habitantes.<\/p>\n<p>Pero las autoridades han advertido en los \u00faltimos d\u00edas contra la propagaci\u00f3n de la variante Delta, detectada por primera vez en India y considerada la m\u00e1s contagiosa y letal de las definidas como \u00abde cuidado\u00bb.<\/p>\n<blockquote readability=\"8\">\n<p>Las autoridades sanitarias registran cada d\u00eda m\u00e1s de 100 nuevos casos, y este viernes informaron de 227 en las \u00faltimas 24 horas, la cifra m\u00e1s alta desde el 7 de abril<span class=\"comilla\">\u201d<\/span><\/p>\n<\/blockquote>\n<p>\u00abAnte el aumento de los contagios, el ministerio de Salud anuncia que a partir del mediod\u00eda de este viernes, la mascarilla ser\u00e1 obligatoria en todos los lugares cerrados, salvo en los domicilios\u00bb, dijo la cartera en un comunicado. Tambi\u00e9n recomend\u00f3 a los israel\u00edes su uso en grandes concentraciones al aire libre.<\/p>\n<p>El primer ministro israel\u00ed, Naftali Bennett, hab\u00eda advertido esta semana que si se registraban m\u00e1s de 100 nuevos casos diarios de coronavirus durante una semana, ser\u00eda nuevamente obligatorio el tapabocas.<\/p>\n<p>Desde el lunes, las autoridades sanitarias registran cada d\u00eda m\u00e1s de 100 nuevos casos, y este viernes informaron de 227 en las \u00faltimas 24 horas, la cifra m\u00e1s alta desde el 7 de abril, inform\u00f3 la agencia de noticias AFP.<\/p>\n<p>La obligaci\u00f3n del uso de barbijos en interiores fue abolida el 15 de este mes gracias a una vasta campa\u00f1a de vacunaci\u00f3n que logr\u00f3 desplomar las cifras diarias de dos d\u00edgitos de contagios desde el 28 de abril, a veces con d\u00edas sin casos.<\/p>\n<blockquote readability=\"8\">\n<p>La obligaci\u00f3n del uso de barbijos en interiores fue abolida el 15 de este mes gracias a una vasta campa\u00f1a de vacunaci\u00f3n que logr\u00f3 desplomar las cifras diarias de dos d\u00edgitos de contagios desde el 28 de abril, a veces con d\u00edas sin casos<span class=\"comilla\">\u201d<\/span><\/p>\n<\/blockquote>\n<p>Israel anunci\u00f3 esta semana haber postergado la reapertura de su territorio a los turistas \u00abdebido a preocupaciones sobre la posible propagaci\u00f3n de la variante Delta\u00bb.<\/p>\n<p>En el peor momento de la pandemia en enero, se registraron unos 10.000 casos diarios, antes de que una masiva campa\u00f1a de vacunaci\u00f3n permitiera reducir el n\u00famero de contaminaciones.<\/p>\n<p>M\u00e1s de cinco de los 9,3 millones de israel\u00edes (55% de la poblaci\u00f3n) han recibido dos dosis de vacuna anticovid. En total se han registrado en Israel desde el inicio de la pandemia m\u00e1s de 840.000 contagios y 6.428 muertes. <\/p>\n","protected":false},"excerpt":{"rendered":"<p>Las autoridades sanitarias registran cada d\u00eda m\u00e1s de 100 nuevos casos. Israel adelant\u00f3 a la reimposici\u00f3n del uso de tapabocas en lugares p\u00fablicos cerrados, que preve\u00eda para la semana pr\u00f3xima, tras registrar m\u00e1s de 200 casos de coronavirus, la mayor cifra en dos meses y medio, en medio de un repunte atribuido a la variante [&hellip;]<\/p>\n","protected":false},"author":1,"featured_media":6235,"comment_status":"closed","ping_status":"closed","sticky":false,"template":"","format":"standard","meta":[],"categories":[13],"tags":[],"_links":{"self":[{"href":"http:\/\/nuevacordoba.net\/index.php\/wp-json\/wp\/v2\/posts\/6234"}],"collection":[{"href":"http:\/\/nuevacordoba.net\/index.php\/wp-json\/wp\/v2\/posts"}],"about":[{"href":"http:\/\/nuevacordoba.net\/index.php\/wp-json\/wp\/v2\/types\/post"}],"author":[{"embeddable":true,"href":"http:\/\/nuevacordoba.net\/index.php\/wp-json\/wp\/v2\/users\/1"}],"replies":[{"embeddable":true,"href":"http:\/\/nuevacordoba.net\/index.php\/wp-json\/wp\/v2\/comments?post=6234"}],"version-history":[{"count":0,"href":"http:\/\/nuevacordoba.net\/index.php\/wp-json\/wp\/v2\/posts\/6234\/revisions"}],"wp:featuredmedia":[{"embeddable":true,"href":"http:\/\/nuevacordoba.net\/index.php\/wp-json\/wp\/v2\/media\/6235"}],"wp:attachment":[{"href":"http:\/\/nuevacordoba.net\/index.php\/wp-json\/wp\/v2\/media?parent=6234"}],"wp:term":[{"taxonomy":"category","embeddable":true,"href":"http:\/\/nuevacordoba.net\/index.php\/wp-json\/wp\/v2\/categories?post=6234"},{"taxonomy":"post_tag","embeddable":true,"href":"http:\/\/nuevacordoba.net\/index.php\/wp-json\/wp\/v2\/tags?post=6234"}],"curies":[{"name":"wp","href":"https:\/\/api.w.org\/{rel}","templated":true}]}}