{"id":6263,"date":"2021-06-25T13:59:11","date_gmt":"2021-06-25T13:59:11","guid":{"rendered":"http:\/\/cordobanewsnet.wordpress.com\/?p=5844"},"modified":"2021-06-25T13:59:11","modified_gmt":"2021-06-25T13:59:11","slug":"desde-el-sabado-los-mayores-de-70-anos-no-necesitaran-turno-para-recibir-la-primera-dosis","status":"publish","type":"post","link":"http:\/\/nuevacordoba.net\/index.php\/2021\/06\/25\/desde-el-sabado-los-mayores-de-70-anos-no-necesitaran-turno-para-recibir-la-primera-dosis\/","title":{"rendered":"Desde el s\u00e1bado los mayores de 70 a\u00f1os no necesitar\u00e1n turno para recibir la primera dosis"},"content":{"rendered":"<p><!-- \/featured-media --> <\/p>\n<div class=\"post-content clear\" readability=\"55.080962800875\">\n<p>A partir de este s\u00e1bado,&nbsp;<strong>los mayores de 70 a\u00f1os&nbsp;<\/strong>que vivan en la provincia de C\u00f3rdoba&nbsp;<strong>no necesitar\u00e1n turno para recibir la primera dosis de la vacuna contra el coronavirus<\/strong>.<\/p>\n<p>Seg\u00fan confirm\u00f3 el Gobierno provincial, las personas con m\u00e1s de 70 a\u00f1os podr\u00e1n asistir&nbsp;sin turno previo a&nbsp;<strong>cualquier vacunatorio Covid de la provincia<\/strong>,&nbsp;con el&nbsp;<strong>DNI&nbsp;<\/strong>que acredite su domicilio en C\u00f3rdoba.<\/p>\n<p>En Capital, la campa\u00f1a de vacunaci\u00f3n contin\u00faa en los&nbsp;<strong>centros habilitados<\/strong>: Centro de Convenciones, Comedor Universitario, Pabell\u00f3n Argentina, espacio El Illia, Sheraton, Orfeo y Autovac del Kempes, de 8 a 20.<\/p>\n<p>Seg\u00fan datos oficiales, hasta este jueves se aplicaron 1.590.044 vacunas en la provincia:&nbsp;<strong>el 81 por ciento corresponde a primeras dosis<\/strong>&nbsp;y solo el 19 por ciento al segundo componente de las direfentes vacunas que se aplican en C\u00f3rdoba.&nbsp;<\/p>\n<div id=\"jp-post-flair\" class=\"sharedaddy sd-like-enabled sd-sharing-enabled\">\n<div class=\"sharedaddy sd-sharing-enabled\">\n<div class=\"robots-nocontent sd-block sd-social sd-social-icon-text sd-sharing\">\n<h3 class=\"sd-title\">Share this:<\/h3>\n<\/div>\n<\/div>\n<div class=\"sharedaddy sd-block sd-like jetpack-likes-widget-wrapper jetpack-likes-widget-unloaded\" id=\"like-post-wrapper-143108178-5844-60d67b267c880\" data-src=\"\/\/widgets.wp.com\/likes\/index.html?ver=20210413#blog_id=143108178&amp;post_id=5844&amp;origin=cordobanewsnet.wordpress.com&amp;obj_id=143108178-5844-60d67b267c880\" data-name=\"like-post-frame-143108178-5844-60d67b267c880\">\n<h3 class=\"sd-title\">Me gusta esto:<\/h3>\n<p><span class=\"button\"><span>Me gusta<\/span><\/span> <span class=\"loading\">Cargando&#8230;<\/span><\/p>\n<p><span class=\"sd-text-color\"><\/span><\/div>\n<p><h3 class=\"jp-relatedposts-headline\"><em>Relacionado<\/em><\/h3>\n<\/p>\n<\/div><\/div>\n<p><!--\/.post-content--> <\/p>\n<footer class=\"post-meta-container clear\" readability=\"0.44295302013423\">\n<div class=\"entry-author author-avatar-show\" readability=\"13.114754098361\">\n<div class=\"author-avatar\"> <img loading=\"lazy\" alt src=\"http:\/\/nuevacordoba.net\/wp-content\/uploads\/2021\/06\/desde-el-sabado-los-mayores-de-70-anos-no-necesitaran-turno-para-recibir-la-primera-dosis.png\" class=\"avatar avatar-90\" height=\"90\" width=\"90\"> <\/div>\n<p><!-- .author-avatar --> <\/p>\n<p><h2 class=\"author-title\">Publicado por <span class=\"author-name\">Redacci\u00f3n<\/span><\/h2>\n<\/p>\n<p><!-- .author-heading --> <\/p>\n<p class=\"author-bio\"> <a class=\"author-link\" href=\"https:\/\/cordobanewsnet.wordpress.com\/author\/prettomatias\/\" rel=\"author\"> Ver todas las entradas de Redacci\u00f3n <\/a> <\/p>\n<p><!-- .author-bio --> <\/div>\n<p><!-- .entry-auhtor --> <\/footer>\n<p> <!-- \/post-meta-container --> <!-- #respond --> <\/p>\n","protected":false},"excerpt":{"rendered":"<p>A partir de este s\u00e1bado,&nbsp;los mayores de 70 a\u00f1os&nbsp;que vivan en la provincia de C\u00f3rdoba&nbsp;no necesitar\u00e1n turno para recibir la primera dosis de la vacuna contra el coronavirus. Seg\u00fan confirm\u00f3 el Gobierno provincial, las personas con m\u00e1s de 70 a\u00f1os podr\u00e1n asistir&nbsp;sin turno previo a&nbsp;cualquier vacunatorio Covid de la provincia,&nbsp;con el&nbsp;DNI&nbsp;que acredite su domicilio en [&hellip;]<\/p>\n","protected":false},"author":1,"featured_media":6264,"comment_status":"closed","ping_status":"closed","sticky":false,"template":"","format":"standard","meta":[],"categories":[14],"tags":[],"_links":{"self":[{"href":"http:\/\/nuevacordoba.net\/index.php\/wp-json\/wp\/v2\/posts\/6263"}],"collection":[{"href":"http:\/\/nuevacordoba.net\/index.php\/wp-json\/wp\/v2\/posts"}],"about":[{"href":"http:\/\/nuevacordoba.net\/index.php\/wp-json\/wp\/v2\/types\/post"}],"author":[{"embeddable":true,"href":"http:\/\/nuevacordoba.net\/index.php\/wp-json\/wp\/v2\/users\/1"}],"replies":[{"embeddable":true,"href":"http:\/\/nuevacordoba.net\/index.php\/wp-json\/wp\/v2\/comments?post=6263"}],"version-history":[{"count":0,"href":"http:\/\/nuevacordoba.net\/index.php\/wp-json\/wp\/v2\/posts\/6263\/revisions"}],"wp:featuredmedia":[{"embeddable":true,"href":"http:\/\/nuevacordoba.net\/index.php\/wp-json\/wp\/v2\/media\/6264"}],"wp:attachment":[{"href":"http:\/\/nuevacordoba.net\/index.php\/wp-json\/wp\/v2\/media?parent=6263"}],"wp:term":[{"taxonomy":"category","embeddable":true,"href":"http:\/\/nuevacordoba.net\/index.php\/wp-json\/wp\/v2\/categories?post=6263"},{"taxonomy":"post_tag","embeddable":true,"href":"http:\/\/nuevacordoba.net\/index.php\/wp-json\/wp\/v2\/tags?post=6263"}],"curies":[{"name":"wp","href":"https:\/\/api.w.org\/{rel}","templated":true}]}}