{"id":6273,"date":"2021-06-26T13:51:10","date_gmt":"2021-06-26T13:51:10","guid":{"rendered":"http:\/\/nuevacordoba.net\/index.php\/2021\/06\/26\/susana-gimenez-fue-dada-de-alta\/"},"modified":"2021-06-26T13:51:10","modified_gmt":"2021-06-26T13:51:10","slug":"susana-gimenez-fue-dada-de-alta","status":"publish","type":"post","link":"http:\/\/nuevacordoba.net\/index.php\/2021\/06\/26\/susana-gimenez-fue-dada-de-alta\/","title":{"rendered":"Susana Gim\u00e9nez fue dada de alta"},"content":{"rendered":"<div class=\"image\" id=\"image\" readability=\"7\"> <img src=\"http:\/\/nuevacordoba.net\/wp-content\/uploads\/2021\/06\/susana-gimenez-fue-dada-de-alta.jpg\" alt=\"La conductora comenz\u00f3 con s\u00edntomas de coronavirus el 5 de junio.\" title=\"La conductora comenz\u00f3 con s\u00edntomas de coronavirus el 5 de junio.\"><\/p>\n<p>La conductora comenz\u00f3 con s\u00edntomas de coronavirus el 5 de junio.<\/p>\n<\/div>\n<p>La animadora y conductora Susana Gim\u00e9nez fue dada de alta este viernes luego de pasar 15 d\u00edas internada con coronavirus en el Sanatorio Cantegril de Punta del Este, Uruguay.<\/p>\n<p>\u00abEstoy de vuelta en casa, feliz y agradecida por tanto amor\u00bb, dijo la diva en un posteo en Instagram, que acompa\u00f1\u00f3 con un video de su perra, Rita, amamantando a sus cachorros.<\/p>\n<p>\u00abGracias a todo el equipo del Sanatorio Cantegril -agreg\u00f3 Susana-. A todos los doctores amigos que se pusieron a disposici\u00f3n y siguieron de cerca mi recuperaci\u00f3n, como el Dr. Juan A. Mazzei, el Dr. Gustavo Lopardo y el Dr. Facundo Manes\u00bb, escribi\u00f3.<\/p>\n<p>Gim\u00e9nez, de 77 a\u00f1os, comenz\u00f3 con s\u00edntomas de coronavirus el pasado 5 de junio.<\/p>\n<p>Un d\u00eda antes se hab\u00eda aplicado la segunda dosis de la vacuna Pfizer en el Campus de Maldonado, debido a que reside en el pa\u00eds vecino desde mayo de 2020.<\/p>\n<p>En su posteo, tambi\u00e9n agradeci\u00f3 su familia y amigos \u00abque se ocuparon de todo y a la gente que con su cari\u00f1o dio fuerza y energ\u00eda\u00bb.<\/p>\n<p>\u00abCu\u00eddense, vac\u00fanense, usen barbijo. Gracias, gracias, gracias. Al llegar a casa me recibi\u00f3 Rita, que anoche tuvo 5 cachorros sanos y divinos&#8230; Una enorme alegr\u00eda\u00bb, culmin\u00f3 el posteo.<\/p>\n<p>M\u00e1s temprano, el parte m\u00e9dico hab\u00eda dicho que la conductora continuaba \u00abevolucionando favorablemente\u00bb y \u00abmejorando los distintos par\u00e1metros\u00bb de su estado de salud.<\/p>\n<p>El mi\u00e9rcoles pasado se conoci\u00f3 que los m\u00e9dicos hab\u00edan comenzado a disminuir \u00ablentamente\u00bb el ox\u00edgeno que le aplicaban. <\/p>\n","protected":false},"excerpt":{"rendered":"<p>La conductora comenz\u00f3 con s\u00edntomas de coronavirus el 5 de junio. La animadora y conductora Susana Gim\u00e9nez fue dada de alta este viernes luego de pasar 15 d\u00edas internada con coronavirus en el Sanatorio Cantegril de Punta del Este, Uruguay. \u00abEstoy de vuelta en casa, feliz y agradecida por tanto amor\u00bb, dijo la diva en [&hellip;]<\/p>\n","protected":false},"author":1,"featured_media":6274,"comment_status":"closed","ping_status":"closed","sticky":false,"template":"","format":"standard","meta":[],"categories":[9],"tags":[],"_links":{"self":[{"href":"http:\/\/nuevacordoba.net\/index.php\/wp-json\/wp\/v2\/posts\/6273"}],"collection":[{"href":"http:\/\/nuevacordoba.net\/index.php\/wp-json\/wp\/v2\/posts"}],"about":[{"href":"http:\/\/nuevacordoba.net\/index.php\/wp-json\/wp\/v2\/types\/post"}],"author":[{"embeddable":true,"href":"http:\/\/nuevacordoba.net\/index.php\/wp-json\/wp\/v2\/users\/1"}],"replies":[{"embeddable":true,"href":"http:\/\/nuevacordoba.net\/index.php\/wp-json\/wp\/v2\/comments?post=6273"}],"version-history":[{"count":0,"href":"http:\/\/nuevacordoba.net\/index.php\/wp-json\/wp\/v2\/posts\/6273\/revisions"}],"wp:featuredmedia":[{"embeddable":true,"href":"http:\/\/nuevacordoba.net\/index.php\/wp-json\/wp\/v2\/media\/6274"}],"wp:attachment":[{"href":"http:\/\/nuevacordoba.net\/index.php\/wp-json\/wp\/v2\/media?parent=6273"}],"wp:term":[{"taxonomy":"category","embeddable":true,"href":"http:\/\/nuevacordoba.net\/index.php\/wp-json\/wp\/v2\/categories?post=6273"},{"taxonomy":"post_tag","embeddable":true,"href":"http:\/\/nuevacordoba.net\/index.php\/wp-json\/wp\/v2\/tags?post=6273"}],"curies":[{"name":"wp","href":"https:\/\/api.w.org\/{rel}","templated":true}]}}