{"id":6279,"date":"2021-06-26T15:46:07","date_gmt":"2021-06-26T15:46:07","guid":{"rendered":"http:\/\/cordobanewsnet.wordpress.com\/?p=5849"},"modified":"2021-06-26T15:46:07","modified_gmt":"2021-06-26T15:46:07","slug":"volvio-la-nieve-a-las-sierras-de-cordoba","status":"publish","type":"post","link":"http:\/\/nuevacordoba.net\/index.php\/2021\/06\/26\/volvio-la-nieve-a-las-sierras-de-cordoba\/","title":{"rendered":"Volvi\u00f3 la nieve a las sierras de C\u00f3rdoba"},"content":{"rendered":"<p><!-- \/featured-media --> <\/p>\n<div class=\"post-content clear\" readability=\"47.227467811159\">\n<p>Las temperaturas del s\u00e1bado y de los pr\u00f3ximos d\u00edas ser\u00e1n muy bajas y estar\u00e1n acompa\u00f1adas de<strong>&nbsp;lloviznas y nevadas.<\/strong><\/p>\n<p>En algunas zonas serranas y de monta\u00f1as de C\u00f3rdoba ya se empez\u00f3 a registrar nieve, seg\u00fan inform\u00f3 la Polic\u00eda. Es por eso que dispuso<strong>&nbsp;un corte total en el &nbsp;Camino de las Altas Cumbres<\/strong>&nbsp;por \u201cpresencia de hielo en la carpeta asf\u00e1ltica a la altura del kil\u00f3metro 44\u201d.<\/p>\n<figure class=\"wp-block-image\"><img src=\"http:\/\/nuevacordoba.net\/wp-content\/uploads\/2021\/06\/volvio-la-nieve-a-las-sierras-de-cordoba-1.jpg\" alt><\/figure>\n<figure class=\"wp-block-image\"><img src=\"http:\/\/nuevacordoba.net\/wp-content\/uploads\/2021\/06\/volvio-la-nieve-a-las-sierras-de-cordoba-2.jpg\" alt><\/figure>\n<p>Para el&nbsp;<strong>domingo 27<\/strong>&nbsp;se espera uno de los d\u00edas con la&nbsp;<strong>noche m\u00e1s fr\u00eda del fin de semana<\/strong>, con heladas para distintas \u00e1reas de C\u00f3rdoba y m\u00ednimas de 1 a -2 grados, incluso inferiores para las sierras y alrededores. La m\u00e1xima para el centro rondar\u00eda los 13 grados.<\/p>\n<p>Las heladas cubrir\u00e1n gran parte de la provincia en el inicio de la semana, con registros m\u00ednimos&nbsp;<strong>por debajo de los 0 grados<\/strong>&nbsp;y temperatura m\u00e1xima en la tarde que no superar\u00e1n los 14 grados.<\/p>\n<div id=\"jp-post-flair\" class=\"sharedaddy sd-like-enabled sd-sharing-enabled\">\n<div class=\"sharedaddy sd-sharing-enabled\">\n<div class=\"robots-nocontent sd-block sd-social sd-social-icon-text sd-sharing\">\n<h3 class=\"sd-title\">Share this:<\/h3>\n<\/div>\n<\/div>\n<div class=\"sharedaddy sd-block sd-like jetpack-likes-widget-wrapper jetpack-likes-widget-unloaded\" id=\"like-post-wrapper-143108178-5849-60d761a19fc52\" data-src=\"\/\/widgets.wp.com\/likes\/index.html?ver=20210413#blog_id=143108178&amp;post_id=5849&amp;origin=cordobanewsnet.wordpress.com&amp;obj_id=143108178-5849-60d761a19fc52\" data-name=\"like-post-frame-143108178-5849-60d761a19fc52\">\n<h3 class=\"sd-title\">Me gusta esto:<\/h3>\n<p><span class=\"button\"><span>Me gusta<\/span><\/span> <span class=\"loading\">Cargando&#8230;<\/span><\/p>\n<p><span class=\"sd-text-color\"><\/span><\/div>\n<p><h3 class=\"jp-relatedposts-headline\"><em>Relacionado<\/em><\/h3>\n<\/p>\n<\/div><\/div>\n<p><!--\/.post-content--> <\/p>\n<footer class=\"post-meta-container clear\" readability=\"0.31730769230769\">\n<div class=\"entry-author author-avatar-show\" readability=\"13.114754098361\">\n<div class=\"author-avatar\"> <img loading=\"lazy\" alt src=\"http:\/\/nuevacordoba.net\/wp-content\/uploads\/2021\/06\/volvio-la-nieve-a-las-sierras-de-cordoba.png\" class=\"avatar avatar-90\" height=\"90\" width=\"90\"> <\/div>\n<p><!-- .author-avatar --> <\/p>\n<p><h2 class=\"author-title\">Publicado por <span class=\"author-name\">Redacci\u00f3n<\/span><\/h2>\n<\/p>\n<p><!-- .author-heading --> <\/p>\n<p class=\"author-bio\"> <a class=\"author-link\" href=\"https:\/\/cordobanewsnet.wordpress.com\/author\/prettomatias\/\" rel=\"author\"> Ver todas las entradas de Redacci\u00f3n <\/a> <\/p>\n<p><!-- .author-bio --> <\/div>\n<p><!-- .entry-auhtor --> <\/footer>\n<p> <!-- \/post-meta-container --> <!-- #respond --> <\/p>\n","protected":false},"excerpt":{"rendered":"<p>Las temperaturas del s\u00e1bado y de los pr\u00f3ximos d\u00edas ser\u00e1n muy bajas y estar\u00e1n acompa\u00f1adas de&nbsp;lloviznas y nevadas. En algunas zonas serranas y de monta\u00f1as de C\u00f3rdoba ya se empez\u00f3 a registrar nieve, seg\u00fan inform\u00f3 la Polic\u00eda. Es por eso que dispuso&nbsp;un corte total en el &nbsp;Camino de las Altas Cumbres&nbsp;por \u201cpresencia de hielo en [&hellip;]<\/p>\n","protected":false},"author":1,"featured_media":6280,"comment_status":"closed","ping_status":"closed","sticky":false,"template":"","format":"standard","meta":[],"categories":[14],"tags":[],"_links":{"self":[{"href":"http:\/\/nuevacordoba.net\/index.php\/wp-json\/wp\/v2\/posts\/6279"}],"collection":[{"href":"http:\/\/nuevacordoba.net\/index.php\/wp-json\/wp\/v2\/posts"}],"about":[{"href":"http:\/\/nuevacordoba.net\/index.php\/wp-json\/wp\/v2\/types\/post"}],"author":[{"embeddable":true,"href":"http:\/\/nuevacordoba.net\/index.php\/wp-json\/wp\/v2\/users\/1"}],"replies":[{"embeddable":true,"href":"http:\/\/nuevacordoba.net\/index.php\/wp-json\/wp\/v2\/comments?post=6279"}],"version-history":[{"count":0,"href":"http:\/\/nuevacordoba.net\/index.php\/wp-json\/wp\/v2\/posts\/6279\/revisions"}],"wp:featuredmedia":[{"embeddable":true,"href":"http:\/\/nuevacordoba.net\/index.php\/wp-json\/wp\/v2\/media\/6280"}],"wp:attachment":[{"href":"http:\/\/nuevacordoba.net\/index.php\/wp-json\/wp\/v2\/media?parent=6279"}],"wp:term":[{"taxonomy":"category","embeddable":true,"href":"http:\/\/nuevacordoba.net\/index.php\/wp-json\/wp\/v2\/categories?post=6279"},{"taxonomy":"post_tag","embeddable":true,"href":"http:\/\/nuevacordoba.net\/index.php\/wp-json\/wp\/v2\/tags?post=6279"}],"curies":[{"name":"wp","href":"https:\/\/api.w.org\/{rel}","templated":true}]}}