{"id":6308,"date":"2021-06-25T12:13:52","date_gmt":"2021-06-25T12:13:52","guid":{"rendered":"https:\/\/puntoapunto.com.ar\/?p=280104"},"modified":"2021-06-25T12:13:52","modified_gmt":"2021-06-25T12:13:52","slug":"la-maquinaria-agricola-en-la-matriz-productiva-cordoba-2030","status":"publish","type":"post","link":"http:\/\/nuevacordoba.net\/index.php\/2021\/06\/25\/la-maquinaria-agricola-en-la-matriz-productiva-cordoba-2030\/","title":{"rendered":"La maquinaria agr\u00edcola en la Matriz Productiva C\u00f3rdoba 2030"},"content":{"rendered":"<div><img src=\"http:\/\/nuevacordoba.net\/wp-content\/uploads\/2021\/06\/la-maquinaria-agricola-en-la-matriz-productiva-cordoba-2030.jpg\" class=\"ff-og-image-inserted\"><\/div>\n<p>Se realiz\u00f3 el segundo taller territorial y sectorial en&nbsp;el marco de la <strong>Matriz Productiva C\u00f3rdoba <a href=\"https:\/\/puntoapunto.com.ar\/tag\/2030\/\" class=\"st_tag internal_tag\" rel=\"tag\" title=\"Posts tagged with 2030\">2030<\/a>. <\/strong>En esta oportunidad con la cadena de valor de la<strong> maquinaria agr\u00edcola<\/strong>.<\/p>\n<p>Esta iniciativa contempla la concreci\u00f3n de 12 talleres en la b\u00fasqueda de la construcci\u00f3n colectiva y compartida del dise\u00f1o de un <strong>nuevo esquema industrial diversificado para C\u00f3rdoba<\/strong> en los pr\u00f3ximos a\u00f1os.<\/p>\n<p>La importancia de este sector en la econom\u00eda provincial se traduce en que:<\/p>\n<ul>\n<li>Aporta aproximadamente el<strong> 7,4% del valor agregado industrial<\/strong> de C\u00f3rdoba.<\/li>\n<li>Genera m\u00e1s de <strong>10 mil puestos de trabajo<\/strong> directos.<\/li>\n<li>De la producci\u00f3n total, el 54% es de agropartes, el 36% de maquinaria agr\u00edcola y el 10% de m\u00e1quinas y agrocomponentes.<\/li>\n<li>C\u00f3rdoba junto a Santa Fe representan el <strong>80% de la producci\u00f3n de maquinaria agr\u00edcola<\/strong> del pa\u00eds.<\/li>\n<\/ul>\n<p>El ministro de Industria, Comercio y Miner\u00eda, Eduardo <a href=\"https:\/\/puntoapunto.com.ar\/tag\/accastello\/\" class=\"st_tag internal_tag\" rel=\"tag\" title=\"Posts tagged with Accastello\">Accastello<\/a> manifest\u00f3 que \u201cla<a href=\"https:\/\/puntoapunto.com.ar\/cordoba-avanza-hacia-la-matriz-productiva-2030-competitividad-sustentabilidad-y-generacion-de-empleo-privado\/\" target=\"_blank\" rel=\"noopener\"> Matriz Productiva C\u00f3rdoba 2030<\/a>, busca un <strong>cambio institucional y promueve el cambio tecnol\u00f3gico y estructural<\/strong>; crear redes, clusterizar y hacer nuestra Provincia m\u00e1s competitiva\u201d.<\/p>\n<p>Luego se dirigi\u00f3 a los representantes de la maquinaria agr\u00edcola dici\u00e9ndoles:&nbsp;\u201cUstedes<strong> son un cambio de la matriz productiva, son innovadores y gestores de la transformaci\u00f3n que genera trabajo.<\/strong> Lo que estamos buscando es que ustedes sean los protagonistas de esta acci\u00f3n revolucionaria\u201d.<\/p>\n<p>Accastello sostuvo que la idea del gobernador Juan Schiaretti y del Gabinete Productivo es que la Matriz Productiva de C\u00f3rdoba sea un proyecto de Ley que materialice&nbsp;\u201cuna <strong>pol\u00edtica de Estado para los pr\u00f3ximos 10 a\u00f1os<\/strong>, que d\u00e9 &nbsp;<a href=\"https:\/\/puntoapunto.com.ar\/tag\/previsibilidad\/\" class=\"st_tag internal_tag\" rel=\"tag\" title=\"Posts tagged with previsibilidad\">previsibilidad<\/a> al sector empresarial para que puedan crear trabajo privado y as\u00ed poder reducir las brechas y las desigualdades que existen\u201d.<\/p>\n<h5><strong>Competitividad, empleo de calidad e internacionalizaci\u00f3n&nbsp;<\/strong><\/h5>\n<p>Por su parte, la presidenta de la Asociaci\u00f3n Fabricantes de Maquinaria Agr\u00edcola (AFAMAC), <a href=\"https:\/\/puntoapunto.com.ar\/luciana-mengo-silos-mengo\/\" target=\"_blank\" rel=\"noopener\"><strong>Luciana Mengo<\/strong><\/a>, resalt\u00f3 los distintos aportes expresados durante el taller para que <strong>C\u00f3rdoba siga siendo&nbsp;\u201cun semillero y una usina que genera tecnolog\u00eda<\/strong> y que est\u00e1 a la vanguardia en el uso de esa tecnolog\u00eda en el sector de la maquinaria agr\u00edcola\u201d.<\/p>\n<p>Durante el encuentro, que se realiz\u00f3 de forma virtual, se abord\u00f3 el <strong>fortalecimiento de la cadena de valor de la maquinaria agr\u00edcola<\/strong>, haciendo foco en la promoci\u00f3n del desarrollo humano que haga posible el <strong>desarrollo productivo, la creaci\u00f3n de trabajo calificado y la competitividad del sector y sus posibles mejoras.<\/strong><\/p>\n<p>En las palabras de cierre, Accastello &nbsp;expres\u00f3 que \u201cel cl\u00faster de la maquinaria agr\u00edcola es din\u00e1mico porque es <strong>competitivo<\/strong>, es relevante porque tiene <strong>empleo de calidad<\/strong> y es emergente porque<strong> apunta a la internacionalizaci\u00f3n<\/strong>. Es un cl\u00faster regionalizado, entonces nos tenemos que centrar en c\u00f3mo se le agrega mayor valor, y c\u00f3mo las universidades y a las escuelas t\u00e9cnicas se ponen a disposici\u00f3n del proceso de circulaci\u00f3n del conocimiento\u201d.<\/p>\n<p>\u201c<strong>El cl\u00faster de la Maquinaria Agr\u00edcola tiene un ecosistema propio<\/strong>, que tiene una gran oportunidad de incorporar la innovaci\u00f3n tecnol\u00f3gica para hacer punta y marcar la competitividad en Am\u00e9rica Latina y en otros pa\u00edses\u201d<strong>,&nbsp;<\/strong>concluy\u00f3 Accastello.<\/p>\n","protected":false},"excerpt":{"rendered":"<p>Se realiz\u00f3 el segundo taller territorial y sectorial en&nbsp;el marco de la Matriz Productiva C\u00f3rdoba 2030. En esta oportunidad con la cadena de valor de la maquinaria agr\u00edcola. Esta iniciativa contempla la concreci\u00f3n de 12 talleres en la b\u00fasqueda de la construcci\u00f3n colectiva y compartida del dise\u00f1o de un nuevo esquema industrial diversificado para C\u00f3rdoba [&hellip;]<\/p>\n","protected":false},"author":1,"featured_media":6309,"comment_status":"open","ping_status":"closed","sticky":false,"template":"","format":"standard","meta":[],"categories":[14],"tags":[],"_links":{"self":[{"href":"http:\/\/nuevacordoba.net\/index.php\/wp-json\/wp\/v2\/posts\/6308"}],"collection":[{"href":"http:\/\/nuevacordoba.net\/index.php\/wp-json\/wp\/v2\/posts"}],"about":[{"href":"http:\/\/nuevacordoba.net\/index.php\/wp-json\/wp\/v2\/types\/post"}],"author":[{"embeddable":true,"href":"http:\/\/nuevacordoba.net\/index.php\/wp-json\/wp\/v2\/users\/1"}],"replies":[{"embeddable":true,"href":"http:\/\/nuevacordoba.net\/index.php\/wp-json\/wp\/v2\/comments?post=6308"}],"version-history":[{"count":0,"href":"http:\/\/nuevacordoba.net\/index.php\/wp-json\/wp\/v2\/posts\/6308\/revisions"}],"wp:featuredmedia":[{"embeddable":true,"href":"http:\/\/nuevacordoba.net\/index.php\/wp-json\/wp\/v2\/media\/6309"}],"wp:attachment":[{"href":"http:\/\/nuevacordoba.net\/index.php\/wp-json\/wp\/v2\/media?parent=6308"}],"wp:term":[{"taxonomy":"category","embeddable":true,"href":"http:\/\/nuevacordoba.net\/index.php\/wp-json\/wp\/v2\/categories?post=6308"},{"taxonomy":"post_tag","embeddable":true,"href":"http:\/\/nuevacordoba.net\/index.php\/wp-json\/wp\/v2\/tags?post=6308"}],"curies":[{"name":"wp","href":"https:\/\/api.w.org\/{rel}","templated":true}]}}