{"id":6310,"date":"2021-06-27T00:59:08","date_gmt":"2021-06-27T00:59:08","guid":{"rendered":"http:\/\/nuevacordoba.net\/index.php\/2021\/06\/27\/tras-ser-dada-de-alta-susana-gimenez-continuara-con-descanso-medicacion-y-fisioterapia\/"},"modified":"2021-06-27T00:59:08","modified_gmt":"2021-06-27T00:59:08","slug":"tras-ser-dada-de-alta-susana-gimenez-continuara-con-descanso-medicacion-y-fisioterapia","status":"publish","type":"post","link":"http:\/\/nuevacordoba.net\/index.php\/2021\/06\/27\/tras-ser-dada-de-alta-susana-gimenez-continuara-con-descanso-medicacion-y-fisioterapia\/","title":{"rendered":"Tras ser dada de alta, Susana Gim\u00e9nez continuar\u00e1 con \u00abdescanso, medicaci\u00f3n y fisioterapia\u00bb"},"content":{"rendered":"<div class=\"image\" id=\"image\" readability=\"11\"> <img src=\"http:\/\/nuevacordoba.net\/wp-content\/uploads\/2021\/06\/tras-ser-dada-de-alta-susana-gimenez-continuara-con-descanso-medicacion-y-fisioterapia.jpg\" alt=\"Gim\u00e9nez, de 77 a\u00f1os, comenz\u00f3 con s\u00edntomas de coronavirus el pasado 5 de junio, un d\u00eda despu\u00e9s de aplicarse la segunda dosis de la vacuna Pfizer.\" title=\"Gim\u00e9nez, de 77 a\u00f1os, comenz\u00f3 con s\u00edntomas de coronavirus el pasado 5 de junio, un d\u00eda despu\u00e9s de aplicarse la segunda dosis de la vacuna Pfizer.\"><\/p>\n<p>Gim\u00e9nez, de 77 a\u00f1os, comenz\u00f3 con s\u00edntomas de coronavirus el pasado 5 de junio, un d\u00eda despu\u00e9s de aplicarse la segunda dosis de la vacuna Pfizer.<\/p>\n<\/div>\n<p>La animadora y conductora Susana Gim\u00e9nez fue dada de alta este viernes a la tarde luego de pasar 15 d\u00edas internada por coronavirus en el Sanatorio Cantegril de Punta del Este, en Uruguay, y continuar\u00e1 su recuperaci\u00f3n con \u00abdescanso, medicaci\u00f3n y fisioterapia\u00bb.<\/p>\n<p>As\u00ed lo inform\u00f3 el parte oficial compartido por su secretaria personal, Dolores Mayol, en el que se\u00f1al\u00f3 adem\u00e1s que Gim\u00e9nez, ya otra vez en su vivienda, volver\u00e1 \u00abpoco a poco a hacer su vida normal\u00bb.<\/p>\n<p>La noticia fue confirmada por la diva en su cuenta personal de Instagram, cuando public\u00f3 un video en cuyo texto anunciaba que hab\u00eda regresado a su casa, \u00abfeliz y agradecida por tanto amor\u00bb.<\/p>\n<p>\u00abGracias a todo el equipo del Sanatorio Cantegril, a todos los doctores amigos que se pusieron a disposici\u00f3n y siguieron de cerca mi recuperaci\u00f3n, como Juan Mazzei, Gustavo Lopardo y Facundo Manes\u00bb, agreg\u00f3.<\/p>\n<p>En su posteo, tambi\u00e9n agradeci\u00f3 su familia y amigos, \u00abque se ocuparon de todo y a la gente que con su cari\u00f1o me dio fuerza y energ\u00eda\u00bb, y finaliz\u00f3: \u00abCu\u00eddense, vac\u00fanense, usen barbijo. Gracias, gracias, gracias\u00bb.<\/p>\n<p>M\u00e1s temprano, el parte m\u00e9dico hab\u00eda dicho que la conductora continuaba \u00abevolucionando favorablemente\u00bb y \u00abmejorando los distintos par\u00e1metros\u00bb de su estado de salud.<\/p>\n<p>El mi\u00e9rcoles pasado se conoci\u00f3 que los m\u00e9dicos hab\u00edan comenzado a disminuir \u00ablentamente\u00bb el ox\u00edgeno que le aplican, y que la fisioterapia que est\u00e1 realizando es tanto motora como respiratoria.<\/p>\n<p>Gim\u00e9nez, de 77 a\u00f1os, comenz\u00f3 con s\u00edntomas de coronavirus el pasado 5 de junio, un d\u00eda despu\u00e9s de aplicarse la segunda dosis de la vacuna Pfizer en el Campus de Maldonado, debido a que reside en el pa\u00eds vecino desde mayo de 2020. <\/p>\n","protected":false},"excerpt":{"rendered":"<p>Gim\u00e9nez, de 77 a\u00f1os, comenz\u00f3 con s\u00edntomas de coronavirus el pasado 5 de junio, un d\u00eda despu\u00e9s de aplicarse la segunda dosis de la vacuna Pfizer. La animadora y conductora Susana Gim\u00e9nez fue dada de alta este viernes a la tarde luego de pasar 15 d\u00edas internada por coronavirus en el Sanatorio Cantegril de Punta [&hellip;]<\/p>\n","protected":false},"author":1,"featured_media":6311,"comment_status":"closed","ping_status":"closed","sticky":false,"template":"","format":"standard","meta":[],"categories":[9],"tags":[],"_links":{"self":[{"href":"http:\/\/nuevacordoba.net\/index.php\/wp-json\/wp\/v2\/posts\/6310"}],"collection":[{"href":"http:\/\/nuevacordoba.net\/index.php\/wp-json\/wp\/v2\/posts"}],"about":[{"href":"http:\/\/nuevacordoba.net\/index.php\/wp-json\/wp\/v2\/types\/post"}],"author":[{"embeddable":true,"href":"http:\/\/nuevacordoba.net\/index.php\/wp-json\/wp\/v2\/users\/1"}],"replies":[{"embeddable":true,"href":"http:\/\/nuevacordoba.net\/index.php\/wp-json\/wp\/v2\/comments?post=6310"}],"version-history":[{"count":0,"href":"http:\/\/nuevacordoba.net\/index.php\/wp-json\/wp\/v2\/posts\/6310\/revisions"}],"wp:featuredmedia":[{"embeddable":true,"href":"http:\/\/nuevacordoba.net\/index.php\/wp-json\/wp\/v2\/media\/6311"}],"wp:attachment":[{"href":"http:\/\/nuevacordoba.net\/index.php\/wp-json\/wp\/v2\/media?parent=6310"}],"wp:term":[{"taxonomy":"category","embeddable":true,"href":"http:\/\/nuevacordoba.net\/index.php\/wp-json\/wp\/v2\/categories?post=6310"},{"taxonomy":"post_tag","embeddable":true,"href":"http:\/\/nuevacordoba.net\/index.php\/wp-json\/wp\/v2\/tags?post=6310"}],"curies":[{"name":"wp","href":"https:\/\/api.w.org\/{rel}","templated":true}]}}