{"id":64359,"date":"2025-08-19T18:53:33","date_gmt":"2025-08-19T18:53:33","guid":{"rendered":"https:\/\/puntoapunto.com.ar\/?p=376168"},"modified":"2025-08-19T18:53:33","modified_gmt":"2025-08-19T18:53:33","slug":"la-bolsa-de-comercio-abre-la-convocatoria-para-los-diez-jovenes-sobresalientes-2025","status":"publish","type":"post","link":"http:\/\/nuevacordoba.net\/index.php\/2025\/08\/19\/la-bolsa-de-comercio-abre-la-convocatoria-para-los-diez-jovenes-sobresalientes-2025\/","title":{"rendered":"La Bolsa de Comercio abre la convocatoria para los \u201cDiez J\u00f3venes Sobresalientes 2025\u201d"},"content":{"rendered":"<div><img src=\"http:\/\/nuevacordoba.net\/wp-content\/uploads\/2025\/08\/la-bolsa-de-comercio-abre-la-convocatoria-para-los-diez-jovenes-sobresalientes-2025.jpg\" class=\"ff-og-image-inserted\"><\/div>\n<p data-start=\"209\" data-end=\"511\">La Bolsa de Comercio de C\u00f3rdoba abri\u00f3 la convocatoria para la 38\u00ba edici\u00f3n del certamen <strong data-start=\"296\" data-end=\"337\">\u201cDiez J\u00f3venes Sobresalientes del A\u00f1o\u201d<\/strong>, una iniciativa que desde 1988 reconoce a cordobeses de entre 18 y 35 a\u00f1os que se destacan por su aporte en distintos \u00e1mbitos y generan un impacto positivo en la sociedad.<\/p>\n<p data-start=\"546\" data-end=\"872\">El certamen, que este a\u00f1o coincide con los <strong data-start=\"589\" data-end=\"625\">125 a\u00f1os de la Bolsa de Comercio<\/strong>, busca distinguir trayectorias en \u00e1reas como labor social, pol\u00edtica, vida acad\u00e9mica, profesional, deportiva, art\u00edstica, cultural, emprendedurismo y ejemplos de vida. Tambi\u00e9n incluye a quienes, desde el exterior, enaltezcan el nombre de C\u00f3rdoba.<\/p>\n<p data-start=\"874\" data-end=\"1138\">En m\u00e1s de tres d\u00e9cadas, el reconocimiento alcanz\u00f3 a m\u00e1s de 370 j\u00f3venes que han marcado huella en la provincia, el pa\u00eds y el mundo. Entre ellos, figuran deportistas de \u00e9lite, cient\u00edficos con proyecci\u00f3n internacional, artistas, dirigentes sociales y emprendedores.<\/p>\n<p data-start=\"1173\" data-end=\"1312\">El presidente de la instituci\u00f3n, <strong data-start=\"1206\" data-end=\"1222\">Manuel Tagle<\/strong>, destac\u00f3 que la iniciativa refleja la confianza de la Bolsa en las nuevas generaciones: \u201cA\u00f1o tras a\u00f1o descubrimos historias que nos llenan de orgullo y muestran la capacidad de nuestros j\u00f3venes para transformar la realidad con creatividad, esfuerzo y compromiso\u201d.<\/p>\n<p data-start=\"1494\" data-end=\"1609\">Por su parte, la gerente general de la Bolsa, <strong data-start=\"1540\" data-end=\"1566\">Josefina S\u00e1ndoz Bielsa<\/strong>, remarc\u00f3 la amplitud de la convocatoria: \u201cEn la \u00faltima edici\u00f3n recibimos m\u00e1s de 320 postulaciones, lo que refleja la diversidad y el talento de la juventud cordobesa. Queremos llegar a cada rinc\u00f3n de la provincia porque visibilizar estas trayectorias es una manera concreta de mejorar la calidad de nuestra sociedad\u201d.<\/p>\n<p data-start=\"1892\" data-end=\"1923\"><strong>Postulaciones y premiaci\u00f3n<\/strong><\/p>\n<p data-start=\"1924\" data-end=\"2137\">Las candidaturas podr\u00e1n presentarse hasta el <strong data-start=\"1969\" data-end=\"1994\">10 de octubre de 2025<\/strong>. Un jurado interdisciplinario conformado por referentes de distintos sectores evaluar\u00e1 a los postulantes y definir\u00e1 a los diez galardonados.<\/p>\n<p data-start=\"2139\" data-end=\"2380\">La <strong data-start=\"2142\" data-end=\"2169\">ceremonia de premiaci\u00f3n<\/strong> se realizar\u00e1 en noviembre, en el marco del tradicional evento organizado por la Bolsa de Comercio de C\u00f3rdoba, que convoca cada a\u00f1o a representantes de diversos \u00e1mbitos de la vida social, econ\u00f3mica y cultural.<\/p>\n<p>Para <strong>postular y conocer m\u00e1s<\/strong> sobre el Certamen, se puede ingresa a: <a href=\"https:\/\/www.bolsacba.com.ar\/certamen\/\"><strong>www.bolsacba.com.ar\/certamen<\/strong><\/a><\/p>\n<p>Para postular a un candidato ingresar ac\u00e1: <a href=\"https:\/\/docs.google.com\/forms\/d\/e\/1FAIpQLScBc5SmAbH-Ziaqje4Cb6nWnHTLjFTEUkw84zNEIpu0SAytUw\/viewform\">https:\/\/docs.google.com\/forms\/d\/e\/1FAIpQLScBc5SmAbH-Ziaqje4Cb6nWnHTLjFTEUkw84zNEIpu0SAytUw\/viewform<\/a><\/p>\n","protected":false},"excerpt":{"rendered":"<p>La Bolsa de Comercio de C\u00f3rdoba abri\u00f3 la convocatoria para la 38\u00ba edici\u00f3n del certamen \u201cDiez J\u00f3venes Sobresalientes del A\u00f1o\u201d, una iniciativa que desde 1988 reconoce a cordobeses de entre 18 y 35 a\u00f1os que se destacan por su aporte en distintos \u00e1mbitos y generan un impacto positivo en la sociedad. El certamen, que este [&hellip;]<\/p>\n","protected":false},"author":1,"featured_media":64360,"comment_status":"open","ping_status":"closed","sticky":false,"template":"","format":"standard","meta":[],"categories":[14],"tags":[],"_links":{"self":[{"href":"http:\/\/nuevacordoba.net\/index.php\/wp-json\/wp\/v2\/posts\/64359"}],"collection":[{"href":"http:\/\/nuevacordoba.net\/index.php\/wp-json\/wp\/v2\/posts"}],"about":[{"href":"http:\/\/nuevacordoba.net\/index.php\/wp-json\/wp\/v2\/types\/post"}],"author":[{"embeddable":true,"href":"http:\/\/nuevacordoba.net\/index.php\/wp-json\/wp\/v2\/users\/1"}],"replies":[{"embeddable":true,"href":"http:\/\/nuevacordoba.net\/index.php\/wp-json\/wp\/v2\/comments?post=64359"}],"version-history":[{"count":0,"href":"http:\/\/nuevacordoba.net\/index.php\/wp-json\/wp\/v2\/posts\/64359\/revisions"}],"wp:featuredmedia":[{"embeddable":true,"href":"http:\/\/nuevacordoba.net\/index.php\/wp-json\/wp\/v2\/media\/64360"}],"wp:attachment":[{"href":"http:\/\/nuevacordoba.net\/index.php\/wp-json\/wp\/v2\/media?parent=64359"}],"wp:term":[{"taxonomy":"category","embeddable":true,"href":"http:\/\/nuevacordoba.net\/index.php\/wp-json\/wp\/v2\/categories?post=64359"},{"taxonomy":"post_tag","embeddable":true,"href":"http:\/\/nuevacordoba.net\/index.php\/wp-json\/wp\/v2\/tags?post=64359"}],"curies":[{"name":"wp","href":"https:\/\/api.w.org\/{rel}","templated":true}]}}