{"id":64823,"date":"2025-08-29T19:33:30","date_gmt":"2025-08-29T19:33:30","guid":{"rendered":"https:\/\/cordoba.gob.ar\/?p=80413"},"modified":"2025-08-29T19:33:30","modified_gmt":"2025-08-29T19:33:30","slug":"alfabetizacion-digital-conoce-los-talleres-gratuitos-que-se-dictan-en-los-parques-educativos","status":"publish","type":"post","link":"http:\/\/nuevacordoba.net\/index.php\/2025\/08\/29\/alfabetizacion-digital-conoce-los-talleres-gratuitos-que-se-dictan-en-los-parques-educativos\/","title":{"rendered":"Alfabetizaci\u00f3n digital: conoc\u00e9 los talleres gratuitos que se dictan en los Parques Educativos"},"content":{"rendered":"<div><img src=\"http:\/\/nuevacordoba.net\/wp-content\/uploads\/2025\/08\/alfabetizacion-digital-conoce-los-talleres-gratuitos-que-se-dictan-en-los-parques-educativos.jpg\" class=\"ff-og-image-inserted\"><\/div>\n<ul>\n<li data-prosemirror-content-type=\"node\" data-prosemirror-node-name=\"paragraph\" data-prosemirror-node-block=\"true\"><strong>Desde dise\u00f1o, impresi\u00f3n 3D, programaci\u00f3n, rob\u00f3tica, inform\u00e1tica, paquete office, creaci\u00f3n de contenido, uso del celular, hasta inteligencia artificial y mucho m\u00e1s.<\/strong><\/li>\n<\/ul>\n<hr>\n<p data-prosemirror-content-type=\"node\" data-prosemirror-node-name=\"paragraph\" data-prosemirror-node-block=\"true\">A lo largo del a\u00f1o, la Municipalidad de C\u00f3rdoba ofrece una amplia variedad de talleres gratuitos en tecnolog\u00edas digitales para ni\u00f1as, ni\u00f1os, j\u00f3venes y adultos mayores. Las propuestas se desarrollan en las Tecnotecas CREA y en los Puntos Digitales de los seis Parques Educativos de la ciudad, donde se dictan m\u00e1s de 70 talleres gratuitos orientados a promover el acceso al conocimiento y el uso de tecnolog\u00edas digitales.<\/p>\n<p data-prosemirror-content-type=\"node\" data-prosemirror-node-name=\"paragraph\" data-prosemirror-node-block=\"true\">Entre los m\u00faltiples talleres se incluyen dise\u00f1o, programaci\u00f3n, rob\u00f3tica, impresi\u00f3n 3D, alfabetizaci\u00f3n digital, arte digital, uso de herramientas como el paquete Office, tr\u00e1mites digitales, creaci\u00f3n de contenido para streaming, inteligencia artificial, manejo de celulares y muchas m\u00e1s.<\/p>\n<p data-prosemirror-content-type=\"node\" data-prosemirror-node-name=\"paragraph\" data-prosemirror-node-block=\"true\">La programaci\u00f3n semanal en cada uno de los Parques Educativos contempla espacios de formaci\u00f3n que combinan lo pedag\u00f3gico con lo l\u00fadico, lo art\u00edstico y lo t\u00e9cnico.<\/p>\n<p data-prosemirror-content-type=\"node\" data-prosemirror-node-name=\"paragraph\" data-prosemirror-node-block=\"true\">Una parte fundamental de estas propuestas est\u00e1 orientada a adultos y personas mayores, para quienes la alfabetizaci\u00f3n digital representa una oportunidad concreta de conexi\u00f3n, participaci\u00f3n y autonom\u00eda.<\/p>\n<p data-prosemirror-content-type=\"node\" data-prosemirror-node-name=\"paragraph\" data-prosemirror-node-block=\"true\">Las inscripciones se realizan de manera presencial en cada uno de los Parques Educativos y son completamente gratuitas.<\/p>\n<p data-prosemirror-content-type=\"node\" data-prosemirror-node-name=\"paragraph\" data-prosemirror-node-block=\"true\">\u00abEl desarrollo de experiencias educativas mediadas por la cultura digital promueven aprendizajes que nos permiten reducir la desigualdad digital y fortalecer el ejercicio del derecho a la educaci\u00f3n\u00bb, expres\u00f3 Nadir Secco, subdirector de la Unidad de Programas de Promoci\u00f3n Cient\u00edfica y Tecnol\u00f3gica.<\/p>\n<p data-prosemirror-content-type=\"node\" data-prosemirror-node-name=\"paragraph\" data-prosemirror-node-block=\"true\"><strong data-prosemirror-content-type=\"mark\" data-prosemirror-mark-name=\"strong\">Cronograma<\/strong><\/p>\n<p data-prosemirror-content-type=\"node\" data-prosemirror-node-name=\"paragraph\" data-prosemirror-node-block=\"true\"><strong data-prosemirror-content-type=\"mark\" data-prosemirror-mark-name=\"strong\">Parque Educativo Este<\/strong><\/p>\n<p data-prosemirror-content-type=\"node\" data-prosemirror-node-name=\"paragraph\" data-prosemirror-node-block=\"true\">Direcci\u00f3n: Ortiz de Ocampo s\/n, barrio Campo de la Ribera<\/p>\n<p data-prosemirror-content-type=\"node\" data-prosemirror-node-name=\"paragraph\" data-prosemirror-node-block=\"true\">Streaming creaci\u00f3n de videos tutoriales (6 a 16 a\u00f1os): lunes de 17:00 a 19:00 horas.<\/p>\n<p data-prosemirror-content-type=\"node\" data-prosemirror-node-name=\"paragraph\" data-prosemirror-node-block=\"true\">Inform\u00e1tica para adultos (+18 a\u00f1os): martes 08:30 a 10:00 horas. Jueves 09:00 a 10:30 horas.<\/p>\n<p data-prosemirror-content-type=\"node\" data-prosemirror-node-name=\"paragraph\" data-prosemirror-node-block=\"true\">Inform\u00e1tica para adultos ( +50 a\u00f1os): martes 10:00 a 11:30. Jueves 10:30 a 12:00 horas.<\/p>\n<p data-prosemirror-content-type=\"node\" data-prosemirror-node-name=\"paragraph\" data-prosemirror-node-block=\"true\">Navegaci\u00f3n libre\/sala de juegos: lunes, martes y mi\u00e9rcoles de 16:30 a 17:30 horas.<\/p>\n<p data-prosemirror-content-type=\"node\" data-prosemirror-node-name=\"paragraph\" data-prosemirror-node-block=\"true\">Alfabetizaci\u00f3n para ni\u00f1os (6 a 10 a\u00f1os): martes y jueves de 17:30 a 19:15 horas.<\/p>\n<p data-prosemirror-content-type=\"node\" data-prosemirror-node-name=\"paragraph\" data-prosemirror-node-block=\"true\">Programaci\u00f3n y rob\u00f3tica ( 9 a 14 a\u00f1os): lunes y mi\u00e9rcoles 17:30 a 19:15 horas.<\/p>\n<p data-prosemirror-content-type=\"node\" data-prosemirror-node-name=\"paragraph\" data-prosemirror-node-block=\"true\">Tr\u00e1mites APP Mi Argentina\/ Punto Digital: lunes 16:30 a 17:30 horas. Martes 12:00 a 13:00\/ 15:30 a 17:30 horas. Mi\u00e9rcoles 16:30 a 17:30 horas. Jueves 12:00 a 13:00 horas. Viernes 16:30 a 17:30 horas.<\/p>\n<p data-prosemirror-content-type=\"node\" data-prosemirror-node-name=\"paragraph\" data-prosemirror-node-block=\"true\">Dise\u00f1o e impresi\u00f3n 3D: viernes de 18:00 a 19:00 horas.<\/p>\n<p data-prosemirror-content-type=\"node\" data-prosemirror-node-name=\"paragraph\" data-prosemirror-node-block=\"true\"><strong data-prosemirror-content-type=\"mark\" data-prosemirror-mark-name=\"strong\">Parque Educativo Noroeste<\/strong><\/p>\n<p data-prosemirror-content-type=\"node\" data-prosemirror-node-name=\"paragraph\" data-prosemirror-node-block=\"true\">Direcci\u00f3n: Macha y Chicalc\u00f3, barrio Villa Allende Parque.<\/p>\n<p data-prosemirror-content-type=\"node\" data-prosemirror-node-name=\"paragraph\" data-prosemirror-node-block=\"true\">Alfabetizaci\u00f3n inform\u00e1tica 20 a 60 a\u00f1os \u2013 GRUPO 1: lunes de 9:30 a 11:00 horas.<\/p>\n<p data-prosemirror-content-type=\"node\" data-prosemirror-node-name=\"paragraph\" data-prosemirror-node-block=\"true\">Alfabetizaci\u00f3n inform\u00e1tica 20 a 60 a\u00f1os \u2013 GRUPO 2: lunes de 15:30 a 17:00 horas.<\/p>\n<p data-prosemirror-content-type=\"node\" data-prosemirror-node-name=\"paragraph\" data-prosemirror-node-block=\"true\">Paquete Office 20 a 60 a\u00f1os: viernes de 18:30 a 19:30 horas.<\/p>\n<p data-prosemirror-content-type=\"node\" data-prosemirror-node-name=\"paragraph\" data-prosemirror-node-block=\"true\">Conociendo mi celular (+ 40 a\u00f1os): jueves de 15:00 a 16:00 horas.<\/p>\n<p data-prosemirror-content-type=\"node\" data-prosemirror-node-name=\"paragraph\" data-prosemirror-node-block=\"true\">Conociendo mi celular (+40) GRUPO 2: viernes de 15:30 a 17:00 horas.<\/p>\n<p data-prosemirror-content-type=\"node\" data-prosemirror-node-name=\"paragraph\" data-prosemirror-node-block=\"true\">Rob\u00f3tica para ni\u00f1os y ni\u00f1as de (7 a 12 a\u00f1os) Grupo 1: lunes y mi\u00e9rcoles de 17:30 a 18:30 horas.<\/p>\n<p data-prosemirror-content-type=\"node\" data-prosemirror-node-name=\"paragraph\" data-prosemirror-node-block=\"true\">Crea tu propio videojuego (8 a 12 a\u00f1os): mi\u00e9rcoles y viernes de 08:30 a 9:30 horas.<\/p>\n<p data-prosemirror-content-type=\"node\" data-prosemirror-node-name=\"paragraph\" data-prosemirror-node-block=\"true\">Programaci\u00f3n y rob\u00f3tica de 8 a 12 a\u00f1os Mi\u00e9rcoles y viernes de 9:30 a 10:30 hs<\/p>\n<p data-prosemirror-content-type=\"node\" data-prosemirror-node-name=\"paragraph\" data-prosemirror-node-block=\"true\">Programaci\u00f3n y rob\u00f3tica (+13 a\u00f1os): mi\u00e9rcoles y viernes de 11:00 a 12:00 horas.<\/p>\n<p data-prosemirror-content-type=\"node\" data-prosemirror-node-name=\"paragraph\" data-prosemirror-node-block=\"true\">Inform\u00e1tica e ingl\u00e9s para adultos (+18): martes de 08:30 a 09:30 horas.<\/p>\n<p data-prosemirror-content-type=\"node\" data-prosemirror-node-name=\"paragraph\" data-prosemirror-node-block=\"true\">Ingl\u00e9s y rob\u00f3tica (8 a 12): jueves de 16:30 a 17:30 horas.<\/p>\n<p data-prosemirror-content-type=\"node\" data-prosemirror-node-name=\"paragraph\" data-prosemirror-node-block=\"true\">Laboratorio de rob\u00f3tica e ingl\u00e9s de (5 a 12 a\u00f1os): martes de 9:30 a 10:45 horas.<\/p>\n<p data-prosemirror-content-type=\"node\" data-prosemirror-node-name=\"paragraph\" data-prosemirror-node-block=\"true\">Tr\u00e1mites digitales-validaci\u00f3n de identidad de Mi Argentina: lunes y mi\u00e9rcoles de 16:30 a 17:30 horas. Viernes de 17:00 a 18:00 horas.<\/p>\n<p data-prosemirror-content-type=\"node\" data-prosemirror-node-name=\"paragraph\" data-prosemirror-node-block=\"true\">Crea tu c\u00f3mic (+18 a\u00f1os): jueves de 18:00 a 19:30 horas.<\/p>\n<p data-prosemirror-content-type=\"node\" data-prosemirror-node-name=\"paragraph\" data-prosemirror-node-block=\"true\">Dise\u00f1o web (+18): lunes de 11: 30 a 13:00 horas.<\/p>\n<p data-prosemirror-content-type=\"node\" data-prosemirror-node-name=\"paragraph\" data-prosemirror-node-block=\"true\">Taller de edici\u00f3n de videos (+15 a\u00f1os): lunes de 13:30 a 15:00 horas.<\/p>\n<p data-prosemirror-content-type=\"node\" data-prosemirror-node-name=\"paragraph\" data-prosemirror-node-block=\"true\">Taller de prevenci\u00f3n de estafas (+18): martes de 13:30 a 15:00 horas.<\/p>\n<p data-prosemirror-content-type=\"node\" data-prosemirror-node-name=\"paragraph\" data-prosemirror-node-block=\"true\">Taller de IA (+18 a\u00f1os): martes de 15:30 a 16:30 horas.<\/p>\n<p data-prosemirror-content-type=\"node\" data-prosemirror-node-name=\"paragraph\" data-prosemirror-node-block=\"true\">Dise\u00f1a y crea: impresi\u00f3n 3D (7 a 12 a\u00f1os): lunes y mi\u00e9rcoles de 118:30 a 19:30 horas.<\/p>\n<p data-prosemirror-content-type=\"node\" data-prosemirror-node-name=\"paragraph\" data-prosemirror-node-block=\"true\"><strong data-prosemirror-content-type=\"mark\" data-prosemirror-mark-name=\"strong\">Parque Educativo Norte<\/strong><\/p>\n<p data-prosemirror-content-type=\"node\" data-prosemirror-node-name=\"paragraph\" data-prosemirror-node-block=\"true\">Direcci\u00f3n: Del Molino y Del Acueducto, barrio Marqu\u00e9s Anexo.<\/p>\n<p data-prosemirror-content-type=\"node\" data-prosemirror-node-name=\"paragraph\" data-prosemirror-node-block=\"true\">Alfabetizaci\u00f3n digital para ni\u00f1os y ni\u00f1as \u2013 GRUPO 1: lunes de 11:00 a 12:30 horas.<\/p>\n<p data-prosemirror-content-type=\"node\" data-prosemirror-node-name=\"paragraph\" data-prosemirror-node-block=\"true\">Alfabetizaci\u00f3n digital para ni\u00f1os y ni\u00f1as -GRUPO 2: martes de 10:30 a 12:00 horas.<\/p>\n<p data-prosemirror-content-type=\"node\" data-prosemirror-node-name=\"paragraph\" data-prosemirror-node-block=\"true\">Alfabetizaci\u00f3n digital para j\u00f3venes \u2013 GRUPO 1: unes de 12:30 a 14 horas.<\/p>\n<p data-prosemirror-content-type=\"node\" data-prosemirror-node-name=\"paragraph\" data-prosemirror-node-block=\"true\">Alfabetizaci\u00f3n digital para j\u00f3venes \u2013 GRUPO 2: martes de 12:00 a 14 horas.<\/p>\n<p data-prosemirror-content-type=\"node\" data-prosemirror-node-name=\"paragraph\" data-prosemirror-node-block=\"true\">Arte digital para ni\u00f1os y ni\u00f1as (6 a 10 a\u00f1os): martes y mi\u00e9rcoles de 15:00 a 16:00 horas.<\/p>\n<p data-prosemirror-content-type=\"node\" data-prosemirror-node-name=\"paragraph\" data-prosemirror-node-block=\"true\">Introducci\u00f3n al uso de dispositivos tecnol\u00f3gicos (adultos): martes y mi\u00e9rcoles de 16:00 a 17:00 horas.<\/p>\n<p data-prosemirror-content-type=\"node\" data-prosemirror-node-name=\"paragraph\" data-prosemirror-node-block=\"true\">Introducci\u00f3n a la impresi\u00f3n en 3D (+20) Martes y mi\u00e9rcoles de 14 a 15 hs<\/p>\n<p data-prosemirror-content-type=\"node\" data-prosemirror-node-name=\"paragraph\" data-prosemirror-node-block=\"true\">Computaci\u00f3n para ni\u00f1os y ni\u00f1as: mi\u00e9rcoles de 10:00 a 12:00 horas.<\/p>\n<p data-prosemirror-content-type=\"node\" data-prosemirror-node-name=\"paragraph\" data-prosemirror-node-block=\"true\">Mi Argentina\/tr\u00e1mites digitales: lunes, martes, mi\u00e9rcoles y viernes de 15:00 a 18:00 horas.<\/p>\n<p data-prosemirror-content-type=\"node\" data-prosemirror-node-name=\"paragraph\" data-prosemirror-node-block=\"true\">Navegaci\u00f3n libre: lunes de 15:00 a 16:30 horas (7 a 10 a\u00f1os) y de 16:30 a 18:30 horas (12 a 14 a\u00f1os). Viernes de 15:00 a 18:00 horas.<\/p>\n<p data-prosemirror-content-type=\"node\" data-prosemirror-node-name=\"paragraph\" data-prosemirror-node-block=\"true\">Introducci\u00f3n a la inform\u00e1tica (adultos): viernes de 12:30 a 14:30 horas.<\/p>\n<p data-prosemirror-content-type=\"node\" data-prosemirror-node-name=\"paragraph\" data-prosemirror-node-block=\"true\">Alfabetizaci\u00f3n digital (+12): viernes de 10:30 a 12:00 horas.<\/p>\n<p data-prosemirror-content-type=\"node\" data-prosemirror-node-name=\"paragraph\" data-prosemirror-node-block=\"true\"><strong data-prosemirror-content-type=\"mark\" data-prosemirror-mark-name=\"strong\">Parque Educativo Sureste<\/strong><\/p>\n<p data-prosemirror-content-type=\"node\" data-prosemirror-node-name=\"paragraph\" data-prosemirror-node-block=\"true\">Direcci\u00f3n: Nazario Benav\u00eddez y Francisco Uzal, barrio Avellaneda.<\/p>\n<p data-prosemirror-content-type=\"node\" data-prosemirror-node-name=\"paragraph\" data-prosemirror-node-block=\"true\">Introducci\u00f3n al mundo inform\u00e1tico (+18 a\u00f1os): lunes de 08:30 a 10:50 horas.<\/p>\n<p data-prosemirror-content-type=\"node\" data-prosemirror-node-name=\"paragraph\" data-prosemirror-node-block=\"true\">TICS y rob\u00f3tica (8 a 12): lunes de 14:00 a 15:45 horas.<\/p>\n<p data-prosemirror-content-type=\"node\" data-prosemirror-node-name=\"paragraph\" data-prosemirror-node-block=\"true\">Ense\u00f1anza de celulares (+18): lunes de 11:00 a 12:00 horas.<\/p>\n<p data-prosemirror-content-type=\"node\" data-prosemirror-node-name=\"paragraph\" data-prosemirror-node-block=\"true\">Consulta digital (+9 a\u00f1os): lunes de 12:00 a 13:30 horas. Mi\u00e9rcoles de 10:30 a 11:30 horas.<\/p>\n<p data-prosemirror-content-type=\"node\" data-prosemirror-node-name=\"paragraph\" data-prosemirror-node-block=\"true\">Mundo inform\u00e1tico (+18 a\u00f1os): martes de 08:30 a 11:30 horas.<\/p>\n<p data-prosemirror-content-type=\"node\" data-prosemirror-node-name=\"paragraph\" data-prosemirror-node-block=\"true\">Arte digital (5 a 10 a\u00f1os): martes de 17:00 a 18:05 horas.<\/p>\n<p data-prosemirror-content-type=\"node\" data-prosemirror-node-name=\"paragraph\" data-prosemirror-node-block=\"true\">Rob\u00f3tica y programaci\u00f3n (5 a 10 a\u00f1os): martes de 14:15 a 15:30 horas.<\/p>\n<p data-prosemirror-content-type=\"node\" data-prosemirror-node-name=\"paragraph\" data-prosemirror-node-block=\"true\">Herramientas digitales para la inclusi\u00f3n laboral (+18): martes de 15:45 a 16:45 horas.<\/p>\n<p data-prosemirror-content-type=\"node\" data-prosemirror-node-name=\"paragraph\" data-prosemirror-node-block=\"true\">Producciones audiovisuales (10 a 14 a\u00f1os): jueves de 14:15 a 15:45 horas.<\/p>\n<p data-prosemirror-content-type=\"node\" data-prosemirror-node-name=\"paragraph\" data-prosemirror-node-block=\"true\">Competencias y habilidades digitales para esta nueva era (+16): martes de 18:30 a 19:40 horas. Jueves de 18:10 a 19:40.<\/p>\n<p data-prosemirror-content-type=\"node\" data-prosemirror-node-name=\"paragraph\" data-prosemirror-node-block=\"true\">M\u00fasica digital (9 a 15 a\u00f1os): mi\u00e9rcoles de 14:00 a 15:20 horas.<\/p>\n<p data-prosemirror-content-type=\"node\" data-prosemirror-node-name=\"paragraph\" data-prosemirror-node-block=\"true\"><strong data-prosemirror-content-type=\"mark\" data-prosemirror-mark-name=\"strong\">Parque Educativo Sur<\/strong><\/p>\n<p data-prosemirror-content-type=\"node\" data-prosemirror-node-name=\"paragraph\" data-prosemirror-node-block=\"true\">Direcci\u00f3n: R\u00edo Pinto y Ballesteros, barrio Congreso.<\/p>\n<p data-prosemirror-content-type=\"node\" data-prosemirror-node-name=\"paragraph\" data-prosemirror-node-block=\"true\">Uso del celular y auto gesti\u00f3n: martes 14:00 a 15:30 horas.<\/p>\n<p data-prosemirror-content-type=\"node\" data-prosemirror-node-name=\"paragraph\" data-prosemirror-node-block=\"true\">360\u00b0 inteligencia artificial, Matific y realidad aumentada para ni\u00f1os: martes de 16:00 a 17:30 horas.<\/p>\n<p data-prosemirror-content-type=\"node\" data-prosemirror-node-name=\"paragraph\" data-prosemirror-node-block=\"true\">Tr\u00e1mites online validaci\u00f3n de identidad: martes de 18:30 a 19:30 horas. Jueves de 18:00 a 19:00 horas.<\/p>\n<p data-prosemirror-content-type=\"node\" data-prosemirror-node-name=\"paragraph\" data-prosemirror-node-block=\"true\">Programaci\u00f3n y rob\u00f3tica (+5 a\u00f1os): lunes de 10:30 a 11:30 horas y de 15:30 a 18:30 horas.<\/p>\n<p data-prosemirror-content-type=\"node\" data-prosemirror-node-name=\"paragraph\" data-prosemirror-node-block=\"true\">Actividad en Tecnoteca, Matific, IA para realidad aumentada +10 a\u00f1os: lunes de 11:30 a 15:30 horas.<\/p>\n<p data-prosemirror-content-type=\"node\" data-prosemirror-node-name=\"paragraph\" data-prosemirror-node-block=\"true\">Dise\u00f1o e impresi\u00f3n 3D: lunes 18:30 a 20:30 horas.<\/p>\n<p data-prosemirror-content-type=\"node\" data-prosemirror-node-name=\"paragraph\" data-prosemirror-node-block=\"true\">Herramientas digitales word-power point-canva (+18): mi\u00e9rcoles 18:00 a 20:30 horas.<\/p>\n<p data-prosemirror-content-type=\"node\" data-prosemirror-node-name=\"paragraph\" data-prosemirror-node-block=\"true\">Taller de computaci\u00f3n word-excel para adultos: martes 9:30 a 11:45 horas.<\/p>\n<p data-prosemirror-content-type=\"node\" data-prosemirror-node-name=\"paragraph\" data-prosemirror-node-block=\"true\">Uso de celular para adultos +18: martes de 12:00 a 13:30 horas.<\/p>\n<p data-prosemirror-content-type=\"node\" data-prosemirror-node-name=\"paragraph\" data-prosemirror-node-block=\"true\">Taller de computaci\u00f3n word-excel para adolescentes 10 a 14 a\u00f1os: mi\u00e9rcoles de 9:30 a 11:00 horas.<\/p>\n<p data-prosemirror-content-type=\"node\" data-prosemirror-node-name=\"paragraph\" data-prosemirror-node-block=\"true\">Taller de programaci\u00f3n y rob\u00f3tica 6 a 9 a\u00f1os: mi\u00e9rcoles de 11:00 a 12:00 horas.<\/p>\n<p data-prosemirror-content-type=\"node\" data-prosemirror-node-name=\"paragraph\" data-prosemirror-node-block=\"true\">Coder Dojo club de programaci\u00f3n +11: s\u00e1bado de 15:00 a 17:30 horas.<\/p>\n<p data-prosemirror-content-type=\"node\" data-prosemirror-node-name=\"paragraph\" data-prosemirror-node-block=\"true\"><strong data-prosemirror-content-type=\"mark\" data-prosemirror-mark-name=\"strong\">Parque Educativo Estaci\u00f3n Flores<\/strong><\/p>\n<p data-prosemirror-content-type=\"node\" data-prosemirror-node-name=\"paragraph\" data-prosemirror-node-block=\"true\">Direcci\u00f3n: Aviador Silvio Pettirossi 3737.<\/p>\n<p data-prosemirror-content-type=\"node\" data-prosemirror-node-name=\"paragraph\" data-prosemirror-node-block=\"true\">Dise\u00f1o Gr\u00e1fico y Digital: lunes y mi\u00e9rcoles de 10:30 a 12:00 horas.<\/p>\n<p data-prosemirror-content-type=\"node\" data-prosemirror-node-name=\"paragraph\" data-prosemirror-node-block=\"true\">Manejo del celular y las nuevas tecnolog\u00edas (adultos y adultos mayores): lunes, mi\u00e9rcoles y viernes de 10:00 a 11:00 horas. Lunes y viernes de 16:30 a 18:00 horas.<\/p>\n<p data-prosemirror-content-type=\"node\" data-prosemirror-node-name=\"paragraph\" data-prosemirror-node-block=\"true\">Programaci\u00f3n: Martes y jueves de 10: 00 a 11:30 horas.<\/p>\n<p data-prosemirror-content-type=\"node\" data-prosemirror-node-name=\"paragraph\" data-prosemirror-node-block=\"true\">Tr\u00e1mites digitales (asistencia para realizar tr\u00e1mites): lunes, mi\u00e9rcoles y viernes de 12:00 a 13:00 horas.<\/p>\n<p data-prosemirror-content-type=\"node\" data-prosemirror-node-name=\"paragraph\" data-prosemirror-node-block=\"true\">F\u00e1brica 3D (taller de dise\u00f1o e impresi\u00f3n 3D): martes y jueves de 11:30 a 13:00 horas.<\/p>\n<p data-prosemirror-content-type=\"node\" data-prosemirror-node-name=\"paragraph\" data-prosemirror-node-block=\"true\">Dibujo digital (+12 a\u00f1os): lunes y jueves de 18:30 a 20:00 horas.<\/p>\n<p data-prosemirror-content-type=\"node\" data-prosemirror-node-name=\"paragraph\" data-prosemirror-node-block=\"true\">Programaci\u00f3n para ni\u00f1os (+7 a\u00f1os): martes y viernes de 18:30 s 20:00 horas.<\/p>\n<p data-prosemirror-content-type=\"node\" data-prosemirror-node-name=\"paragraph\" data-prosemirror-node-block=\"true\">Club CREA: martes y jueves de 17:30 a 19:00 horas.<\/p>\n","protected":false},"excerpt":{"rendered":"<p>Desde dise\u00f1o, impresi\u00f3n 3D, programaci\u00f3n, rob\u00f3tica, inform\u00e1tica, paquete office, creaci\u00f3n de contenido, uso del celular, hasta inteligencia artificial y mucho m\u00e1s. A lo largo del a\u00f1o, la Municipalidad de C\u00f3rdoba ofrece una amplia variedad de talleres gratuitos en tecnolog\u00edas digitales para ni\u00f1as, ni\u00f1os, j\u00f3venes y adultos mayores. Las propuestas se desarrollan en las Tecnotecas CREA [&hellip;]<\/p>\n","protected":false},"author":1,"featured_media":64824,"comment_status":"closed","ping_status":"closed","sticky":false,"template":"","format":"standard","meta":[],"categories":[14],"tags":[],"_links":{"self":[{"href":"http:\/\/nuevacordoba.net\/index.php\/wp-json\/wp\/v2\/posts\/64823"}],"collection":[{"href":"http:\/\/nuevacordoba.net\/index.php\/wp-json\/wp\/v2\/posts"}],"about":[{"href":"http:\/\/nuevacordoba.net\/index.php\/wp-json\/wp\/v2\/types\/post"}],"author":[{"embeddable":true,"href":"http:\/\/nuevacordoba.net\/index.php\/wp-json\/wp\/v2\/users\/1"}],"replies":[{"embeddable":true,"href":"http:\/\/nuevacordoba.net\/index.php\/wp-json\/wp\/v2\/comments?post=64823"}],"version-history":[{"count":0,"href":"http:\/\/nuevacordoba.net\/index.php\/wp-json\/wp\/v2\/posts\/64823\/revisions"}],"wp:featuredmedia":[{"embeddable":true,"href":"http:\/\/nuevacordoba.net\/index.php\/wp-json\/wp\/v2\/media\/64824"}],"wp:attachment":[{"href":"http:\/\/nuevacordoba.net\/index.php\/wp-json\/wp\/v2\/media?parent=64823"}],"wp:term":[{"taxonomy":"category","embeddable":true,"href":"http:\/\/nuevacordoba.net\/index.php\/wp-json\/wp\/v2\/categories?post=64823"},{"taxonomy":"post_tag","embeddable":true,"href":"http:\/\/nuevacordoba.net\/index.php\/wp-json\/wp\/v2\/tags?post=64823"}],"curies":[{"name":"wp","href":"https:\/\/api.w.org\/{rel}","templated":true}]}}