{"id":64851,"date":"2025-08-30T10:44:19","date_gmt":"2025-08-30T10:44:19","guid":{"rendered":"https:\/\/www.ole.com.ar\/autos\/franco-colapinto-agustin-canapino-flavio-briatore-alpine_0_AdeAsrH4TV.html"},"modified":"2025-08-30T10:44:19","modified_gmt":"2025-08-30T10:44:19","slug":"el-piloto-argentino-que-defendio-a-franco-colapinto-tras-los-dichos-de-flavio-briatore","status":"publish","type":"post","link":"http:\/\/nuevacordoba.net\/index.php\/2025\/08\/30\/el-piloto-argentino-que-defendio-a-franco-colapinto-tras-los-dichos-de-flavio-briatore\/","title":{"rendered":"El piloto argentino que defendi\u00f3 a Franco Colapinto tras los dichos de Flavio Briatore"},"content":{"rendered":"<p><time class=\"createDate\" datetime=\"2025-08-30T07:44:19-03:00\">30\/08\/2025 07:44hs.<\/time><\/p>\n<div id=\"storyBody\">\n<div class=\"custom-text \" readability=\"31.68932038835\">\n<p>La dura observaci\u00f3n que hizo <strong><a href=\"https:\/\/www.ole.com.ar\/tema\/flavio-briatore.html\" title=\"Flavio Briatore\" alt=\"Flavio Briatore\" class=\"slug\">Flavio Briatore<\/a><\/strong> sobre la temporada de <strong><a href=\"https:\/\/www.ole.com.ar\/tema\/franco-colapinto.html\" title=\"Franco Colapinto\" alt=\"Franco Colapinto\" class=\"slug\">Franco Colapinto<\/a><\/strong> despert\u00f3 la furia de los fan\u00e1ticos, pero tambi\u00e9n la de los colegas. Tal es as\u00ed que un reconocido piloto del automovilismo argentino sali\u00f3 a defender al corredor de <strong><a href=\"https:\/\/www.ole.com.ar\/tema\/alpine.html\" title=\"Alpine\" alt=\"Alpine\" class=\"slug\">Alpine<\/a> <\/strong>con un extenso comunicado en sus redes sociales.<\/p>\n<\/div>\n<div class=\"custom-text \" readability=\"33.664122137405\">\n<p>Se trata de <strong><a href=\"https:\/\/www.ole.com.ar\/tema\/agustin-canapino.html\" title=\"Agust\u00edn Canapino\" alt=\"Agust\u00edn Canapino\" class=\"slug\">Agust\u00edn Canapino<\/a><\/strong>, deportista que conquist\u00f3 15 t\u00edtulos en distintas categor\u00edas y recientemente tuvo un breve paso por la IndyCar. \u00ab<strong>Simplemente quiero decir en este momento que lo que hace es extremadamente bueno<\/strong>\u00ab, lanz\u00f3 en su cuenta de Instagram.<\/p>\n<\/div>\n<div class=\"custom-text \" readability=\"35\">\n<p>M\u00e1s tarde, reconoci\u00f3: \u00abSolo \u00e9l sabe lo dif\u00edcil que es estar ah\u00ed arriba. <strong>No se imaginan lo que debe ser manejar esos autos y contra esos pilotos<\/strong>. Yo no puedo. Y estoy seguro de que nadie puede porque vivirlo es para muy pocos\u00bb.<\/p>\n<\/div>\n<div class=\"custom-text \" readability=\"36\">\n<p>Siguiendo la misma l\u00ednea, le puso fichas al futuro del nacido en Buenos Aires. \u00ab<strong>Conf\u00edo en que va a estar mucho tiempo para demostrarle a todos lo que verdaderamente puede hacer<\/strong> como lo hizo el a\u00f1o pasado m\u00e1s de una vez\u00bb, indic\u00f3 <\/p>\n<\/div>\n<div class=\"custom-text \" readability=\"35\">\n<p>A su vez, destac\u00f3: \u00ab<strong>Tiene mucho talento y dedicaci\u00f3n, el resto llega solo<\/strong>. Ac\u00e1 seguiremos apoyando y alentando\u00bb.<\/p>\n<\/div>\n<div class=\"sc-e7b891c4-0 ifHnQL image-embed\"><img alt=\"El descargo de Canapino en redes.\" loading=\"lazy\" width=\"720\" height=\"100\" decoding=\"async\" data-nimg=\"1\" src=\"http:\/\/nuevacordoba.net\/wp-content\/uploads\/2025\/08\/el-piloto-argentino-que-defendio-a-franco-colapinto-tras-los-dichos-de-flavio-briatore.jpg\"><span class=\"epigraphe\">El descargo de Canapino en redes.<\/span><\/div>\n<p><h2>\u00bfQu\u00e9 balance hizo Flavio Briatore sobre el rendimiento de Franco Colapinto en la actual temporada de la F\u00f3rmula 1?<\/h2>\n<\/p>\n<div class=\"custom-text \" readability=\"39\">\n<p>Aunque <strong>Flavio Briatore<\/strong> hizo una peque\u00f1a autocr\u00edtica, dio a entender que gran parte de la responsabilidad por los malos rendimientos del equipo en la F1 se debe a la presi\u00f3n que afecta al argentino. \u00ab<strong>No estoy contento si miras los resultados, que son lo importante<\/strong>. \u00c9l lo intenta muy duro. Nosotros lo intentamos muy duro con el equipo de ingenier\u00eda para complacerlo en todo, pero<strong> realmente no es lo que espero de Colapinto<\/strong>\u00ab, asegur\u00f3.<\/p>\n<\/div>\n<div class=\"sc-e7b891c4-0 ifHnQL image-embed\"><img alt=\"Flavio Briatore durante la clasificaci\u00f3n de la F\u00f3rmula 1 en Hungr\u00eda. (@AlpineF1Team)\" loading=\"lazy\" width=\"720\" height=\"100\" decoding=\"async\" data-nimg=\"1\" src=\"http:\/\/nuevacordoba.net\/wp-content\/uploads\/2025\/08\/el-piloto-argentino-que-defendio-a-franco-colapinto-tras-los-dichos-de-flavio-briatore-1.jpg\"><span class=\"epigraphe\">Flavio Briatore durante la clasificaci\u00f3n de la F\u00f3rmula 1 en Hungr\u00eda. (@AlpineF1Team)<\/span><\/div>\n<div class=\"custom-text \" readability=\"37\">\n<p>Luego, arremeti\u00f3: \u00abCreo que para un piloto es muy dif\u00edcil lidiar con este coche. <strong>Quiz\u00e1 no era el momento adecuado para tener a Franco en la F\u00f3rmula 1<\/strong>, quiz\u00e1 necesitaba un a\u00f1o m\u00e1s para formar parte de la categor\u00eda. Cambiamos a Doohan por Franco y quiz\u00e1 \u00e9l tiene el mismo problema: demasiada presi\u00f3n\u00bb.<\/p>\n<\/div>\n<div class=\"custom-text \" readability=\"39\">\n<p>De todas formas, el jefe de la escuder\u00eda reconoci\u00f3: \u00abA veces necesitamos considerar que el piloto es un ser humano y que tenemos que entender exactamente qu\u00e9 pasa por la cabeza de estos chicos, porque son j\u00f3venes de 19, 20, 22, 23 a\u00f1os\u00bb.<\/p>\n<\/div>\n<p><h2>\u00bfA qu\u00e9 hora es la clasificaci\u00f3n del Gran Premio de Pa\u00edses Bajos?<\/h2>\n<\/p>\n<div class=\"custom-text \" readability=\"33\">\n<p>La clasificaci\u00f3n para el Gran Premio de los Pa\u00edses Bajos tendr\u00e1 lugar este s\u00e1bado 30 de agosto desde las 10 horas de Argentina. <\/p>\n<\/div>\n<div class=\"sc-e7b891c4-0 ifHnQL image-embed\"><img alt=\"Franco Colapinto en el GP de Pa\u00edses Bajos. (REUTER)\" loading=\"lazy\" width=\"720\" height=\"100\" decoding=\"async\" data-nimg=\"1\" src=\"http:\/\/nuevacordoba.net\/wp-content\/uploads\/2025\/08\/el-piloto-argentino-que-defendio-a-franco-colapinto-tras-los-dichos-de-flavio-briatore-2.jpg\"><span class=\"epigraphe\">Franco Colapinto en el GP de Pa\u00edses Bajos. (REUTER)<\/span><\/div>\n<div class=\"sc-a7166897-0 eoLsBE\" readability=\"6\">\n<section readability=\"2\"><picture><img alt=\"Franco Colapinto termin\u00f3 16\u00b0 en la clasificaci\u00f3n de la F1 en Pa\u00edses Bajos\" loading=\"lazy\" width=\"290\" height=\"290\" decoding=\"async\" data-nimg=\"1\" src=\"http:\/\/nuevacordoba.net\/wp-content\/uploads\/2025\/08\/el-piloto-argentino-que-defendio-a-franco-colapinto-tras-los-dichos-de-flavio-briatore-3.jpg\"><\/picture>\n<p><span>Mir\u00e1 tambi\u00e9n<\/span><\/p>\n<hr>\n<h3>Franco Colapinto termin\u00f3 16\u00b0 en la clasificaci\u00f3n de la F1 en Pa\u00edses Bajos<\/h3>\n<\/p>\n<\/section>\n<\/div>\n<div class=\"sc-a7166897-0 eoLsBE\" readability=\"6\">\n<section readability=\"2\"><picture><img alt=\"Flavio Briatore fue duro con Franco Colapinto: &quot;No es lo que espero de \u00e9l&quot;\" loading=\"lazy\" width=\"290\" height=\"290\" decoding=\"async\" data-nimg=\"1\" src=\"http:\/\/nuevacordoba.net\/wp-content\/uploads\/2025\/08\/el-piloto-argentino-que-defendio-a-franco-colapinto-tras-los-dichos-de-flavio-briatore-4.jpg\"><\/picture>\n<p><span>Mir\u00e1 tambi\u00e9n<\/span><\/p>\n<hr>\n<h3>Flavio Briatore fue duro con Franco Colapinto: \u00abNo es lo que espero de \u00e9l\u00bb<\/h3>\n<\/p>\n<\/section>\n<\/div>\n<div class=\"sc-a7166897-0 eoLsBE\" readability=\"6\">\n<section readability=\"2\"><picture><img alt=\"El TC2000 llega a Jun\u00edn: cu\u00e1ndo se corre y d\u00f3nde verlo por TV\" loading=\"lazy\" width=\"290\" height=\"290\" decoding=\"async\" data-nimg=\"1\" src=\"http:\/\/nuevacordoba.net\/wp-content\/uploads\/2025\/08\/el-piloto-argentino-que-defendio-a-franco-colapinto-tras-los-dichos-de-flavio-briatore-5.jpg\"><\/picture>\n<p><span>Mir\u00e1 tambi\u00e9n<\/span><\/p>\n<hr>\n<h3>El TC2000 llega a Jun\u00edn: cu\u00e1ndo se corre y d\u00f3nde verlo por TV<\/h3>\n<\/p>\n<\/section>\n<\/div>\n<\/div>\n","protected":false},"excerpt":{"rendered":"<p>30\/08\/2025 07:44hs. La dura observaci\u00f3n que hizo Flavio Briatore sobre la temporada de Franco Colapinto despert\u00f3 la furia de los fan\u00e1ticos, pero tambi\u00e9n la de los colegas. Tal es as\u00ed que un reconocido piloto del automovilismo argentino sali\u00f3 a defender al corredor de Alpine con un extenso comunicado en sus redes sociales. Se trata de [&hellip;]<\/p>\n","protected":false},"author":1,"featured_media":64852,"comment_status":"closed","ping_status":"closed","sticky":false,"template":"","format":"standard","meta":[],"categories":[10],"tags":[],"_links":{"self":[{"href":"http:\/\/nuevacordoba.net\/index.php\/wp-json\/wp\/v2\/posts\/64851"}],"collection":[{"href":"http:\/\/nuevacordoba.net\/index.php\/wp-json\/wp\/v2\/posts"}],"about":[{"href":"http:\/\/nuevacordoba.net\/index.php\/wp-json\/wp\/v2\/types\/post"}],"author":[{"embeddable":true,"href":"http:\/\/nuevacordoba.net\/index.php\/wp-json\/wp\/v2\/users\/1"}],"replies":[{"embeddable":true,"href":"http:\/\/nuevacordoba.net\/index.php\/wp-json\/wp\/v2\/comments?post=64851"}],"version-history":[{"count":0,"href":"http:\/\/nuevacordoba.net\/index.php\/wp-json\/wp\/v2\/posts\/64851\/revisions"}],"wp:featuredmedia":[{"embeddable":true,"href":"http:\/\/nuevacordoba.net\/index.php\/wp-json\/wp\/v2\/media\/64852"}],"wp:attachment":[{"href":"http:\/\/nuevacordoba.net\/index.php\/wp-json\/wp\/v2\/media?parent=64851"}],"wp:term":[{"taxonomy":"category","embeddable":true,"href":"http:\/\/nuevacordoba.net\/index.php\/wp-json\/wp\/v2\/categories?post=64851"},{"taxonomy":"post_tag","embeddable":true,"href":"http:\/\/nuevacordoba.net\/index.php\/wp-json\/wp\/v2\/tags?post=64851"}],"curies":[{"name":"wp","href":"https:\/\/api.w.org\/{rel}","templated":true}]}}