{"id":64919,"date":"2025-08-31T13:56:34","date_gmt":"2025-08-31T13:56:34","guid":{"rendered":"https:\/\/cordobaoutdoor.com.ar\/?p=3981"},"modified":"2025-08-31T13:56:34","modified_gmt":"2025-08-31T13:56:34","slug":"en-el-acto-por-los-100-anos-del-colegio-de-abogados-prunotto-destaco-la-necesidad-de-una-justicia-con-mayor-presencia-femenina","status":"publish","type":"post","link":"http:\/\/nuevacordoba.net\/index.php\/2025\/08\/31\/en-el-acto-por-los-100-anos-del-colegio-de-abogados-prunotto-destaco-la-necesidad-de-una-justicia-con-mayor-presencia-femenina\/","title":{"rendered":"En el acto por los 100 a\u00f1os del Colegio de Abogados, Prunotto destac\u00f3 la necesidad de una Justicia con mayor presencia femenina"},"content":{"rendered":"<p data-start=\"274\" data-end=\"911\"><span>En el marco de la conmemoraci\u00f3n por los 100 a\u00f1os del Colegio de Abogados de C\u00f3rdoba, se realiz\u00f3 un acto de gala en el Teatro del Libertador San Mart\u00edn, encabezado por el presidente de la instituci\u00f3n, Eduardo Bittar. La ceremonia cont\u00f3 con la participaci\u00f3n de destacadas autoridades provinciales y municipales, entre ellas, la vicegobernadora de C\u00f3rdoba, Myrian Prunotto, el intendente Daniel Passerini, el viceintendente Javier Pretto, el ministro de Justicia y Trabajo, Juli\u00e1n L\u00f3pez, y el ministro de la Corte Suprema, Ricardo Lorenzetti, entre otros invitados especiales del \u00e1mbito judicial y acad\u00e9mico.<\/span><\/p>\n<p data-start=\"274\" data-end=\"911\"><img loading=\"lazy\" decoding=\"async\" class=\"aligncenter size-full wp-image-3987\" src=\"http:\/\/nuevacordoba.net\/wp-content\/uploads\/2025\/08\/en-el-acto-por-los-100-anos-del-colegio-de-abogados-prunotto-destaco-la-necesidad-de-una-justicia-con-mayor-presencia-femenina.jpg\" alt width=\"990\" height=\"659\" srcset=\"http:\/\/nuevacordoba.net\/wp-content\/uploads\/2025\/08\/en-el-acto-por-los-100-anos-del-colegio-de-abogados-prunotto-destaco-la-necesidad-de-una-justicia-con-mayor-presencia-femenina.jpg 990w, http:\/\/nuevacordoba.net\/wp-content\/uploads\/2025\/08\/en-el-acto-por-los-100-anos-del-colegio-de-abogados-prunotto-destaco-la-necesidad-de-una-justicia-con-mayor-presencia-femenina-2.jpg 300w, http:\/\/nuevacordoba.net\/wp-content\/uploads\/2025\/08\/en-el-acto-por-los-100-anos-del-colegio-de-abogados-prunotto-destaco-la-necesidad-de-una-justicia-con-mayor-presencia-femenina-3.jpg 768w, http:\/\/nuevacordoba.net\/wp-content\/uploads\/2025\/08\/en-el-acto-por-los-100-anos-del-colegio-de-abogados-prunotto-destaco-la-necesidad-de-una-justicia-con-mayor-presencia-femenina-4.jpg 421w, http:\/\/nuevacordoba.net\/wp-content\/uploads\/2025\/08\/en-el-acto-por-los-100-anos-del-colegio-de-abogados-prunotto-destaco-la-necesidad-de-una-justicia-con-mayor-presencia-femenina-5.jpg 272w\" sizes=\"(max-width: 990px) 100vw, 990px\"><\/p>\n<p data-start=\"913\" data-end=\"1200\"><span>Durante su intervenci\u00f3n, Myrian Prunotto defendi\u00f3 el rol protag\u00f3nico de la mujer en el sistema judicial argentino y reclam\u00f3 \u201cel lugar que \u00e9stas se merecen en la Justicia\u201d. Asimismo, valor\u00f3 el trabajo del Colegio y expres\u00f3 el compromiso del gobierno provincial con la profesi\u00f3n:\u201cDesde nuestro rol de pol\u00edticos y funcionarios, los acompa\u00f1amos en forma permanente, tanto en la creaci\u00f3n de leyes que sustentan su labor, como en el fortalecimiento de su ejercicio profesional, como lo demuestra la reciente ley que modifica el c\u00f3digo arancelario para optimizar sus honorarios\u201d.<\/span><\/p>\n<p data-start=\"913\" data-end=\"1200\"><img loading=\"lazy\" decoding=\"async\" class=\"aligncenter size-full wp-image-3985\" src=\"http:\/\/nuevacordoba.net\/wp-content\/uploads\/2025\/08\/en-el-acto-por-los-100-anos-del-colegio-de-abogados-prunotto-destaco-la-necesidad-de-una-justicia-con-mayor-presencia-femenina-1.jpg\" alt width=\"990\" height=\"660\" srcset=\"http:\/\/nuevacordoba.net\/wp-content\/uploads\/2025\/08\/en-el-acto-por-los-100-anos-del-colegio-de-abogados-prunotto-destaco-la-necesidad-de-una-justicia-con-mayor-presencia-femenina-1.jpg 990w, http:\/\/nuevacordoba.net\/wp-content\/uploads\/2025\/08\/en-el-acto-por-los-100-anos-del-colegio-de-abogados-prunotto-destaco-la-necesidad-de-una-justicia-con-mayor-presencia-femenina-6.jpg 300w, http:\/\/nuevacordoba.net\/wp-content\/uploads\/2025\/08\/en-el-acto-por-los-100-anos-del-colegio-de-abogados-prunotto-destaco-la-necesidad-de-una-justicia-con-mayor-presencia-femenina-7.jpg 768w, http:\/\/nuevacordoba.net\/wp-content\/uploads\/2025\/08\/en-el-acto-por-los-100-anos-del-colegio-de-abogados-prunotto-destaco-la-necesidad-de-una-justicia-con-mayor-presencia-femenina-8.jpg 421w, http:\/\/nuevacordoba.net\/wp-content\/uploads\/2025\/08\/en-el-acto-por-los-100-anos-del-colegio-de-abogados-prunotto-destaco-la-necesidad-de-una-justicia-con-mayor-presencia-femenina-9.jpg 272w\" sizes=\"auto, (max-width: 990px) 100vw, 990px\"><\/p>\n<p data-start=\"1500\" data-end=\"1649\"><span>Adem\u00e1s, la vicegobernadora reafirm\u00f3 su apoyo a los colegios profesionales, ante los intentos de cuestionar o disolver este tipo de instituciones:\u201cEstamos convencidos de su valor como garant\u00eda de legitimidad y buena praxis de los profesionales que representan\u201d.<\/span><\/p>\n<p data-start=\"1769\" data-end=\"1872\"><span>Por su parte, Eduardo Bittar destac\u00f3 el papel fundamental de la abogac\u00eda a lo largo de la historia:\u201cDetr\u00e1s de cada avance de la humanidad, de cada conflicto y de cada soluci\u00f3n, siempre hay un abogado y una abogada. Cambian los contextos, los desaf\u00edos y las \u00e9pocas, pero algo no cambia: somos nosotros quienes generamos los marcos para resolver los desaf\u00edos de la sociedad\u201d.<\/span><\/p>\n","protected":false},"excerpt":{"rendered":"<p>En el marco de la conmemoraci\u00f3n por los 100 a\u00f1os del Colegio de Abogados de C\u00f3rdoba, se realiz\u00f3 un acto de gala en el Teatro del Libertador San Mart\u00edn, encabezado por el presidente de la instituci\u00f3n, Eduardo Bittar. La ceremonia cont\u00f3 con la participaci\u00f3n de destacadas autoridades provinciales y municipales, entre ellas, la vicegobernadora de [&hellip;]<\/p>\n","protected":false},"author":1,"featured_media":64920,"comment_status":"closed","ping_status":"closed","sticky":false,"template":"","format":"standard","meta":[],"categories":[11],"tags":[],"_links":{"self":[{"href":"http:\/\/nuevacordoba.net\/index.php\/wp-json\/wp\/v2\/posts\/64919"}],"collection":[{"href":"http:\/\/nuevacordoba.net\/index.php\/wp-json\/wp\/v2\/posts"}],"about":[{"href":"http:\/\/nuevacordoba.net\/index.php\/wp-json\/wp\/v2\/types\/post"}],"author":[{"embeddable":true,"href":"http:\/\/nuevacordoba.net\/index.php\/wp-json\/wp\/v2\/users\/1"}],"replies":[{"embeddable":true,"href":"http:\/\/nuevacordoba.net\/index.php\/wp-json\/wp\/v2\/comments?post=64919"}],"version-history":[{"count":0,"href":"http:\/\/nuevacordoba.net\/index.php\/wp-json\/wp\/v2\/posts\/64919\/revisions"}],"wp:featuredmedia":[{"embeddable":true,"href":"http:\/\/nuevacordoba.net\/index.php\/wp-json\/wp\/v2\/media\/64920"}],"wp:attachment":[{"href":"http:\/\/nuevacordoba.net\/index.php\/wp-json\/wp\/v2\/media?parent=64919"}],"wp:term":[{"taxonomy":"category","embeddable":true,"href":"http:\/\/nuevacordoba.net\/index.php\/wp-json\/wp\/v2\/categories?post=64919"},{"taxonomy":"post_tag","embeddable":true,"href":"http:\/\/nuevacordoba.net\/index.php\/wp-json\/wp\/v2\/tags?post=64919"}],"curies":[{"name":"wp","href":"https:\/\/api.w.org\/{rel}","templated":true}]}}