{"id":64921,"date":"2025-08-31T12:22:39","date_gmt":"2025-08-31T12:22:39","guid":{"rendered":"https:\/\/www.ole.com.ar\/autos\/auto-respeto-parque-cerrado-larga-pits-cambia-grilla-gppaises-bajos_0_0cRFKPxPTM.html"},"modified":"2025-08-31T12:22:39","modified_gmt":"2025-08-31T12:22:39","slug":"formula-1-cambia-la-parrilla-del-gp-de-paises-bajos-por-una-sancion","status":"publish","type":"post","link":"http:\/\/nuevacordoba.net\/index.php\/2025\/08\/31\/formula-1-cambia-la-parrilla-del-gp-de-paises-bajos-por-una-sancion\/","title":{"rendered":"F\u00f3rmula 1: cambia la parrilla del GP de Pa\u00edses Bajos por una sanci\u00f3n"},"content":{"rendered":"<p><span class=\"createDate\">31\/08\/2025 09:22hs.<\/span><time class=\"modificatedDate\" datetime=\"2025-08-31T09:29:05-03:00\"> Actualizado al 31\/08\/2025 09:29hs.<\/time><\/p>\n<div id=\"storyBody\">\n<div class=\"custom-text \" readability=\"39\">\n<p>Esta ma\u00f1ana de domingo, antes de que incluso se realizara el desfile de pilotos tradicional antes de la carrera de <strong>F\u00f3rmula 1<\/strong>, hoy en el <strong>GP de Pa\u00edses Bajos<\/strong>, la FIA inform\u00f3 sobre <strong>un cambio en la parrilla<\/strong> por un equipo que rompi\u00f3 el Parque Cerrado, o sea trabajo en un auto en el lapso que est\u00e1 prohibido.<\/p>\n<\/div>\n<div class=\"custom-text \" readability=\"40\">\n<p>Se trata de <strong>Haas<\/strong>, que cambi\u00f3 partes del coche 87, el que maneja <strong>Oliver Bearman<\/strong>, piloto que arrancar\u00e1 desde los pits y no en la grilla (se hab\u00eda clasificado 19\u00b0), como s\u00ed el resto. O sea, <strong>lo har\u00e1 \u00faltimo, instantes despu\u00e9s de los otros 19<\/strong>.<\/p>\n<\/div>\n<div class=\"sc-e7b891c4-0 ifHnQL image-embed\"><img alt=\"Bearman, en bici (Reuters).\" loading=\"lazy\" width=\"720\" height=\"100\" decoding=\"async\" data-nimg=\"1\" src=\"http:\/\/nuevacordoba.net\/wp-content\/uploads\/2025\/08\/formula-1-cambia-la-parrilla-del-gp-de-paises-bajos-por-una-sancion.jpg\"><span class=\"epigraphe\">Bearman, en bici (Reuters).<\/span><\/div>\n<div class=\"custom-text \" readability=\"36\">\n<p>Adem\u00e1s, se aclara que se le permite largar a <strong>Lance Stroll<\/strong> (Aston Martin), pese a que no cumpli\u00f3 con la clasificaci\u00f3n, ya que qued\u00f3 fuera en la Q1 por un toque.<\/p>\n<\/div>\n<p><h2>La comunicaci\u00f3n de la FIA respecto del cambio en la parrilla de Pa\u00edses Bajos<\/h2>\n<\/p>\n<div class=\"custom-text \" readability=\"34\">\n<p>Los comisarios encontraron que <strong>Haas no cubri\u00f3 el coche 87 dos horas despu\u00e9s de la bandera de cuadros de la sesi\u00f3n de clasificaci\u00f3n<\/strong> y que se utilizaron los siguientes elementos de la Unidad de Potencia:<\/p>\n<\/div>\n<div class=\"custom-text \">\n<ul>\n<li>5\u00ba Motor de Combusti\u00f3n Interna (MCI)<\/li>\n<li>5\u00ba Turbocompresor (TC)<\/li>\n<li>5\u00ba Grupo Electr\u00f3geno &#8211; T\u00e9rmico (MGU-H)<\/li>\n<li>5\u00ba Grupo Electr\u00f3geno &#8211; Cin\u00e9tico (MGU-K)<\/li>\n<li>3\u00ba Sistema Electr\u00f3nico de Control (CE)<\/li>\n<li>6\u00ba Sistema de Escape del Motor (EX)<\/li>\n<\/ul>\n<\/div>\n<div class=\"custom-text \" readability=\"37\">\n<p>Por eso informa: \u00abTodos los elementos de la Unidad de Potencia fueron sustituidos <strong>sin la aprobaci\u00f3n del Delegado T\u00e9cnico de la FIA durante el Parque Cerrado<\/strong>\u00ab. Lo cual constituye un \u00abincumplimiento de los Art\u00edculos 28.2, 40.6 y 40.9a del Reglamento Deportivo de F\u00f3rmula 1 2025\u00bb. Por lo tanto, \u00abel coche 87 debe comenzar la carrera desde boxes y seguir los procedimientos prescritos en el Art\u00edculo 44.2\u00bb.<\/p>\n<\/div>\n<div class=\"sc-e7b891c4-0 ifHnQL image-embed\"><img alt=\"Stroll (lo dejan largar) y Ocon (Reuters).\" loading=\"lazy\" width=\"720\" height=\"100\" decoding=\"async\" data-nimg=\"1\" src=\"http:\/\/nuevacordoba.net\/wp-content\/uploads\/2025\/08\/formula-1-cambia-la-parrilla-del-gp-de-paises-bajos-por-una-sancion-1.jpg\"><span class=\"epigraphe\">Stroll (lo dejan largar) y Ocon (Reuters).<\/span><\/div>\n<div class=\"custom-text \" readability=\"42\">\n<p>Y aclara: \u00abA la luz de lo anterior, el Reglamento Deportivo de F\u00f3rmula 1 establece las sanciones que se aplicar\u00e1n por ambas infracciones. Si bien la sanci\u00f3n por infringir el Art\u00edculo 28.2 es el n\u00famero apropiado de plazas en la parrilla prescrito por el Art\u00edculo 28.3, en este caso, dado que los cambios se realizaron sin la aprobaci\u00f3n del Delegado T\u00e9cnico de la FIA y porque el competidor realiz\u00f3 los cambios durante el Parque Cerrado e incumpli\u00f3 el Art\u00edculo 40.6, <strong>la sanci\u00f3n que se aplicar\u00e1 es la prescrita por el Art\u00edculo 40.9(a), es decir, la salida desde boxes<\/strong>. En consecuencia, impusimos dicha sanci\u00f3n\u00bb.<\/p>\n<\/div>\n<p><h2>La nueva grilla del GP de F\u00f3rmula 1 neerland\u00e9s<\/h2>\n<\/p>\n<div class=\"sc-e7b891c4-0 ifHnQL image-embed\"><img alt=\"La grila definitiva de Pa\u00edses Bajos.\" loading=\"lazy\" width=\"720\" height=\"100\" decoding=\"async\" data-nimg=\"1\" src=\"http:\/\/nuevacordoba.net\/wp-content\/uploads\/2025\/08\/formula-1-cambia-la-parrilla-del-gp-de-paises-bajos-por-una-sancion-2.jpg\"><span class=\"epigraphe\">La grila definitiva de Pa\u00edses Bajos.<\/span><\/div>\n<\/div>\n","protected":false},"excerpt":{"rendered":"<p>31\/08\/2025 09:22hs. Actualizado al 31\/08\/2025 09:29hs. Esta ma\u00f1ana de domingo, antes de que incluso se realizara el desfile de pilotos tradicional antes de la carrera de F\u00f3rmula 1, hoy en el GP de Pa\u00edses Bajos, la FIA inform\u00f3 sobre un cambio en la parrilla por un equipo que rompi\u00f3 el Parque Cerrado, o sea trabajo [&hellip;]<\/p>\n","protected":false},"author":1,"featured_media":64922,"comment_status":"closed","ping_status":"closed","sticky":false,"template":"","format":"standard","meta":[],"categories":[10],"tags":[],"_links":{"self":[{"href":"http:\/\/nuevacordoba.net\/index.php\/wp-json\/wp\/v2\/posts\/64921"}],"collection":[{"href":"http:\/\/nuevacordoba.net\/index.php\/wp-json\/wp\/v2\/posts"}],"about":[{"href":"http:\/\/nuevacordoba.net\/index.php\/wp-json\/wp\/v2\/types\/post"}],"author":[{"embeddable":true,"href":"http:\/\/nuevacordoba.net\/index.php\/wp-json\/wp\/v2\/users\/1"}],"replies":[{"embeddable":true,"href":"http:\/\/nuevacordoba.net\/index.php\/wp-json\/wp\/v2\/comments?post=64921"}],"version-history":[{"count":0,"href":"http:\/\/nuevacordoba.net\/index.php\/wp-json\/wp\/v2\/posts\/64921\/revisions"}],"wp:featuredmedia":[{"embeddable":true,"href":"http:\/\/nuevacordoba.net\/index.php\/wp-json\/wp\/v2\/media\/64922"}],"wp:attachment":[{"href":"http:\/\/nuevacordoba.net\/index.php\/wp-json\/wp\/v2\/media?parent=64921"}],"wp:term":[{"taxonomy":"category","embeddable":true,"href":"http:\/\/nuevacordoba.net\/index.php\/wp-json\/wp\/v2\/categories?post=64921"},{"taxonomy":"post_tag","embeddable":true,"href":"http:\/\/nuevacordoba.net\/index.php\/wp-json\/wp\/v2\/tags?post=64921"}],"curies":[{"name":"wp","href":"https:\/\/api.w.org\/{rel}","templated":true}]}}