{"id":64923,"date":"2025-08-30T22:48:32","date_gmt":"2025-08-30T22:48:32","guid":{"rendered":"https:\/\/www.ole.com.ar\/futbol-ascenso\/ascenso-chacarita_0_Ja493rFGpb.html"},"modified":"2025-08-30T22:48:32","modified_gmt":"2025-08-30T22:48:32","slug":"se-accidento-estuvo-en-terapia-fue-operado-varias-veces-y-volvio-a-jugar-tras-413-dias","status":"publish","type":"post","link":"http:\/\/nuevacordoba.net\/index.php\/2025\/08\/30\/se-accidento-estuvo-en-terapia-fue-operado-varias-veces-y-volvio-a-jugar-tras-413-dias\/","title":{"rendered":"Se accident\u00f3, estuvo en terapia, fue operado varias veces y volvi\u00f3 a jugar tras 413 d\u00edas"},"content":{"rendered":"<p><time class=\"createDate\" datetime=\"2025-08-30T19:48:32-03:00\">30\/08\/2025 19:48hs.<\/time><\/p>\n<div id=\"storyBody\">\n<div class=\"custom-text \" readability=\"32.177944862155\">\n<p>A los 27 minutos del segundo tiempo, los hinchas de <a href=\"https:\/\/www.ole.com.ar\/tema\/chacarita.html\" title=\"Chacarita\" alt=\"Chacarita\" class=\"slug\">Chacarita <\/a>se pararon para aplaudirlo. Fue un antes y un despu\u00e9s en la igualdad contra <a href=\"https:\/\/www.ole.com.ar\/tema\/mitre-de-santiago-del-estero.html\" title=\"Mitre de Santiago del Estero\" alt=\"Mitre de Santiago del Estero\" class=\"slug\">Mitre de Santiago del Estero<\/a>. <strong>Fue un antes y un despu\u00e9s en la vida futbol\u00edstica de <a href=\"https:\/\/www.ole.com.ar\/tema\/luciano-perdomo.html\" title=\"Luciano Perdomo\" alt=\"Luciano Perdomo\" class=\"slug\">Luciano Perdomo<\/a><\/strong>. Porque tras m\u00e1s de un a\u00f1o y medio del accidente automovil\u00edstico con conmocion\u00f3 a todo el f\u00fatbol argentino,<strong> el volante central volvi\u00f3 a pisar una cancha.<\/strong><\/p>\n<\/div>\n<div class=\"sc-e7b891c4-0 ifHnQL image-embed\"><img alt=\"La vuelta de Perdomo, todo un referente en el Funebrero. (Prensa Chacarita)\" loading=\"lazy\" width=\"720\" height=\"100\" decoding=\"async\" data-nimg=\"1\" src=\"http:\/\/nuevacordoba.net\/wp-content\/uploads\/2025\/08\/se-accidento-estuvo-en-terapia-fue-operado-varias-veces-y-volvio-a-jugar-tras-413-dias.jpg\"><span class=\"epigraphe\">La vuelta de Perdomo, todo un referente en el Funebrero. (Prensa Chacarita)<\/span><\/div>\n<p><h2>Su regreso<\/h2>\n<\/p>\n<div class=\"custom-text \" readability=\"40.560483870968\">\n<p>De aquel 22 de enero del 2024 a hoy, el Puchi pas\u00f3 de todo: estuvo en terapia intensiva, recibi\u00f3 el alta m\u00e9dica, volvi\u00f3 a jugar (disput\u00f3 siete partidos), par\u00f3, realiz\u00f3 la pretemporada 2025 bajo las \u00f3rdenes del <a href=\"https:\/\/www.ole.com.ar\/tema\/juan-manuel-azconzabal.html\" title=\"Juan Manuel Azconz\u00e1bal\" alt=\"Juan Manuel Azconz\u00e1bal\" class=\"slug\">Vasco Azconz\u00e1bal<\/a>, tuvo que ser operado nuevamente, se someti\u00f3 a un tratamiento maxilofacial y una operaci\u00f3n combinada superciliar-endosc\u00f3pica de base de cr\u00e1neo y <strong>en julio los m\u00e9dicos le dieron el visto bueno de manera definitiva para volver a sumarse a los entrenamientos. <\/strong><\/p>\n<\/div>\n<div class=\"custom-text \" readability=\"38.318777292576\">\n<p>El mi\u00e9rcoles 16 de julio regres\u00f3 a las pr\u00e1cticas a la par del plantel en el predio UTA y poco a poco empez\u00f3 la puesta a punto para encarar la recta final del campeonato del <a href=\"https:\/\/www.ole.com.ar\/tema\/primera-nacional.html\" title=\"Primera Nacional\" alt=\"Primera Nacional\" class=\"slug\">Nacional<\/a>, que lo encuentra al Funebrero dando pelea por el Reducido de la Zona B. Y la espera acab\u00f3 este s\u00e1bado: tras un mes y medio con el grupo, <strong>el Titi Milla, quien asumi\u00f3 como interino tras la salida de Azconz\u00e1bal, lo mand\u00f3 a la cancha en el complemento ante el Aurinegro. <\/strong><\/p>\n<\/div>\n<div class=\"custom-text \" readability=\"39\">\n<p>As\u00ed,<strong> una de las vueltas m\u00e1s esperadas en San Mart\u00edn, dej\u00f3 de ser un sue\u00f1o para transformarse en una realidad.<\/strong> S\u00ed, es que a poco m\u00e1s de un a\u00f1o de la \u00faltima vez que el volante surgido de Gimnasia de La Plata sum\u00f3 minutos con la casaca tricolor, Perdomo volvi\u00f3 a entrar en la consideraci\u00f3n del nuevo cuerpo t\u00e9cnico.<\/p>\n<\/div>\n<div class=\"custom-text \" readability=\"36\">\n<p>\u00abPuchi (Perdomo) est\u00e1 bien.<strong> Se encuentra entrenando con sus compa\u00f1eros y est\u00e1 para sumar algunos minutos<\/strong>. Es una alegr\u00eda para nosotros. Lo analizaremos\u00bb, hab\u00eda expresado el det\u00e9 de Chaca sobre el regreso del capit\u00e1n, en di\u00e1logo con el canal oficial del club.<\/p>\n<\/div>\n<div class=\"sc-e7b891c4-0 ifHnQL image-embed\"><img alt=\"Luciano Perdomo tom\u00f3 la cinta de capit\u00e1n una vez que ingres\u00f3. \" loading=\"lazy\" width=\"720\" height=\"100\" decoding=\"async\" data-nimg=\"1\" src=\"http:\/\/nuevacordoba.net\/wp-content\/uploads\/2025\/08\/se-accidento-estuvo-en-terapia-fue-operado-varias-veces-y-volvio-a-jugar-tras-413-dias-1.jpg\"><span class=\"epigraphe\">Luciano Perdomo tom\u00f3 la cinta de capit\u00e1n una vez que ingres\u00f3. <\/span><\/div>\n<p><h2><strong>Su \u00faltimo partido<\/strong><\/h2>\n<\/p>\n<div class=\"custom-text \" readability=\"34.225\">\n<p>El 17 de abril del 2024 fue una fecha especial. En el cruce contra Tigre por los 32avos de final de <a href=\"https:\/\/www.ole.com.ar\/tema\/copa-argentina.html\" title=\"Copa Argentina\" alt=\"Copa Argentina\" class=\"slug\">Copa Argentina<\/a>, donde Chaca se impuso en penales tras igualar 1-1 en los 90&#8242;,<strong> <a href=\"https:\/\/www.ole.com.ar\/tema\/luciano-perdomo.html\" title=\"Luciano Perdomo\" alt=\"Luciano Perdomo\" class=\"slug\">Perdomo <\/a>estuvo convocado por primera vez en el a\u00f1o<\/strong>. Aquella tarde en Sarand\u00ed, la alegr\u00eda fue doble.<\/p>\n<\/div>\n<div class=\"custom-text \" readability=\"34.288372093023\">\n<p>Finalmente, el 21 del mismo mes, en el triunfo por 2-1 de <a href=\"https:\/\/www.ole.com.ar\/tema\/chacarita.html\" title=\"Chacarita\" alt=\"Chacarita\" class=\"slug\">Chacarita <\/a>contra <a href=\"https:\/\/www.ole.com.ar\/tema\/agropecuario.html\" title=\"Agropecuario\" alt=\"Agropecuario\" class=\"slug\">Agropecuario <\/a>de Carlos Casares, correspondiente a la 12\u00b0 fecha de la Primera Nacional 2024,<strong> el 5 dijo presente y jug\u00f3 cerca de media hora.<\/strong><\/p>\n<\/div>\n<div class=\"custom-text \" readability=\"38\">\n<p>Eso no fue todo, porque con el correr de la temporada el mediocampista de 28 a\u00f1os fue viendo m\u00e1s actividad: <strong>sum\u00f3 minutos contra All Boys, Patronato, Racing de C\u00f3rdoba, G\u00fcemes de Santiago del Estero y Deportivo Maip\u00fa.<\/strong><\/p>\n<\/div>\n<div class=\"custom-text \" readability=\"36\">\n<p>La derrota por 4-0 contra el Cervecero el 13 de julio fue lo \u00faltimo del Puchi en el a\u00f1o. A fines de julio comenz\u00f3 un tratamiento maxilofacial que lo mantuvo de baja hasta fin de torneo. <strong>De ah\u00ed en m\u00e1s, no jug\u00f3 m\u00e1s de manera oficial <\/strong>(apenas un pu\u00f1ado de minutos en los amistosos de pretemporada en 2025) hasta este s\u00e1bado.<\/p>\n<\/div>\n<div class=\"sc-e7b891c4-0 ifHnQL image-embed\"><img alt=\"Puchi jug\u00f3 contra Agropecuario en 2024. (Foto: Prensa Chacarita).\" loading=\"lazy\" width=\"720\" height=\"100\" decoding=\"async\" data-nimg=\"1\" src=\"http:\/\/nuevacordoba.net\/wp-content\/uploads\/2025\/08\/se-accidento-estuvo-en-terapia-fue-operado-varias-veces-y-volvio-a-jugar-tras-413-dias-2.jpg\"><span class=\"epigraphe\">Puchi jug\u00f3 contra Agropecuario en 2024. (Foto: Prensa Chacarita).<\/span><\/div>\n<div class=\"sc-a7166897-0 eoLsBE\" readability=\"6\">\n<section readability=\"2\"><picture><img alt=\"Central C\u00f3rdoba de Rosario no se baja de la pelea y arde el cierre de la Primera C\" loading=\"lazy\" width=\"290\" height=\"290\" decoding=\"async\" data-nimg=\"1\" src=\"http:\/\/nuevacordoba.net\/wp-content\/uploads\/2025\/08\/se-accidento-estuvo-en-terapia-fue-operado-varias-veces-y-volvio-a-jugar-tras-413-dias-3.jpg\"><\/picture>\n<p><span>Mir\u00e1 tambi\u00e9n<\/span><\/p>\n<hr>\n<h3>Central C\u00f3rdoba de Rosario no se baja de la pelea y arde el cierre de la Primera C<\/h3>\n<\/p>\n<\/section>\n<\/div>\n<div class=\"sc-a7166897-0 eoLsBE\" readability=\"6\">\n<section readability=\"2\"><picture><img alt=\"San Telmo perdi\u00f3 y qued\u00f3 lejos del Reducido\" loading=\"lazy\" width=\"290\" height=\"290\" decoding=\"async\" data-nimg=\"1\" src=\"http:\/\/nuevacordoba.net\/wp-content\/uploads\/2025\/08\/se-accidento-estuvo-en-terapia-fue-operado-varias-veces-y-volvio-a-jugar-tras-413-dias-4.jpg\"><\/picture>\n<p><span>Mir\u00e1 tambi\u00e9n<\/span><\/p>\n<hr>\n<h3>San Telmo perdi\u00f3 y qued\u00f3 lejos del Reducido<\/h3>\n<\/p>\n<\/section>\n<\/div>\n<div class=\"sc-a7166897-0 eoLsBE\" readability=\"6\">\n<section readability=\"2\"><picture><img alt=\"CADU gan\u00f3 una final por la permanencia y dej\u00f3 casi condenado a Talleres (RE)\" loading=\"lazy\" width=\"290\" height=\"290\" decoding=\"async\" data-nimg=\"1\" src=\"http:\/\/nuevacordoba.net\/wp-content\/uploads\/2025\/08\/se-accidento-estuvo-en-terapia-fue-operado-varias-veces-y-volvio-a-jugar-tras-413-dias-5.jpg\"><\/picture>\n<p><span>Mir\u00e1 tambi\u00e9n<\/span><\/p>\n<hr>\n<h3>CADU gan\u00f3 una final por la permanencia y dej\u00f3 casi condenado a Talleres (RE)<\/h3>\n<\/p>\n<\/section>\n<\/div>\n<\/div>\n","protected":false},"excerpt":{"rendered":"<p>30\/08\/2025 19:48hs. A los 27 minutos del segundo tiempo, los hinchas de Chacarita se pararon para aplaudirlo. Fue un antes y un despu\u00e9s en la igualdad contra Mitre de Santiago del Estero. Fue un antes y un despu\u00e9s en la vida futbol\u00edstica de Luciano Perdomo. Porque tras m\u00e1s de un a\u00f1o y medio del accidente [&hellip;]<\/p>\n","protected":false},"author":1,"featured_media":64924,"comment_status":"closed","ping_status":"closed","sticky":false,"template":"","format":"standard","meta":[],"categories":[10],"tags":[],"_links":{"self":[{"href":"http:\/\/nuevacordoba.net\/index.php\/wp-json\/wp\/v2\/posts\/64923"}],"collection":[{"href":"http:\/\/nuevacordoba.net\/index.php\/wp-json\/wp\/v2\/posts"}],"about":[{"href":"http:\/\/nuevacordoba.net\/index.php\/wp-json\/wp\/v2\/types\/post"}],"author":[{"embeddable":true,"href":"http:\/\/nuevacordoba.net\/index.php\/wp-json\/wp\/v2\/users\/1"}],"replies":[{"embeddable":true,"href":"http:\/\/nuevacordoba.net\/index.php\/wp-json\/wp\/v2\/comments?post=64923"}],"version-history":[{"count":0,"href":"http:\/\/nuevacordoba.net\/index.php\/wp-json\/wp\/v2\/posts\/64923\/revisions"}],"wp:featuredmedia":[{"embeddable":true,"href":"http:\/\/nuevacordoba.net\/index.php\/wp-json\/wp\/v2\/media\/64924"}],"wp:attachment":[{"href":"http:\/\/nuevacordoba.net\/index.php\/wp-json\/wp\/v2\/media?parent=64923"}],"wp:term":[{"taxonomy":"category","embeddable":true,"href":"http:\/\/nuevacordoba.net\/index.php\/wp-json\/wp\/v2\/categories?post=64923"},{"taxonomy":"post_tag","embeddable":true,"href":"http:\/\/nuevacordoba.net\/index.php\/wp-json\/wp\/v2\/tags?post=64923"}],"curies":[{"name":"wp","href":"https:\/\/api.w.org\/{rel}","templated":true}]}}