{"id":64961,"date":"2025-08-31T23:46:14","date_gmt":"2025-08-31T23:46:14","guid":{"rendered":"https:\/\/estaciontrip.com.ar\/?p=10735"},"modified":"2025-08-31T23:46:14","modified_gmt":"2025-08-31T23:46:14","slug":"el-mes-de-octubre-tendra-un-feriado-largo","status":"publish","type":"post","link":"http:\/\/nuevacordoba.net\/index.php\/2025\/08\/31\/el-mes-de-octubre-tendra-un-feriado-largo\/","title":{"rendered":"El mes de octubre tendr\u00e1 un feriado largo"},"content":{"rendered":"<div><img src=\"http:\/\/nuevacordoba.net\/wp-content\/uploads\/2025\/08\/el-mes-de-octubre-tendra-un-feriado-largo.jpg\" class=\"ff-og-image-inserted\"><\/div>\n<p><em>Es oficial y busca impulsar el turismo por Argentina.<\/em><\/p>\n<p>La C\u00e1mara Argentina de Turismo (CAT) anunci\u00f3 que tras el pedido impulsado por la instituci\u00f3n junto a provincias y municipios, con respaldo del secretario de Turismo, Daniel Scioli, el Gobierno nacional dispuso mediante el Decreto 614\/2025 y la Resoluci\u00f3n RESOL-2025-139-APN-JGM publicada en el Bolet\u00edn Oficial, trasladar el <strong>feriado nacional<\/strong> del D\u00eda del Respeto a la Diversidad Cultural del domingo 12 al viernes 10 de octubre de 2025.<\/p>\n<p>\u00abLa decisi\u00f3n responde a un pedido sostenido por el sector tur\u00edstico, que advirti\u00f3 sobre el impacto econ\u00f3mico de perder fines de semana largos. Con esta medida se garantiza la continuidad de un calendario ordenado, se suma previsibilidad para turistas y prestadores, y se genera una oportunidad concreta para estimular la demanda tur\u00edstica interna, favoreciendo a la hoteler\u00eda, la gastronom\u00eda, el transporte y el comercio regional\u00bb, argumenta en su comunicado la CAT.<\/p>\n<p>Adem\u00e1s, la medida tiene un fuerte impacto en la lucha contra la estacionalidad, ya que permite potenciar la temporada baja a trav\u00e9s de los fines de semana largos, distribuyendo el movimiento tur\u00edstico a lo largo del a\u00f1o y generando desarrollo econ\u00f3mico en cada rinc\u00f3n del pa\u00eds.<\/p>\n<p>Al respecto, la presidente de la CAT, Mar\u00eda Laura Teruel, subray\u00f3: \u201cEste anuncio es una gran noticia para el turismo argentino. Ven\u00edamos trabajando intensamente junto a las provincias, los municipios y el secretario Daniel Scioli para que no se pierda un fin de semana largo clave para la actividad. La medida refleja la escucha y la articulaci\u00f3n entre el sector p\u00fablico y el privado, y refuerza el compromiso de seguir consolidando al turismo como motor de desarrollo federal, inclusivo y sostenible\u201d.<\/p>\n","protected":false},"excerpt":{"rendered":"<p>Es oficial y busca impulsar el turismo por Argentina. La C\u00e1mara Argentina de Turismo (CAT) anunci\u00f3 que tras el pedido impulsado por la instituci\u00f3n junto a provincias y municipios, con respaldo del secretario de Turismo, Daniel Scioli, el Gobierno nacional dispuso mediante el Decreto 614\/2025 y la Resoluci\u00f3n RESOL-2025-139-APN-JGM publicada en el Bolet\u00edn Oficial, trasladar [&hellip;]<\/p>\n","protected":false},"author":1,"featured_media":64962,"comment_status":"closed","ping_status":"closed","sticky":false,"template":"","format":"standard","meta":[],"categories":[11],"tags":[],"_links":{"self":[{"href":"http:\/\/nuevacordoba.net\/index.php\/wp-json\/wp\/v2\/posts\/64961"}],"collection":[{"href":"http:\/\/nuevacordoba.net\/index.php\/wp-json\/wp\/v2\/posts"}],"about":[{"href":"http:\/\/nuevacordoba.net\/index.php\/wp-json\/wp\/v2\/types\/post"}],"author":[{"embeddable":true,"href":"http:\/\/nuevacordoba.net\/index.php\/wp-json\/wp\/v2\/users\/1"}],"replies":[{"embeddable":true,"href":"http:\/\/nuevacordoba.net\/index.php\/wp-json\/wp\/v2\/comments?post=64961"}],"version-history":[{"count":0,"href":"http:\/\/nuevacordoba.net\/index.php\/wp-json\/wp\/v2\/posts\/64961\/revisions"}],"wp:featuredmedia":[{"embeddable":true,"href":"http:\/\/nuevacordoba.net\/index.php\/wp-json\/wp\/v2\/media\/64962"}],"wp:attachment":[{"href":"http:\/\/nuevacordoba.net\/index.php\/wp-json\/wp\/v2\/media?parent=64961"}],"wp:term":[{"taxonomy":"category","embeddable":true,"href":"http:\/\/nuevacordoba.net\/index.php\/wp-json\/wp\/v2\/categories?post=64961"},{"taxonomy":"post_tag","embeddable":true,"href":"http:\/\/nuevacordoba.net\/index.php\/wp-json\/wp\/v2\/tags?post=64961"}],"curies":[{"name":"wp","href":"https:\/\/api.w.org\/{rel}","templated":true}]}}