{"id":64967,"date":"2025-09-01T13:08:32","date_gmt":"2025-09-01T13:08:32","guid":{"rendered":"https:\/\/www.ole.com.ar\/autos\/alpine-briatore-colapinto-dybala_0_D62mGow6Mz.html"},"modified":"2025-09-01T13:08:32","modified_gmt":"2025-09-01T13:08:32","slug":"paulo-dybala-unio-a-colapinto-y-a-briatore-en-el-gp-de-paises-bajos","status":"publish","type":"post","link":"http:\/\/nuevacordoba.net\/index.php\/2025\/09\/01\/paulo-dybala-unio-a-colapinto-y-a-briatore-en-el-gp-de-paises-bajos\/","title":{"rendered":"Paulo Dybala uni\u00f3 a Colapinto y a Briatore en el GP de Pa\u00edses Bajos"},"content":{"rendered":"<p><time class=\"createDate\" datetime=\"2025-09-01T10:08:32-03:00\">01\/09\/2025 10:08hs.<\/time><\/p>\n<div id=\"storyBody\">\n<div class=\"custom-text \" readability=\"36.293774319066\">\n<p>La vuelta a la actividad luego del receso de verano en la<strong><a href=\"https:\/\/www.ole.com.ar\/tema\/formula-1.html\" title=\"F\u00f3rmula 1\" alt=\"F\u00f3rmula 1\" class=\"slug\"> F\u00f3rmula 1<\/a><\/strong> arranc\u00f3 convulsionada en <strong><a href=\"https:\/\/www.ole.com.ar\/tema\/alpine.html\" title=\"Alpine\" alt=\"Alpine\" class=\"slug\">Alpine<\/a><\/strong>, donde<strong><a href=\"https:\/\/www.ole.com.ar\/tema\/flavio-briatore.html\" title=\"Flavio Briatore\" alt=\"Flavio Briatore\" class=\"slug\"> Flavio Briatore<\/a><\/strong>, el jefe del equipo, <strong>protagoniz\u00f3 duras declaraciones sobre el rendimiento de <a href=\"https:\/\/www.ole.com.ar\/tema\/franco-colapinto.html\" title=\"Franco Colapinto\" alt=\"Franco Colapinto\" class=\"slug\">Franco Colapinto <\/a><\/strong>desde su regreso a la M\u00e1xima. La respuesta, no tard\u00f3 en llegar porque el argentino<strong> se despach\u00f3 con un 11\u00ba puesto en el Gran Premio de Pa\u00edses Bajos<\/strong>, su mejor actuaci\u00f3n desde su llegada a Alpine. Y en medio de ese clima agitado,<strong> el equipo franc\u00e9s recibi\u00f3 una visita de lujo: <a href=\"https:\/\/www.ole.com.ar\/tema\/paulo-dybala.html\" title=\"Paulo Dybala\" alt=\"Paulo Dybala\" class=\"slug\">Paulo Dybala<\/a>.<\/strong><\/p>\n<\/div>\n<div class=\"custom-text \" readability=\"39.525222551929\">\n<p>S\u00ed, luego de jugar <strong>45 minutos en la victoria 1-0 de la <a href=\"https:\/\/www.ole.com.ar\/tema\/roma.html\" title=\"Roma\" alt=\"Roma\" class=\"slug\">Roma <\/a>frente a Pisa<\/strong>, la Joya viaj\u00f3 a Paises Bajos para presenciar la 15\u00aa carrera de la temporada y aprovech\u00f3 la oportunidad para visitar el box de su compatriota, donde logr\u00f3 una foto, tal vez, impensada para este fin de semana: <strong>pos\u00f3 junto a Colapinto y al mism\u00edsimo Briatore.<\/strong><\/p>\n<\/div>\n<div class=\"sc-e7b891c4-0 ifHnQL image-embed\"><img alt=\"Dybala pos\u00f3 con Briatore y Colapinto en el box de Alpine.\" loading=\"lazy\" width=\"720\" height=\"100\" decoding=\"async\" data-nimg=\"1\" src=\"http:\/\/nuevacordoba.net\/wp-content\/uploads\/2025\/09\/paulo-dybala-unio-a-colapinto-y-a-briatore-en-el-gp-de-paises-bajos.jpg\"><span class=\"epigraphe\">Dybala pos\u00f3 con Briatore y Colapinto en el box de Alpine.<\/span><\/div>\n<div class=\"custom-text \" readability=\"40\">\n<p>La foto, compartida por Alpine en su cuenta oficial, cosech\u00f3 miles de likes, la mayor\u00eda de ellos bancando a los argentinos. Pero claro, no faltaron tambi\u00e9n aquellos comentarios que recordaron las duras palabras del mandam\u00e1s italiano. \u00ab<strong>Una visita de clase mundial de un campe\u00f3n \u26bd\ufe0f. Gracias por pasar por aqu\u00ed\u00bb, escribi\u00f3 el equipo. <\/strong><\/p>\n<\/div>\n<div class=\"custom-text \" readability=\"35\">\n<p>Hay que destacar, adem\u00e1s, que Dybala no lleg\u00f3 con las manos vac\u00edas. A Briatore le regal\u00f3 una camiseta de la Roma con su nombre y Franco se qued\u00f3 con la de Argentina. <\/p>\n<\/div>\n<p><h2><strong>Qu\u00e9 hab\u00eda dicho Briatore del rendimiento de Franco Colapinto<\/strong><\/h2>\n<\/p>\n<div class=\"custom-text \" readability=\"39\">\n<p>Consultado por el futuro de Colapinto, uno de los temas del momento, el italiano analiz\u00f3 su producci\u00f3n hasta ahora y dijo no estar conforme: \u00ab<strong>No estoy contento si miras los resultados, que son lo importante. \u00c9l lo intenta muy duro. Nosotros lo intentamos muy duro con el equipo de ingenier\u00eda para complacerlo en todo, pero realmente no es lo que espero de Colapinto\u00bb.<\/strong><\/p>\n<\/div>\n<div class=\"custom-text \" readability=\"37\">\n<p>En esa l\u00ednea, Briatore sigui\u00f3: \u00abCreo que para un piloto es muy dif\u00edcil lidiar con este coche. <strong>Quiz\u00e1 no era el momento adecuado para tener a Franco en la F\u00f3rmula 1<\/strong>, quiz\u00e1 necesitaba un a\u00f1o m\u00e1s para formar parte de la categor\u00eda.<strong> Cambiamos a Doohan por Franco y quiz\u00e1 \u00e9l tiene el mismo problema de demasiada presi\u00f3n por estar en la F\u00f3rmula 1&#8243;.<\/strong><\/p>\n<\/div>\n<div class=\"sc-e7b891c4-0 ifHnQL image-embed\"><img alt=\"Flavio Briatore y Colapinto\n@ColapintoFiles\" loading=\"lazy\" width=\"720\" height=\"100\" decoding=\"async\" data-nimg=\"1\" src=\"http:\/\/nuevacordoba.net\/wp-content\/uploads\/2025\/09\/paulo-dybala-unio-a-colapinto-y-a-briatore-en-el-gp-de-paises-bajos-1.jpg\"><span class=\"epigraphe\">Flavio Briatore y Colapinto<br \/>\n@ColapintoFiles<\/span><\/div>\n<div class=\"custom-text \" readability=\"42\">\n<p>Al hablar de la presi\u00f3n, Flavio tom\u00f3 el ejemplo de Kimi Antonelli en Mercedes (luego, el italiano tuvo un inconveniente en la FP1), y sigui\u00f3: \u00ab<strong>A veces necesitamos considerar que el piloto es un ser humano y<\/strong> que tenemos que entender exactamente qu\u00e9 pasa por la cabeza de estos chicos, porque son j\u00f3venes de 19, 20, 22, 23 a\u00f1os\u2026\u00bb.<\/p>\n<\/div>\n<p><h2><strong>Cu\u00e1ndo y d\u00f3nde vuelve a correr Franco Colapinto<\/strong><\/h2>\n<\/p>\n<div class=\"custom-text \" readability=\"38\">\n<p>Ahora se viene un circuito especial para el argentino, ya que la M\u00e1xima no se toma descanso y <strong>ya el pr\u00f3ximo fin de semana llevar\u00e1 a cabo la 16\u00aa jornada en Monza, GP italiano donde Colapinto realiz\u00f3 su debut absoluto en una carrera de F1,<\/strong> para Williams, el 1\u00b0 de septiembre del a\u00f1o pasado.<\/p>\n<\/div>\n<div class=\"custom-text \" readability=\"45\">\n<p>Justo hoy hace un a\u00f1o, el<strong> 31 de agosto del 2024, Franco arrancaba muy bien la clasificaci\u00f3n,<\/strong> con un tiempo mejor de lo que se esperaba, y cuando iba por la segunda vuelta r\u00e1pida para meterse en la Q2, se despist\u00f3 en la curva 7,quedando en el puesto 18\u00b0 de la largada. <strong>Finalmente, fue 12\u00b0 en carrera, posici\u00f3n que mejorar\u00eda en la siguiente jornada, la de Bak\u00fa, para ser 8\u00b0 en el callejero.<\/strong><\/p>\n<\/div>\n<div class=\"custom-text \" readability=\"34\">\n<p>As\u00ed que todo lo que viene para Colapinto es m\u00e1s conocido. Sumado a que se est\u00e1 amigando con el auto, parece que se pueden esperar tiempos mejores&#8230; Siempre que Alpine le juegue a favor.<\/p>\n<\/div>\n<div class=\"sc-a7166897-0 eoLsBE\" readability=\"7.5\">\n<section readability=\"5\"><picture><img alt=\"Flavio Briatore, esta vez, elogi\u00f3 a Colapinto pero no se hizo cargo del error de Alpine con \u00e9l... Gasly tampoco \" loading=\"lazy\" width=\"290\" height=\"290\" decoding=\"async\" data-nimg=\"1\" src=\"http:\/\/nuevacordoba.net\/wp-content\/uploads\/2025\/09\/paulo-dybala-unio-a-colapinto-y-a-briatore-en-el-gp-de-paises-bajos-2.jpg\"><\/picture>\n<p><span>Mir\u00e1 tambi\u00e9n<\/span><\/p>\n<hr>\n<h3>Flavio Briatore, esta vez, elogi\u00f3 a Colapinto pero no se hizo cargo del error de Alpine con \u00e9l&#8230; Gasly tampoco <\/h3>\n<\/p>\n<\/section>\n<\/div>\n<div class=\"sc-a7166897-0 eoLsBE\" readability=\"6\">\n<section readability=\"2\"><picture><img alt=\"Qu\u00e9 dijo M\u00e1xima Zorreguieta de Franco Colapinto en el Gran Premio de Pa\u00edses Bajos\" loading=\"lazy\" width=\"290\" height=\"290\" decoding=\"async\" data-nimg=\"1\" src=\"http:\/\/nuevacordoba.net\/wp-content\/uploads\/2025\/09\/paulo-dybala-unio-a-colapinto-y-a-briatore-en-el-gp-de-paises-bajos-3.jpg\"><\/picture>\n<p><span>Mir\u00e1 tambi\u00e9n<\/span><\/p>\n<hr>\n<h3>Qu\u00e9 dijo M\u00e1xima Zorreguieta de Franco Colapinto en el Gran Premio de Pa\u00edses Bajos<\/h3>\n<\/p>\n<\/section>\n<\/div>\n<div class=\"sc-a7166897-0 eoLsBE\" readability=\"7\">\n<section readability=\"4\"><picture><img alt=\"Tras su gran GP de Pa\u00edses Bajos, \u00bfcu\u00e1ndo y d\u00f3nde vuelve a correr Franco Colapinto en la F\u00f3rmula 1?\" loading=\"lazy\" width=\"290\" height=\"290\" decoding=\"async\" data-nimg=\"1\" src=\"http:\/\/nuevacordoba.net\/wp-content\/uploads\/2025\/09\/paulo-dybala-unio-a-colapinto-y-a-briatore-en-el-gp-de-paises-bajos-4.jpg\"><\/picture>\n<p><span>Mir\u00e1 tambi\u00e9n<\/span><\/p>\n<hr>\n<h3>Tras su gran GP de Pa\u00edses Bajos, \u00bfcu\u00e1ndo y d\u00f3nde vuelve a correr Franco Colapinto en la F\u00f3rmula 1?<\/h3>\n<\/p>\n<\/section>\n<\/div>\n<\/div>\n","protected":false},"excerpt":{"rendered":"<p>01\/09\/2025 10:08hs. La vuelta a la actividad luego del receso de verano en la F\u00f3rmula 1 arranc\u00f3 convulsionada en Alpine, donde Flavio Briatore, el jefe del equipo, protagoniz\u00f3 duras declaraciones sobre el rendimiento de Franco Colapinto desde su regreso a la M\u00e1xima. La respuesta, no tard\u00f3 en llegar porque el argentino se despach\u00f3 con un [&hellip;]<\/p>\n","protected":false},"author":1,"featured_media":64968,"comment_status":"closed","ping_status":"closed","sticky":false,"template":"","format":"standard","meta":[],"categories":[10],"tags":[],"_links":{"self":[{"href":"http:\/\/nuevacordoba.net\/index.php\/wp-json\/wp\/v2\/posts\/64967"}],"collection":[{"href":"http:\/\/nuevacordoba.net\/index.php\/wp-json\/wp\/v2\/posts"}],"about":[{"href":"http:\/\/nuevacordoba.net\/index.php\/wp-json\/wp\/v2\/types\/post"}],"author":[{"embeddable":true,"href":"http:\/\/nuevacordoba.net\/index.php\/wp-json\/wp\/v2\/users\/1"}],"replies":[{"embeddable":true,"href":"http:\/\/nuevacordoba.net\/index.php\/wp-json\/wp\/v2\/comments?post=64967"}],"version-history":[{"count":0,"href":"http:\/\/nuevacordoba.net\/index.php\/wp-json\/wp\/v2\/posts\/64967\/revisions"}],"wp:featuredmedia":[{"embeddable":true,"href":"http:\/\/nuevacordoba.net\/index.php\/wp-json\/wp\/v2\/media\/64968"}],"wp:attachment":[{"href":"http:\/\/nuevacordoba.net\/index.php\/wp-json\/wp\/v2\/media?parent=64967"}],"wp:term":[{"taxonomy":"category","embeddable":true,"href":"http:\/\/nuevacordoba.net\/index.php\/wp-json\/wp\/v2\/categories?post=64967"},{"taxonomy":"post_tag","embeddable":true,"href":"http:\/\/nuevacordoba.net\/index.php\/wp-json\/wp\/v2\/tags?post=64967"}],"curies":[{"name":"wp","href":"https:\/\/api.w.org\/{rel}","templated":true}]}}