{"id":663,"date":"2021-02-06T08:31:00","date_gmt":"2021-02-06T08:31:00","guid":{"rendered":"http:\/\/nuevacordoba.net\/index.php\/2021\/02\/06\/paso-el-gobierno-entre-las-suspension-y-la-postergacion-de-las-primarias\/"},"modified":"2021-02-06T08:31:00","modified_gmt":"2021-02-06T08:31:00","slug":"paso-el-gobierno-entre-las-suspension-y-la-postergacion-de-las-primarias","status":"publish","type":"post","link":"http:\/\/nuevacordoba.net\/index.php\/2021\/02\/06\/paso-el-gobierno-entre-las-suspension-y-la-postergacion-de-las-primarias\/","title":{"rendered":"Paso: el Gobierno, entre las suspensi\u00f3n y la postergaci\u00f3n de las primarias"},"content":{"rendered":"<div><img src=\"http:\/\/nuevacordoba.net\/wp-content\/uploads\/2021\/02\/paso-el-gobierno-entre-las-suspension-y-la-postergacion-de-las-primarias.jpg\" class=\"ff-og-image-inserted\"><\/div>\n<p>Suspensi\u00f3n o postergaci\u00f3n de agosto a septiembre. Estos son los dos escenarios que se manejan en la Casa Rosada respecto a la realizaci\u00f3n de las <a href=\"https:\/\/www.lavoz.com.ar\/temas\/paso\" target=\"_blank\" rel=\"noopener\">primarias abiertas, simult\u00e1neas y obligatorias<\/a> (Paso) que, de acuerdo al calendario electoral vigente, deber\u00e1n realizarse en agosto pr\u00f3ximo, como antesala de las elecciones legislativas nacionales previstas para fines de octubre.<\/p>\n<p>As\u00ed lo indicaron a este medio fuentes gubernamentales y dirigentes opositores, frente a un pu\u00f1ado de especulaciones que rondan tanto Olivos como el Congreso nacional, el lugar donde se deber\u00e1 efectivizar la posible alteraci\u00f3n del cronograma electoral vigente.<\/p>\n<p>En diciembre pasado, 22 gobernadores se pronunciaron a favor de la suspensi\u00f3n lisa y llana de las primarias, invocando principalmente razones sanitarias derivadas de la pandemia de <a href=\"https:\/\/m.lavoz.com.ar\/temas\/coronavirus\" target=\"_blank\" rel=\"noopener\">Covid 19<\/a>. Nada de postergaci\u00f3n. S\u00f3lo se opuso el jefe de Gobierno porte\u00f1o, Horacio Rodr\u00edguez Larreta, mientras que el gobernador bonaerense, Axel Kicillof, mantuvo en reserva su posici\u00f3n. No son voces menores: Caba y la Provincia de Buenos Aires implican casi la mitad del padr\u00f3n nacional, compuesto por 25 millones de electores.<\/p>\n<p>En el caso del distrito porte\u00f1o, el PRO y la UCR se inclinan por mantener las Paso tal como indica el cronograma oficial, es decir agosto.<\/p>\n<div class=\"block-ad-node\">\n<div>\n<p> <span>Publicidad<\/span> <\/p>\n<\/div>\n<\/div>\n<p>Sin embargo, ven en la postergaci\u00f3n de las primarias a septiembre un punto medio que podr\u00eda conformarlos. De hecho, los diputados nacionales por el radicalismo, Emiliano Yacobitti y Carla Carrizo, presentaron un proyecto de ley para achicar los plazos entre las primarias y las legislativas: fines de septiembre para las Paso y principios de noviembre para las elecciones nacionales podr\u00eda ser la opci\u00f3n a seguir.<\/p>\n<p>En la Provincia de Buenos Aires, La C\u00e1mpora, hasta no hace mucho, estaba a favor de mantener las Paso locales, con el objetivo de pugnar en distintas intendencias por los principales lugares en las listas de concejales. El hecho de que el ministro del Interior, Wado de Pedro, se haya involucrado d\u00edas atr\u00e1s en las conversaciones con los gobernadores radicales Gerardo Morales (Jujuy) y Gustavo Vald\u00e9s (Corrientes) para discutir la hip\u00f3tesis de suspender las Paso (a tono con la posici\u00f3n de la mayor\u00eda de los gobernadores peronistas) fue le\u00eddo como un gesto de La C\u00e1mpora de ceder su posici\u00f3n de mantener las primarias.<\/p>\n<p>La jefatura de ministros nacionales est\u00e1 involucrada en el tema. \u201cLos gobernadores hablaron con el Presidente. Cualquier modificaci\u00f3n que se haga tiene que pasar por el Congreso y con consenso pol\u00edtico\u201d, ha dicho Santiago Cafiero.<\/p>\n<p>\u201cConversamos con \u201cWado\u201d De Pedro sobre el cronograma electoral vigente; si el Congreso logra los consensos necesarios para hacer una modificaci\u00f3n entonces nos vamos a adaptar. El motor de ese debate tiene que ser la salud y todo debe ser en el marco de consenso, sin especular electoralmente\u201d, sostuvo Cafiero.<\/p>\n<p>El Gobierno nacional analiza el tema Paso en simult\u00e1neo a una variable que domina todos los escenarios de especulaci\u00f3n pol\u00edtica: el desarrollo del plan nacional de vacunaci\u00f3n. \u201cSi todo marcha como esperamos y llegan m\u00e1s dosis al pa\u00eds, tendremos funcionando a pleno nuestros centros vacunatorios. Y estos centros son principalmente las escuelas, por lo que agosto no es un buen momento para distraer los esfuerzos en las primarias. Ni hablar del riesgo que implica movilizar dos veces (Paso y elecciones) a 25 millones de personas para votar\u201d, dicen en el Gobierno.<\/p>\n<div class=\"block-ad-node\">\n<div>\n<p> <span>Publicidad<\/span> <\/p>\n<\/div>\n<\/div>\n<p>La coalici\u00f3n Juntos por el Cambio har\u00e1 pesar su decisi\u00f3n, clave en el Congreso. El presidente de la UCR, Alfredo Cornejo, ya dijo que una eventual postergaci\u00f3n de las Paso \u201ctiene que ser por amplio consenso y no por una mayor\u00eda circunstancial\u201d en el Congreso.<\/p>\n<p>Patricia Bullrich, titular del PRO, manifest\u00f3 su oposici\u00f3n a un cambio del calendario electoral, aunque desde su entorno admitieron que podr\u00eda flexibilizar su postura.<\/p>\n<p>Ayer se conoci\u00f3 un documento impulsado por los radicales Ernesto Sanz y Jes\u00fas Rodr\u00edguez, y por los jefes de las bancadas de la UCR en diputados y en senadores, Mario Negri y Luis Naidenoff.<\/p>\n<div class=\"block-ad-node\">\n<div>\n<p> <span>Publicidad<\/span> <\/p>\n<\/div>\n<\/div>\n<p>En un tramo del documento se habla de los \u201cdesaf\u00edos electorales que se avecinan\u201d y se sostiene la necesidad de \u201crespetar la legislaci\u00f3n electoral vigente sin alteraciones bruscas\u201d como \u201cgarant\u00eda para la legitimaci\u00f3n del proceso democr\u00e1tico\u201d.<\/p>\n<p>No se trata de una negativa total a cualquier modificaci\u00f3n del calendario electoral.<\/p>\n<p><strong>Sesiones.<\/strong> Las sesiones extraordinarias terminan el 28 de febrero y uno de los temas propuestos es el proyecto de un diputado tucumano para suspender las Paso. Tambi\u00e9n se podr\u00eda tratar en marzo, en sesiones ordinarias.<\/p>\n<p class=\"SubTitulo\"><strong>El PJ cordob\u00e9s se pronunci\u00f3 a favor de evitar los comicios<\/strong><\/p>\n<p>La suspensi\u00f3n de las primarias abiertas, simult\u00e1neas y obligatorias (Paso) genera discusiones internas en el oficialismo nacional, pero el gobernador Juan Schiaretti es uno de los mandatarios peronistas que est\u00e1 de acuerdo con la suspensi\u00f3n.<\/p>\n<p>Si bien Schiaretti no habl\u00f3 del tema en p\u00fablico, si lo hizo el presidente del bloque C\u00f3rdoba Federal, Carlos Guti\u00e9rrez, quien se manifest\u00f3 a favor de la suspensi\u00f3n de las primarias.<\/p>\n<p>\u201cLas Paso ya demostraron ser una encuesta muy costosa en lo econ\u00f3mico para el pa\u00eds. Tampoco se puede estar votando en agosto, cuando puede haber una grave crisis sanitaria por el Covid. Nos parece que un contexto in\u00e9dito de pandemia y de crisis econ\u00f3mica habr\u00eda que consensuar la suspensi\u00f3n de las primarias, al menos por esta elecci\u00f3n. En otro momento se podr\u00e1 discutir si se trata de una herramienta \u00fatil, pero ahora habr\u00eda que suspenderlas\u201d, dijo Guti\u00e9rrez, el encargado de oficializar la postura del mandatario provincial.<\/p>\n<p>Por su parte, Oscar Gonz\u00e1lez, presidente provisorio de la Legislatura y titular del PJ provincial, tambi\u00e9n dijo estar a favor de eliminar esos comicios, al menos por este a\u00f1o.<\/p>\n<p>\u201cLas Paso no tienen ning\u00fan sentido, si en la \u00faltima elecci\u00f3n presidencial ning\u00fan partido eligi\u00f3 a sus candidatos en las primarias. Nadie sabe qu\u00e9 puede suceder con la crisis sanitaria en la primera quincena de agosto cuando se concreten las Paso. El sentido com\u00fan indica que no sirven, y menos en un contexto de pandemia. Mi opini\u00f3n personal es que nunca sirvieron y qued\u00f3 demostrado en las \u00faltimas elecciones. Si ning\u00fan partido dirime sus candidaturas en las urnas\u201d, afirm\u00f3 el presidente provisorio de la Legislatura de C\u00f3rdoba al programa Realidad 2021 que se emite por Canal C.<\/p>\n<p>Los cuatro votos del bloque schiarettistas son vitales para que el oficialismo consiga el cu\u00f3rum para debatir el proyecto de suspensi\u00f3n de las Paso que present\u00f3 el diputado tucumano Pablo Yedlin que responde al gobernador Juan Manzur.<\/p>\n<p>Aunque es poco probable que se trate en las sesiones extraordinarias que terminan el 28 de febrero, los gobernadores peronistas creen que hay margen para tratarlo el mes pr\u00f3ximo, si hay un acuerdo con M\u00e1ximo Kirchner, referente de La C\u00e1mpora, que hasta el momento es el principal obst\u00e1culo para la suspensi\u00f3n de las elecciones de agosto.<\/p>\n<p>La postergaci\u00f3n podr\u00eda ser un camino para consensuar en el oficialismo nacional.<\/p>\n<div class=\"ctaNewsNotaContainer\" readability=\"6.5\">\n<div class=\"newsletterTextContainer\" readability=\"33\">\n<p> S\u00cdNTESIS POL\u00cdTICA<\/p>\n<p> Informaci\u00f3n exclusiva y el mejor an\u00e1lisis, los lunes en tu correo.<\/p>\n<form method=\"post\" action-xhr=\"https:\/\/www.lavoz.com.ar\/newsletters\/sintesis-politica\/signup\" id=\"newsletter-signup\" class=\"newsletterForm\" target=\"_blank\" custom-validation-reporting=\"as-you-go\" on=\"submit:AMP.setState({formLoading:true});submit-success:AMP.setState({formSuccess:true})\">\n<div submit-success class=\"is-paddingless-l\" readability=\"6\"> <template type=\"amp-mustache\" readability=\"2\"><\/p>\n<p> <strong>\u00a1Gracias por suscribirte!<\/strong><\/p>\n<p> <\/template><\/div>\n<div submit-error class=\"is-paddingless-l\" readability=\"6.5\"> <template type=\"amp-mustache\" readability=\"3\"><\/p>\n<p> <strong>Ha ocurrido un error, por favor intente nuevamente m\u00e1s tarde.<\/strong><\/p>\n<p> <\/template><\/div>\n<\/form>\n<\/div>\n<\/div>\n<div class=\"column is-inline-block\" readability=\"5.1028037383178\">\n<div class=\"notification is-padding-lr\" readability=\"5.9532710280374\"> <a class=\"no-decoration is-font-bold\" href=\"https:\/\/www.lavoz.com.ar\/edicion-impresa\">Edici\u00f3n Impresa<\/a><\/p>\n<p class=\"is-font-sans-serif\">El texto original de este art\u00edculo fue publicado el 6\/02\/2021 en nuestra edici\u00f3n impresa.<\/p>\n<\/div>\n<\/div>\n<div>\n<p> <span>Publicidad<\/span> <\/p>\n<\/div>\n","protected":false},"excerpt":{"rendered":"<p>Suspensi\u00f3n o postergaci\u00f3n de agosto a septiembre. Estos son los dos escenarios que se manejan en la Casa Rosada respecto a la realizaci\u00f3n de las primarias abiertas, simult\u00e1neas y obligatorias (Paso) que, de acuerdo al calendario electoral vigente, deber\u00e1n realizarse en agosto pr\u00f3ximo, como antesala de las elecciones legislativas nacionales previstas para fines de octubre. [&hellip;]<\/p>\n","protected":false},"author":1,"featured_media":664,"comment_status":"closed","ping_status":"closed","sticky":false,"template":"","format":"standard","meta":[],"categories":[12],"tags":[],"_links":{"self":[{"href":"http:\/\/nuevacordoba.net\/index.php\/wp-json\/wp\/v2\/posts\/663"}],"collection":[{"href":"http:\/\/nuevacordoba.net\/index.php\/wp-json\/wp\/v2\/posts"}],"about":[{"href":"http:\/\/nuevacordoba.net\/index.php\/wp-json\/wp\/v2\/types\/post"}],"author":[{"embeddable":true,"href":"http:\/\/nuevacordoba.net\/index.php\/wp-json\/wp\/v2\/users\/1"}],"replies":[{"embeddable":true,"href":"http:\/\/nuevacordoba.net\/index.php\/wp-json\/wp\/v2\/comments?post=663"}],"version-history":[{"count":0,"href":"http:\/\/nuevacordoba.net\/index.php\/wp-json\/wp\/v2\/posts\/663\/revisions"}],"wp:featuredmedia":[{"embeddable":true,"href":"http:\/\/nuevacordoba.net\/index.php\/wp-json\/wp\/v2\/media\/664"}],"wp:attachment":[{"href":"http:\/\/nuevacordoba.net\/index.php\/wp-json\/wp\/v2\/media?parent=663"}],"wp:term":[{"taxonomy":"category","embeddable":true,"href":"http:\/\/nuevacordoba.net\/index.php\/wp-json\/wp\/v2\/categories?post=663"},{"taxonomy":"post_tag","embeddable":true,"href":"http:\/\/nuevacordoba.net\/index.php\/wp-json\/wp\/v2\/tags?post=663"}],"curies":[{"name":"wp","href":"https:\/\/api.w.org\/{rel}","templated":true}]}}