{"id":68352,"date":"2025-10-16T10:18:57","date_gmt":"2025-10-16T10:18:57","guid":{"rendered":"http:\/\/cordobanewsnet.wordpress.com\/?p=13379"},"modified":"2025-10-16T10:18:57","modified_gmt":"2025-10-16T10:18:57","slug":"argentina-a-la-final-del-mundial-sub-20","status":"publish","type":"post","link":"http:\/\/nuevacordoba.net\/index.php\/2025\/10\/16\/argentina-a-la-final-del-mundial-sub-20\/","title":{"rendered":"\u00a1Argentina a la final del Mundial Sub-20!"},"content":{"rendered":"<p>Con un gol de Mateo Silvetti y una actuaci\u00f3n decisiva de Gianluca Prestianni, la selecci\u00f3n juvenil venci\u00f3 1-0 a Colombia y se instal\u00f3 en la definici\u00f3n del torneo que se celebra en Chile. La Albiceleste buscar\u00e1 su s\u00e9ptimo t\u00edtulo el domingo.<\/p>\n<p>Despu\u00e9s de&nbsp;<strong>18 a\u00f1os de espera<\/strong>, la Albiceleste vuelve a escribir su nombre entre los finalistas del Mundial Sub-20. La \u00faltima vez hab\u00eda sido en 2007, cuando el equipo comandado por Sergio Batista, con figuras como&nbsp;<strong>Ag\u00fcero y Di Mar\u00eda<\/strong>, levant\u00f3 el trofeo en Canad\u00e1. Hoy, una nueva generaci\u00f3n de talentos devolvi\u00f3 la ilusi\u00f3n con un f\u00fatbol intenso, solidario y lleno de car\u00e1cter.<\/p>\n<p>El encuentro ante&nbsp;<strong>Colombia<\/strong>&nbsp;fue una verdadera \u00abbatalla\u00bb futbol\u00edstica. Ambos equipos propusieron desde el primer minuto, pero fue Argentina la que logr\u00f3 imponer su ritmo. En el complemento,&nbsp;<strong>Gianluca Prestianni<\/strong>&nbsp;arm\u00f3 una jugada magistral por la derecha y habilit\u00f3 a&nbsp;<strong>Mateo Silvetti<\/strong>, que defini\u00f3 con categor\u00eda para sellar el 1-0 que desat\u00f3 la euforia. En el arco,&nbsp;<strong>Santino Barbi<\/strong>&nbsp;fue clave con atajadas determinantes que aseguraron el pase a la final.<\/p>\n<p>Con esta clasificaci\u00f3n, Argentina confirma su lugar como&nbsp;<strong>potencia hist\u00f3rica del f\u00fatbol juvenil<\/strong>. Ya suma seis t\u00edtulos mundiales en la categor\u00eda y es el m\u00e1ximo ganador del certamen. Esta nueva camada busca seguir el legado de leyendas como Messi, Riquelme, Aimar y Saviola, que tambi\u00e9n brillaron con la celeste y blanca en su paso por los juveniles.<\/p>\n<p>La final ser\u00e1 este&nbsp;<strong>domingo 19 de octubre a las 20:00<\/strong>&nbsp;en el&nbsp;<strong>Estadio Nacional de Santiago de Chile<\/strong>, frente a Marruecos, la gran revelaci\u00f3n del torneo. Con un pa\u00eds expectante y las redes sociales colmadas de mensajes de aliento, los dirigidos por Placente sue\u00f1an con volver a gritar campe\u00f3n y cerrar con gloria un camino que ya qued\u00f3 grabado en la historia.<\/p>\n<figure class=\"wp-block-image size-large\"><img loading=\"lazy\" data-attachment-id=\"13380\" data-permalink=\"https:\/\/cordobanewsnet.wordpress.com\/2025\/10\/16\/argentina-a-la-final-del-mundial-sub-20\/image-799\/\" data-orig-file=\"http:\/\/nuevacordoba.net\/wp-content\/uploads\/2025\/10\/argentina-a-la-final-del-mundial-sub-20.png\" data-orig-size=\"929,523\" data-comments-opened=\"1\" data-image-meta=\"{&quot;aperture&quot;:&quot;0&quot;,&quot;credit&quot;:&quot;&quot;,&quot;camera&quot;:&quot;&quot;,&quot;caption&quot;:&quot;&quot;,&quot;created_timestamp&quot;:&quot;0&quot;,&quot;copyright&quot;:&quot;&quot;,&quot;focal_length&quot;:&quot;0&quot;,&quot;iso&quot;:&quot;0&quot;,&quot;shutter_speed&quot;:&quot;0&quot;,&quot;title&quot;:&quot;&quot;,&quot;orientation&quot;:&quot;0&quot;}\" data-image-title=\"image\" data-image-description data-image-caption data-medium-file=\"http:\/\/nuevacordoba.net\/wp-content\/uploads\/2025\/10\/argentina-a-la-final-del-mundial-sub-20.png?w=300\" data-large-file=\"http:\/\/nuevacordoba.net\/wp-content\/uploads\/2025\/10\/argentina-a-la-final-del-mundial-sub-20.png?w=736\" width=\"929\" height=\"523\" src=\"http:\/\/nuevacordoba.net\/wp-content\/uploads\/2025\/10\/argentina-a-la-final-del-mundial-sub-20.png\" alt class=\"wp-image-13380\" srcset=\"http:\/\/nuevacordoba.net\/wp-content\/uploads\/2025\/10\/argentina-a-la-final-del-mundial-sub-20.png 929w, http:\/\/nuevacordoba.net\/wp-content\/uploads\/2025\/10\/argentina-a-la-final-del-mundial-sub-20.png?w=150 150w, http:\/\/nuevacordoba.net\/wp-content\/uploads\/2025\/10\/argentina-a-la-final-del-mundial-sub-20.png?w=300 300w, http:\/\/nuevacordoba.net\/wp-content\/uploads\/2025\/10\/argentina-a-la-final-del-mundial-sub-20.png?w=768 768w\" sizes=\"(max-width: 929px) 100vw, 929px\"><\/figure>\n<p>Fuente : Telefe C\u00f3rdoba Argentina <\/p>\n<p><span id=\"wordads-inline-marker\"><\/span><\/p>\n<div id=\"jp-post-flair\" class=\"sharedaddy sd-like-enabled sd-sharing-enabled\">\n<div class=\"sharedaddy sd-sharing-enabled\">\n<div class=\"robots-nocontent sd-block sd-social sd-social-icon-text sd-sharing\">\n<h3 class=\"sd-title\">Comparte esto:<\/h3>\n<\/div>\n<\/div>\n<div class=\"sharedaddy sd-block sd-like jetpack-likes-widget-wrapper jetpack-likes-widget-unloaded\" id=\"like-post-wrapper-143108178-13379-68f0e23c2a3db\" data-src=\"\/\/widgets.wp.com\/likes\/index.html?ver=20251016#blog_id=143108178&amp;post_id=13379&amp;origin=cordobanewsnet.wordpress.com&amp;obj_id=143108178-13379-68f0e23c2a3db\" data-name=\"like-post-frame-143108178-13379-68f0e23c2a3db\" data-title=\"Me gusta o Compartir\">\n<p><span class=\"button\"><span>Me gusta<\/span><\/span> <span class=\"loading\">Cargando&#8230;<\/span><\/p>\n<p><span class=\"sd-text-color\"><\/span><\/div>\n<p><h3 class=\"jp-relatedposts-headline\"><em>Relacionado<\/em><\/h3>\n<\/p>\n<\/div>\n","protected":false},"excerpt":{"rendered":"<p>Con un gol de Mateo Silvetti y una actuaci\u00f3n decisiva de Gianluca Prestianni, la selecci\u00f3n juvenil venci\u00f3 1-0 a Colombia y se instal\u00f3 en la definici\u00f3n del torneo que se celebra en Chile. La Albiceleste buscar\u00e1 su s\u00e9ptimo t\u00edtulo el domingo. Despu\u00e9s de&nbsp;18 a\u00f1os de espera, la Albiceleste vuelve a escribir su nombre entre los [&hellip;]<\/p>\n","protected":false},"author":1,"featured_media":68353,"comment_status":"closed","ping_status":"closed","sticky":false,"template":"","format":"standard","meta":[],"categories":[14],"tags":[],"_links":{"self":[{"href":"http:\/\/nuevacordoba.net\/index.php\/wp-json\/wp\/v2\/posts\/68352"}],"collection":[{"href":"http:\/\/nuevacordoba.net\/index.php\/wp-json\/wp\/v2\/posts"}],"about":[{"href":"http:\/\/nuevacordoba.net\/index.php\/wp-json\/wp\/v2\/types\/post"}],"author":[{"embeddable":true,"href":"http:\/\/nuevacordoba.net\/index.php\/wp-json\/wp\/v2\/users\/1"}],"replies":[{"embeddable":true,"href":"http:\/\/nuevacordoba.net\/index.php\/wp-json\/wp\/v2\/comments?post=68352"}],"version-history":[{"count":0,"href":"http:\/\/nuevacordoba.net\/index.php\/wp-json\/wp\/v2\/posts\/68352\/revisions"}],"wp:featuredmedia":[{"embeddable":true,"href":"http:\/\/nuevacordoba.net\/index.php\/wp-json\/wp\/v2\/media\/68353"}],"wp:attachment":[{"href":"http:\/\/nuevacordoba.net\/index.php\/wp-json\/wp\/v2\/media?parent=68352"}],"wp:term":[{"taxonomy":"category","embeddable":true,"href":"http:\/\/nuevacordoba.net\/index.php\/wp-json\/wp\/v2\/categories?post=68352"},{"taxonomy":"post_tag","embeddable":true,"href":"http:\/\/nuevacordoba.net\/index.php\/wp-json\/wp\/v2\/tags?post=68352"}],"curies":[{"name":"wp","href":"https:\/\/api.w.org\/{rel}","templated":true}]}}