{"id":68360,"date":"2025-10-17T05:56:08","date_gmt":"2025-10-17T05:56:08","guid":{"rendered":"https:\/\/cordobaoutdoor.com.ar\/?p=4712"},"modified":"2025-10-17T05:56:08","modified_gmt":"2025-10-17T05:56:08","slug":"prunotto-cuestiono-el-abandono-nacional-y-reafirmo-el-compromiso-provincial-con-los-sectores-mas-vulnerables-en-general-fotheringam","status":"publish","type":"post","link":"http:\/\/nuevacordoba.net\/index.php\/2025\/10\/17\/prunotto-cuestiono-el-abandono-nacional-y-reafirmo-el-compromiso-provincial-con-los-sectores-mas-vulnerables-en-general-fotheringam\/","title":{"rendered":"Prunotto cuestion\u00f3 el abandono nacional y reafirm\u00f3 el compromiso provincial con los sectores m\u00e1s vulnerables en General Fotheringam"},"content":{"rendered":"<p data-start=\"128\" data-end=\"666\"><span>La vicegobernadora de la provincia, Myrian Prunotto, expres\u00f3 este mi\u00e9rcoles en General Fotheringam su preocupaci\u00f3n por \u201cel abandono del gobierno nacional hacia los sectores m\u00e1s vulnerables\u201d. En ese sentido, afirm\u00f3 que <em data-start=\"354\" data-end=\"665\">\u201cno hay muertos en las calles, como sostiene el presidente, porque son las provincias y los municipios los que han asumido la responsabilidad de garantizar la atenci\u00f3n en salud, la provisi\u00f3n de medicamentos, alimentos, educaci\u00f3n, transporte y seguridad, \u00e1reas en las que la Naci\u00f3n ha optado por desentenderse\u201d<\/em>.<\/span><\/p>\n<p data-start=\"128\" data-end=\"666\"><span><img loading=\"lazy\" decoding=\"async\" class=\"aligncenter size-full wp-image-4714\" src=\"http:\/\/nuevacordoba.net\/wp-content\/uploads\/2025\/10\/prunotto-cuestiono-el-abandono-nacional-y-reafirmo-el-compromiso-provincial-con-los-sectores-mas-vulnerables-en-general-fotheringam.jpg\" alt width=\"1024\" height=\"682\" srcset=\"http:\/\/nuevacordoba.net\/wp-content\/uploads\/2025\/10\/prunotto-cuestiono-el-abandono-nacional-y-reafirmo-el-compromiso-provincial-con-los-sectores-mas-vulnerables-en-general-fotheringam.jpg 1024w, http:\/\/nuevacordoba.net\/wp-content\/uploads\/2025\/10\/prunotto-cuestiono-el-abandono-nacional-y-reafirmo-el-compromiso-provincial-con-los-sectores-mas-vulnerables-en-general-fotheringam-2.jpg 300w, http:\/\/nuevacordoba.net\/wp-content\/uploads\/2025\/10\/prunotto-cuestiono-el-abandono-nacional-y-reafirmo-el-compromiso-provincial-con-los-sectores-mas-vulnerables-en-general-fotheringam-3.jpg 768w, http:\/\/nuevacordoba.net\/wp-content\/uploads\/2025\/10\/prunotto-cuestiono-el-abandono-nacional-y-reafirmo-el-compromiso-provincial-con-los-sectores-mas-vulnerables-en-general-fotheringam-4.jpg 421w, http:\/\/nuevacordoba.net\/wp-content\/uploads\/2025\/10\/prunotto-cuestiono-el-abandono-nacional-y-reafirmo-el-compromiso-provincial-con-los-sectores-mas-vulnerables-en-general-fotheringam-5.jpg 272w\" sizes=\"(max-width: 1024px) 100vw, 1024px\"><\/span><\/p>\n<p data-start=\"668\" data-end=\"1045\"><span>Durante su visita, Prunotto fue recibida por el presidente comunal, Mario Moreno, y estuvo acompa\u00f1ada por el secretario general de la Gobernaci\u00f3n, David Consalbi; el director del Centro C\u00edvico de R\u00edo Tercero, Yamil Mengo; y las directoras generales de Desarrollo Territorial y de Vinculaci\u00f3n de la Legislatura de C\u00f3rdoba, Leticia Allocco y Silvina Gonz\u00e1lez.<\/span><\/p>\n<p data-start=\"668\" data-end=\"1045\"><span><img loading=\"lazy\" decoding=\"async\" class=\"aligncenter size-full wp-image-4715\" src=\"http:\/\/nuevacordoba.net\/wp-content\/uploads\/2025\/10\/prunotto-cuestiono-el-abandono-nacional-y-reafirmo-el-compromiso-provincial-con-los-sectores-mas-vulnerables-en-general-fotheringam-1.jpg\" alt width=\"1024\" height=\"682\" srcset=\"http:\/\/nuevacordoba.net\/wp-content\/uploads\/2025\/10\/prunotto-cuestiono-el-abandono-nacional-y-reafirmo-el-compromiso-provincial-con-los-sectores-mas-vulnerables-en-general-fotheringam-1.jpg 1024w, http:\/\/nuevacordoba.net\/wp-content\/uploads\/2025\/10\/prunotto-cuestiono-el-abandono-nacional-y-reafirmo-el-compromiso-provincial-con-los-sectores-mas-vulnerables-en-general-fotheringam-6.jpg 300w, http:\/\/nuevacordoba.net\/wp-content\/uploads\/2025\/10\/prunotto-cuestiono-el-abandono-nacional-y-reafirmo-el-compromiso-provincial-con-los-sectores-mas-vulnerables-en-general-fotheringam-7.jpg 768w, http:\/\/nuevacordoba.net\/wp-content\/uploads\/2025\/10\/prunotto-cuestiono-el-abandono-nacional-y-reafirmo-el-compromiso-provincial-con-los-sectores-mas-vulnerables-en-general-fotheringam-8.jpg 421w, http:\/\/nuevacordoba.net\/wp-content\/uploads\/2025\/10\/prunotto-cuestiono-el-abandono-nacional-y-reafirmo-el-compromiso-provincial-con-los-sectores-mas-vulnerables-en-general-fotheringam-9.jpg 272w\" sizes=\"auto, (max-width: 1024px) 100vw, 1024px\"><\/span><\/p>\n<p data-start=\"1047\" data-end=\"1410\"><span>En el marco de su recorrida por esta localidad del departamento Tercero Arriba, la vicegobernadora hizo entrega de escrituras, cr\u00e9ditos del Banco de la Gente y un aporte provincial de cinco millones de pesos destinado al Club Sportivo y Recreativo Fotheringam. Los fondos fueron recibidos por la presidenta de la instituci\u00f3n, Mar\u00eda Luisa Lafuente.<\/span><\/p>\n","protected":false},"excerpt":{"rendered":"<p>La vicegobernadora de la provincia, Myrian Prunotto, expres\u00f3 este mi\u00e9rcoles en General Fotheringam su preocupaci\u00f3n por \u201cel abandono del gobierno nacional hacia los sectores m\u00e1s vulnerables\u201d. En ese sentido, afirm\u00f3 que \u201cno hay muertos en las calles, como sostiene el presidente, porque son las provincias y los municipios los que han asumido la responsabilidad de [&hellip;]<\/p>\n","protected":false},"author":1,"featured_media":68361,"comment_status":"closed","ping_status":"closed","sticky":false,"template":"","format":"standard","meta":[],"categories":[11],"tags":[],"_links":{"self":[{"href":"http:\/\/nuevacordoba.net\/index.php\/wp-json\/wp\/v2\/posts\/68360"}],"collection":[{"href":"http:\/\/nuevacordoba.net\/index.php\/wp-json\/wp\/v2\/posts"}],"about":[{"href":"http:\/\/nuevacordoba.net\/index.php\/wp-json\/wp\/v2\/types\/post"}],"author":[{"embeddable":true,"href":"http:\/\/nuevacordoba.net\/index.php\/wp-json\/wp\/v2\/users\/1"}],"replies":[{"embeddable":true,"href":"http:\/\/nuevacordoba.net\/index.php\/wp-json\/wp\/v2\/comments?post=68360"}],"version-history":[{"count":0,"href":"http:\/\/nuevacordoba.net\/index.php\/wp-json\/wp\/v2\/posts\/68360\/revisions"}],"wp:featuredmedia":[{"embeddable":true,"href":"http:\/\/nuevacordoba.net\/index.php\/wp-json\/wp\/v2\/media\/68361"}],"wp:attachment":[{"href":"http:\/\/nuevacordoba.net\/index.php\/wp-json\/wp\/v2\/media?parent=68360"}],"wp:term":[{"taxonomy":"category","embeddable":true,"href":"http:\/\/nuevacordoba.net\/index.php\/wp-json\/wp\/v2\/categories?post=68360"},{"taxonomy":"post_tag","embeddable":true,"href":"http:\/\/nuevacordoba.net\/index.php\/wp-json\/wp\/v2\/tags?post=68360"}],"curies":[{"name":"wp","href":"https:\/\/api.w.org\/{rel}","templated":true}]}}