{"id":68460,"date":"2025-10-17T10:36:47","date_gmt":"2025-10-17T10:36:47","guid":{"rendered":"http:\/\/cordobanewsnet.wordpress.com\/?p=13383"},"modified":"2025-10-17T10:36:47","modified_gmt":"2025-10-17T10:36:47","slug":"se-esperan-fuertes-vientos-tormentas-y-precipitaciones-este-viernes-en-cordoba","status":"publish","type":"post","link":"http:\/\/nuevacordoba.net\/index.php\/2025\/10\/17\/se-esperan-fuertes-vientos-tormentas-y-precipitaciones-este-viernes-en-cordoba\/","title":{"rendered":"Se esperan fuertes vientos, tormentas y precipitaciones este viernes en C\u00f3rdoba"},"content":{"rendered":"<p><!-- \/featured-media --> <\/p>\n<div class=\"post-content clear\" readability=\"44.484590860786\">\n<p>MN advierte sobre fuertes lluvias, r\u00e1fagas de viento de hasta 90 km\/h, granizo ocasional y actividad el\u00e9ctrica frecuente.<\/p>\n<p>El Servicio Meteorol\u00f3gico Nacional (SMN) emiti\u00f3 una&nbsp;<strong>alerta para C\u00f3rdoba<\/strong>&nbsp;ante la llegada de tormentas de variada intensidad. Se esperan lluvias, algunas localmente fuertes, con ocasional ca\u00edda de granizo y abundante acumulaci\u00f3n de agua en cortos per\u00edodos de tiempo.<\/p>\n<p>Adem\u00e1s, se prev\u00e9&nbsp;<strong>frecuente actividad el\u00e9ctrica<\/strong>&nbsp;y r\u00e1fagas que podr\u00edan alcanzar los 90 km\/h, lo que aumenta el riesgo en rutas y calles de la provincia.<\/p>\n<p>Las autoridades recomiendan&nbsp;<strong>circular con precauci\u00f3n<\/strong>, mantenerse informados por medios oficiales y extremar cuidados durante las condiciones clim\u00e1ticas adversas.<\/p>\n<figure class=\"wp-block-image size-large\"><img loading=\"lazy\" data-attachment-id=\"13384\" data-permalink=\"https:\/\/cordobanewsnet.wordpress.com\/2025\/10\/17\/se-esperan-fuertes-vientos-tormentas-y-precipitaciones-este-viernes-en-cordoba\/image-800\/\" data-orig-file=\"http:\/\/nuevacordoba.net\/wp-content\/uploads\/2025\/10\/se-esperan-fuertes-vientos-tormentas-y-precipitaciones-este-viernes-en-cordoba-2.png\" data-orig-size=\"993,660\" data-comments-opened=\"1\" data-image-meta=\"{&quot;aperture&quot;:&quot;0&quot;,&quot;credit&quot;:&quot;&quot;,&quot;camera&quot;:&quot;&quot;,&quot;caption&quot;:&quot;&quot;,&quot;created_timestamp&quot;:&quot;0&quot;,&quot;copyright&quot;:&quot;&quot;,&quot;focal_length&quot;:&quot;0&quot;,&quot;iso&quot;:&quot;0&quot;,&quot;shutter_speed&quot;:&quot;0&quot;,&quot;title&quot;:&quot;&quot;,&quot;orientation&quot;:&quot;0&quot;}\" data-image-title=\"image\" data-image-description data-image-caption data-medium-file=\"http:\/\/nuevacordoba.net\/wp-content\/uploads\/2025\/10\/se-esperan-fuertes-vientos-tormentas-y-precipitaciones-este-viernes-en-cordoba-2.png?w=300\" data-large-file=\"http:\/\/nuevacordoba.net\/wp-content\/uploads\/2025\/10\/se-esperan-fuertes-vientos-tormentas-y-precipitaciones-este-viernes-en-cordoba-2.png?w=736\" width=\"993\" height=\"660\" src=\"http:\/\/nuevacordoba.net\/wp-content\/uploads\/2025\/10\/se-esperan-fuertes-vientos-tormentas-y-precipitaciones-este-viernes-en-cordoba.png\" alt class=\"wp-image-13384\" srcset=\"http:\/\/nuevacordoba.net\/wp-content\/uploads\/2025\/10\/se-esperan-fuertes-vientos-tormentas-y-precipitaciones-este-viernes-en-cordoba-2.png 993w, http:\/\/nuevacordoba.net\/wp-content\/uploads\/2025\/10\/se-esperan-fuertes-vientos-tormentas-y-precipitaciones-este-viernes-en-cordoba-2.png?w=150 150w, http:\/\/nuevacordoba.net\/wp-content\/uploads\/2025\/10\/se-esperan-fuertes-vientos-tormentas-y-precipitaciones-este-viernes-en-cordoba-2.png?w=300 300w, http:\/\/nuevacordoba.net\/wp-content\/uploads\/2025\/10\/se-esperan-fuertes-vientos-tormentas-y-precipitaciones-este-viernes-en-cordoba-2.png?w=768 768w\" sizes=\"(max-width: 993px) 100vw, 993px\"><\/figure>\n<p>Fuente : Hoy D\u00eda C\u00f3rdoba Argentina<\/p>\n<p><span id=\"wordads-inline-marker\"><\/span><\/p>\n<div id=\"jp-post-flair\" class=\"sharedaddy sd-like-enabled sd-sharing-enabled\">\n<div class=\"sharedaddy sd-sharing-enabled\">\n<div class=\"robots-nocontent sd-block sd-social sd-social-icon-text sd-sharing\">\n<h3 class=\"sd-title\">Comparte esto:<\/h3>\n<\/div>\n<\/div>\n<div class=\"sharedaddy sd-block sd-like jetpack-likes-widget-wrapper jetpack-likes-widget-unloaded\" id=\"like-post-wrapper-143108178-13383-68f2afc41429e\" data-src=\"\/\/widgets.wp.com\/likes\/index.html?ver=20251017#blog_id=143108178&amp;post_id=13383&amp;origin=cordobanewsnet.wordpress.com&amp;obj_id=143108178-13383-68f2afc41429e\" data-name=\"like-post-frame-143108178-13383-68f2afc41429e\" data-title=\"Me gusta o Compartir\">\n<p><span class=\"button\"><span>Me gusta<\/span><\/span> <span class=\"loading\">Cargando&#8230;<\/span><\/p>\n<p><span class=\"sd-text-color\"><\/span><\/div>\n<p><h3 class=\"jp-relatedposts-headline\"><em>Relacionado<\/em><\/h3>\n<\/p>\n<\/div><\/div>\n<p><!--\/.post-content--> <\/p>\n<footer class=\"post-meta-container clear\" readability=\"0.425\">\n<div class=\"entry-author author-avatar-show\" readability=\"13.114754098361\">\n<div class=\"author-avatar\"> <img referrerpolicy=\"no-referrer\" alt=\"Avatar de Desconocido\" src=\"http:\/\/nuevacordoba.net\/wp-content\/uploads\/2025\/10\/se-esperan-fuertes-vientos-tormentas-y-precipitaciones-este-viernes-en-cordoba-1.png\" srcset=\"http:\/\/nuevacordoba.net\/wp-content\/uploads\/2025\/10\/se-esperan-fuertes-vientos-tormentas-y-precipitaciones-este-viernes-en-cordoba-1.png 1x, http:\/\/nuevacordoba.net\/wp-content\/uploads\/2025\/10\/se-esperan-fuertes-vientos-tormentas-y-precipitaciones-este-viernes-en-cordoba-6.png 1.5x, http:\/\/nuevacordoba.net\/wp-content\/uploads\/2025\/10\/se-esperan-fuertes-vientos-tormentas-y-precipitaciones-este-viernes-en-cordoba-7.png 2x, http:\/\/nuevacordoba.net\/wp-content\/uploads\/2025\/10\/se-esperan-fuertes-vientos-tormentas-y-precipitaciones-este-viernes-en-cordoba-8.png 3x, http:\/\/nuevacordoba.net\/wp-content\/uploads\/2025\/10\/se-esperan-fuertes-vientos-tormentas-y-precipitaciones-este-viernes-en-cordoba-9.png 4x\" class=\"avatar avatar-90\" height=\"90\" width=\"90\" loading=\"lazy\" decoding=\"async\"> <\/div>\n<p><!-- .author-avatar --> <\/p>\n<p><h2 class=\"author-title\"> Publicado por <span class=\"author-name\">Redacci\u00f3n<\/span> <\/h2>\n<\/p>\n<p><!-- .author-heading --> <\/p>\n<p class=\"author-bio\"> <a class=\"author-link\" href=\"https:\/\/cordobanewsnet.wordpress.com\/author\/prettomatias\/\" rel=\"author\"> Ver todas las entradas de Redacci\u00f3n <\/a> <\/p>\n<p><!-- .author-bio --> <\/div>\n<p><!-- .entry-auhtor --> <\/footer>\n<p> <!-- \/post-meta-container --> <!-- #respond --> <\/p>\n","protected":false},"excerpt":{"rendered":"<p>MN advierte sobre fuertes lluvias, r\u00e1fagas de viento de hasta 90 km\/h, granizo ocasional y actividad el\u00e9ctrica frecuente. El Servicio Meteorol\u00f3gico Nacional (SMN) emiti\u00f3 una&nbsp;alerta para C\u00f3rdoba&nbsp;ante la llegada de tormentas de variada intensidad. Se esperan lluvias, algunas localmente fuertes, con ocasional ca\u00edda de granizo y abundante acumulaci\u00f3n de agua en cortos per\u00edodos de tiempo. [&hellip;]<\/p>\n","protected":false},"author":1,"featured_media":68461,"comment_status":"closed","ping_status":"closed","sticky":false,"template":"","format":"standard","meta":[],"categories":[14],"tags":[],"_links":{"self":[{"href":"http:\/\/nuevacordoba.net\/index.php\/wp-json\/wp\/v2\/posts\/68460"}],"collection":[{"href":"http:\/\/nuevacordoba.net\/index.php\/wp-json\/wp\/v2\/posts"}],"about":[{"href":"http:\/\/nuevacordoba.net\/index.php\/wp-json\/wp\/v2\/types\/post"}],"author":[{"embeddable":true,"href":"http:\/\/nuevacordoba.net\/index.php\/wp-json\/wp\/v2\/users\/1"}],"replies":[{"embeddable":true,"href":"http:\/\/nuevacordoba.net\/index.php\/wp-json\/wp\/v2\/comments?post=68460"}],"version-history":[{"count":0,"href":"http:\/\/nuevacordoba.net\/index.php\/wp-json\/wp\/v2\/posts\/68460\/revisions"}],"wp:featuredmedia":[{"embeddable":true,"href":"http:\/\/nuevacordoba.net\/index.php\/wp-json\/wp\/v2\/media\/68461"}],"wp:attachment":[{"href":"http:\/\/nuevacordoba.net\/index.php\/wp-json\/wp\/v2\/media?parent=68460"}],"wp:term":[{"taxonomy":"category","embeddable":true,"href":"http:\/\/nuevacordoba.net\/index.php\/wp-json\/wp\/v2\/categories?post=68460"},{"taxonomy":"post_tag","embeddable":true,"href":"http:\/\/nuevacordoba.net\/index.php\/wp-json\/wp\/v2\/tags?post=68460"}],"curies":[{"name":"wp","href":"https:\/\/api.w.org\/{rel}","templated":true}]}}