{"id":68558,"date":"2025-10-17T13:52:35","date_gmt":"2025-10-17T13:52:35","guid":{"rendered":"https:\/\/puntoapunto.com.ar\/?p=378373"},"modified":"2025-10-17T13:52:35","modified_gmt":"2025-10-17T13:52:35","slug":"grupo-edisur-llevo-el-well-summit-a-cordoba-y-se-afianza-en-la-construccion-sustentable","status":"publish","type":"post","link":"http:\/\/nuevacordoba.net\/index.php\/2025\/10\/17\/grupo-edisur-llevo-el-well-summit-a-cordoba-y-se-afianza-en-la-construccion-sustentable\/","title":{"rendered":"Grupo Edisur llev\u00f3 el WELL Summit a C\u00f3rdoba y se afianza en la construcci\u00f3n sustentable"},"content":{"rendered":"<p data-start=\"270\" data-end=\"617\">Con la <strong>primera edici\u00f3n del WELL Summit C\u00f3rdoba<\/strong>, la desarrollista<strong> Grupo Edisur se afianz\u00f3 en la construcci\u00f3n sustentable y el dise\u00f1o de espacios centrados en las personas.<\/strong> El evento, de alcance internacional, tuvo lugar en su edificio corporativo de Manantiales, el primero del interior del pa\u00eds en obtener la certificaci\u00f3n WELL Platino.<\/p>\n<p data-start=\"619\" data-end=\"850\">Organizado junto al International WELL Building Institute (IWBI) y Green Group, el encuentro reuni\u00f3 a referentes nacionales e internacionales en torno a la creaci\u00f3n de entornos que promuevan el bienestar f\u00edsico, mental y emocional.<\/p>\n<p data-start=\"852\" data-end=\"1146\">\u201c<strong>Pasamos m\u00e1s del 90% de nuestras vidas en espacios construidos, que influyen m\u00e1s en nuestra salud f\u00edsica y mental que la alimentaci\u00f3n y la gen\u00e9tica<\/strong>\u201d, advirti\u00f3 Janera Soerel, consultora del IWBI, durante su disertaci\u00f3n. \u201cLos edificios pueden sanar, proteger y empoderar a las personas\u201d, sostuvo.<\/p>\n<p data-start=\"1148\" data-end=\"1529\">La economista, una de las responsables de expandir el est\u00e1ndar WELL en la regi\u00f3n, destac\u00f3 el crecimiento del mercado argentino: \u201cEn s\u00f3lo un a\u00f1o de trabajo logramos certificar cuatro edificios y tenemos m\u00e1s de 25 proyectos en marcha\u201d. Entre los beneficios del modelo, mencion\u00f3 el aumento de la productividad, la reducci\u00f3n del ausentismo y un ahorro del 24,5% en los costos de salud.<\/p>\n<p data-start=\"1148\" data-end=\"1529\"><img decoding=\"async\" class=\"aligncenter size-full wp-image-378376\" src=\"http:\/\/nuevacordoba.net\/wp-content\/uploads\/2025\/10\/grupo-edisur-llevo-el-well-summit-a-cordoba-y-se-afianza-en-la-construccion-sustentable.jpg\" alt width=\"1600\" height=\"1200\" srcset=\"http:\/\/nuevacordoba.net\/wp-content\/uploads\/2025\/10\/grupo-edisur-llevo-el-well-summit-a-cordoba-y-se-afianza-en-la-construccion-sustentable.jpg 1600w, http:\/\/nuevacordoba.net\/wp-content\/uploads\/2025\/10\/grupo-edisur-llevo-el-well-summit-a-cordoba-y-se-afianza-en-la-construccion-sustentable-2.jpg 300w, http:\/\/nuevacordoba.net\/wp-content\/uploads\/2025\/10\/grupo-edisur-llevo-el-well-summit-a-cordoba-y-se-afianza-en-la-construccion-sustentable-3.jpg 1024w, http:\/\/nuevacordoba.net\/wp-content\/uploads\/2025\/10\/grupo-edisur-llevo-el-well-summit-a-cordoba-y-se-afianza-en-la-construccion-sustentable-4.jpg 768w, http:\/\/nuevacordoba.net\/wp-content\/uploads\/2025\/10\/grupo-edisur-llevo-el-well-summit-a-cordoba-y-se-afianza-en-la-construccion-sustentable-5.jpg 1536w, http:\/\/nuevacordoba.net\/wp-content\/uploads\/2025\/10\/grupo-edisur-llevo-el-well-summit-a-cordoba-y-se-afianza-en-la-construccion-sustentable-6.jpg 750w, http:\/\/nuevacordoba.net\/wp-content\/uploads\/2025\/10\/grupo-edisur-llevo-el-well-summit-a-cordoba-y-se-afianza-en-la-construccion-sustentable-7.jpg 1140w\" sizes=\"(max-width: 1600px) 100vw, 1600px\" loading=\"lazy\"><\/p>\n<p data-start=\"1531\" data-end=\"1574\"><strong>C\u00f3rdoba, eje de la sustentabilidad real<\/strong><\/p>\n<p data-start=\"1576\" data-end=\"2020\">Horacio Parga, socio fundador de Grupo Edisur, enfatiz\u00f3 sobre la necesidad de que el sector inmobiliario adopte est\u00e1ndares que pongan a las personas en el centro de cada proyecto. Record\u00f3 tambi\u00e9n que Manantiales fue certificada como la primera comunidad LEED del pa\u00eds. <strong>\u201cSon logros que nos distinguen en el sector desarrollista y que posicionan a C\u00f3rdoba y a Argentina en la agenda de la sustentabilidad\u201d<\/strong>, afirm\u00f3.<\/p>\n<p data-start=\"2022\" data-end=\"2501\">La jornada incluy\u00f3 dos paneles moderados por Micaela Smulevich y Sohrab Yazdani (Green Group), con la participaci\u00f3n de representantes de Grupo Edisur, Grupo MDAY, Sanatorio Allende, el Colegio FASTA y Fundaci\u00f3n Renault.<br data-start=\"2241\" data-end=\"2244\">\u201cLa industria est\u00e1 siendo transformada por la sostenibilidad y el bienestar en los entornos construidos. Traer esto a la realidad local es sumamente importante\u201d, se\u00f1al\u00f3 Smulevich, y destac\u00f3 la necesidad de \u201ccombinar eficiencia, sustentabilidad y bienestar\u201d.<\/p>\n<p data-start=\"2503\" data-end=\"2540\"><strong>Un hito global con sello cordob\u00e9s<\/strong><\/p>\n<p data-start=\"2542\" data-end=\"2769\">El WELL Summit C\u00f3rdoba fue la primera edici\u00f3n del evento que se realiza en dos ciudades dentro del mismo pa\u00eds y forma parte de una agenda de m\u00e1s de 25 encuentros en ciudades como Madrid, Sidney, Londres, Nueva York y San Pablo.<\/p>\n<p data-start=\"2771\" data-end=\"3069\">Para Grupo Edisur, signific\u00f3 un <strong>nuevo paso en su estrategia de consolidar a Manantiales como una comunidad sustentable<\/strong> y un polo de innovaci\u00f3n. Con aliados como el Sanatorio Allende y el Colegio FASTA, la desarrollista busca fomentar un ecosistema de inversi\u00f3n y urbanismo centrado en el bienestar.<\/p>\n<p data-start=\"2771\" data-end=\"3069\"><img loading=\"lazy\" decoding=\"async\" class=\"aligncenter size-full wp-image-378374\" src=\"http:\/\/nuevacordoba.net\/wp-content\/uploads\/2025\/10\/grupo-edisur-llevo-el-well-summit-a-cordoba-y-se-afianza-en-la-construccion-sustentable-1.jpg\" alt width=\"1600\" height=\"1200\" srcset=\"http:\/\/nuevacordoba.net\/wp-content\/uploads\/2025\/10\/grupo-edisur-llevo-el-well-summit-a-cordoba-y-se-afianza-en-la-construccion-sustentable-1.jpg 1600w, http:\/\/nuevacordoba.net\/wp-content\/uploads\/2025\/10\/grupo-edisur-llevo-el-well-summit-a-cordoba-y-se-afianza-en-la-construccion-sustentable-8.jpg 300w, http:\/\/nuevacordoba.net\/wp-content\/uploads\/2025\/10\/grupo-edisur-llevo-el-well-summit-a-cordoba-y-se-afianza-en-la-construccion-sustentable-9.jpg 1024w, http:\/\/nuevacordoba.net\/wp-content\/uploads\/2025\/10\/grupo-edisur-llevo-el-well-summit-a-cordoba-y-se-afianza-en-la-construccion-sustentable-10.jpg 768w, http:\/\/nuevacordoba.net\/wp-content\/uploads\/2025\/10\/grupo-edisur-llevo-el-well-summit-a-cordoba-y-se-afianza-en-la-construccion-sustentable-11.jpg 1536w, http:\/\/nuevacordoba.net\/wp-content\/uploads\/2025\/10\/grupo-edisur-llevo-el-well-summit-a-cordoba-y-se-afianza-en-la-construccion-sustentable-12.jpg 750w, http:\/\/nuevacordoba.net\/wp-content\/uploads\/2025\/10\/grupo-edisur-llevo-el-well-summit-a-cordoba-y-se-afianza-en-la-construccion-sustentable-13.jpg 1140w\" sizes=\"auto, (max-width: 1600px) 100vw, 1600px\"><\/p>\n<p data-start=\"3071\" data-end=\"3111\"><strong>Un edificio como modelo de bienestar<\/strong><\/p>\n<p data-start=\"3113\" data-end=\"3230\">El edificio corporativo de Grupo Edisur \u2014certificado WELL Platino\u2014 sintetiza los est\u00e1ndares que promueve la compa\u00f1\u00eda:<\/p>\n<ul data-start=\"3232\" data-end=\"3608\" readability=\"3.5\">\n<li data-start=\"3232\" data-end=\"3284\" readability=\"-1\">\n<p data-start=\"3234\" data-end=\"3284\">200 colaboradores trabajan a diario en el espacio.<\/p>\n<\/li>\n<li data-start=\"3285\" data-end=\"3368\" readability=\"-1\">\n<p data-start=\"3287\" data-end=\"3368\">90% de las \u00e1reas cuentan con luz natural o luminarias que simulan la luz del d\u00eda.<\/p>\n<\/li>\n<li data-start=\"3369\" data-end=\"3409\" readability=\"-1\">\n<p data-start=\"3371\" data-end=\"3409\">25% de los escritorios son regulables.<\/p>\n<\/li>\n<li data-start=\"3410\" data-end=\"3480\" readability=\"-1\">\n<p data-start=\"3412\" data-end=\"3480\">Se ofrecen 1.600 porciones mensuales de frutas y verduras gratuitas.<\/p>\n<\/li>\n<li data-start=\"3481\" data-end=\"3547\" readability=\"0\">\n<p data-start=\"3483\" data-end=\"3547\">M\u00e1s de 100 cocheras, con espacios preferenciales y bicicleteros.<\/p>\n<\/li>\n<li data-start=\"3548\" data-end=\"3608\" readability=\"-1\">\n<p data-start=\"3550\" data-end=\"3608\">85% de los colaboradores expresa satisfacci\u00f3n y bienestar.<\/p>\n<\/li>\n<\/ul>\n<p data-start=\"3610\" data-end=\"3627\"><strong>WELL en datos<\/strong><\/p>\n<ul data-start=\"3629\" data-end=\"3835\" readability=\"2.5\">\n<li data-start=\"3629\" data-end=\"3657\" readability=\"-1\">\n<p data-start=\"3631\" data-end=\"3657\">Presencia en 138 pa\u00edses.<\/p>\n<\/li>\n<li data-start=\"3658\" data-end=\"3728\" readability=\"-1\">\n<p data-start=\"3660\" data-end=\"3728\">572 millones de m\u00b2 desarrollados bajo est\u00e1ndares WELL en el mundo.<\/p>\n<\/li>\n<li data-start=\"3729\" data-end=\"3771\" readability=\"0\">\n<p data-start=\"3731\" data-end=\"3771\">2,1 millones de m\u00b2 en Am\u00e9rica del Sur.<\/p>\n<\/li>\n<li data-start=\"3772\" data-end=\"3800\" readability=\"-1\">\n<p data-start=\"3774\" data-end=\"3800\">300.000 m\u00b2 en Argentina.<\/p>\n<\/li>\n<li data-start=\"3801\" data-end=\"3835\" readability=\"-1\">\n<p data-start=\"3803\" data-end=\"3835\">25 proyectos activos en el pa\u00eds.<\/p>\n<\/li>\n<\/ul>\n<p data-start=\"3837\" data-end=\"3866\"><strong>\u00bfQu\u00e9 son las normas WELL?<\/strong><\/p>\n<p data-start=\"3868\" data-end=\"4205\">Se trata de un<strong> est\u00e1ndar internacional desarrollado por el International WELL Building Institute (IWBI) que promueve el dise\u00f1o de espacios interiores que impacten positivamente en la salud f\u00edsica, mental y emocional de las personas.<\/strong> Eval\u00faa aspectos como la calidad del aire, luz, nutrici\u00f3n, movimiento, confort y bienestar organizacional.<\/p>\n<p data-start=\"4207\" data-end=\"4400\">Con este encuentro, C\u00f3rdoba se consolida como referente regional en arquitectura sustentable y desarrollo inmobiliario orientado a las personas, en l\u00ednea con las tendencias globales del sector.<\/p>\n","protected":false},"excerpt":{"rendered":"<p>Con la primera edici\u00f3n del WELL Summit C\u00f3rdoba, la desarrollista Grupo Edisur se afianz\u00f3 en la construcci\u00f3n sustentable y el dise\u00f1o de espacios centrados en las personas. El evento, de alcance internacional, tuvo lugar en su edificio corporativo de Manantiales, el primero del interior del pa\u00eds en obtener la certificaci\u00f3n WELL Platino. Organizado junto al [&hellip;]<\/p>\n","protected":false},"author":1,"featured_media":68559,"comment_status":"open","ping_status":"closed","sticky":false,"template":"","format":"standard","meta":[],"categories":[14],"tags":[],"_links":{"self":[{"href":"http:\/\/nuevacordoba.net\/index.php\/wp-json\/wp\/v2\/posts\/68558"}],"collection":[{"href":"http:\/\/nuevacordoba.net\/index.php\/wp-json\/wp\/v2\/posts"}],"about":[{"href":"http:\/\/nuevacordoba.net\/index.php\/wp-json\/wp\/v2\/types\/post"}],"author":[{"embeddable":true,"href":"http:\/\/nuevacordoba.net\/index.php\/wp-json\/wp\/v2\/users\/1"}],"replies":[{"embeddable":true,"href":"http:\/\/nuevacordoba.net\/index.php\/wp-json\/wp\/v2\/comments?post=68558"}],"version-history":[{"count":0,"href":"http:\/\/nuevacordoba.net\/index.php\/wp-json\/wp\/v2\/posts\/68558\/revisions"}],"wp:featuredmedia":[{"embeddable":true,"href":"http:\/\/nuevacordoba.net\/index.php\/wp-json\/wp\/v2\/media\/68559"}],"wp:attachment":[{"href":"http:\/\/nuevacordoba.net\/index.php\/wp-json\/wp\/v2\/media?parent=68558"}],"wp:term":[{"taxonomy":"category","embeddable":true,"href":"http:\/\/nuevacordoba.net\/index.php\/wp-json\/wp\/v2\/categories?post=68558"},{"taxonomy":"post_tag","embeddable":true,"href":"http:\/\/nuevacordoba.net\/index.php\/wp-json\/wp\/v2\/tags?post=68558"}],"curies":[{"name":"wp","href":"https:\/\/api.w.org\/{rel}","templated":true}]}}