{"id":68646,"date":"2025-10-17T03:02:39","date_gmt":"2025-10-17T03:02:39","guid":{"rendered":"https:\/\/puntoapunto.com.ar\/?p=378368"},"modified":"2025-10-17T03:02:39","modified_gmt":"2025-10-17T03:02:39","slug":"la-encuesta-que-muestra-a-milei-arriba-de-fuerza-patria-y-al-peronismo-provincial-fuera-de-competencia","status":"publish","type":"post","link":"http:\/\/nuevacordoba.net\/index.php\/2025\/10\/17\/la-encuesta-que-muestra-a-milei-arriba-de-fuerza-patria-y-al-peronismo-provincial-fuera-de-competencia\/","title":{"rendered":"La encuesta que muestra a Milei arriba de Fuerza Patria y al peronismo provincial fuera de competencia"},"content":{"rendered":"<p data-start=\"619\" data-end=\"899\">A menos de dos semanas de las elecciones legislativas nacionales, una encuesta de CB Consultora de Opini\u00f3n P\u00fablica <strong>revela un escenario polarizado entre La Libertad Avanza (LLA) y Fuerza Patria<\/strong>, con un peronismo provincial rezagado y sin capacidad de disputa real a nivel nacional.<\/p>\n<div class=\"g g-36\">\n<div class=\"g-dyn a-165 c-1\"><a class=\"gofollow\" data-track=\"MTY1LDM2LDYw\" href=\"https:\/\/azoteaeventos.com.ar\/\" target=\"_blank\" rel=\"noopener\"><img src=\"http:\/\/nuevacordoba.net\/wp-content\/uploads\/2025\/10\/la-encuesta-que-muestra-a-milei-arriba-de-fuerza-patria-y-al-peronismo-provincial-fuera-de-competencia.jpg\" loading=\"lazy\"><\/a><\/div>\n<\/div>\n<p data-start=\"901\" data-end=\"1311\">El <a href=\"https:\/\/cbconsultoraop.com\/argentina-legislativas-2025-11-a-15-de-octubre-2025-1668-casos-2-4-me\/\">estudio<\/a> \u2014realizado entre el 11 y el 15 de octubre sobre 1.668 casos, con un margen de error de \u00b12,4%\u2014 indag\u00f3 en el posicionamiento electoral frente a los principales espacios. Ante la pregunta sobre <strong>si votar\u00edan a candidatos de La Libertad Avanza, el 45,5% respondi\u00f3 afirmativamente. Para Fuerza Patria, la adhesi\u00f3n alcanz\u00f3 el 42,1%, lo que marca una diferencia de 3,4 puntos a favor del oficialismo.<\/strong>\n<\/p>\n<p data-start=\"901\" data-end=\"1311\"><img decoding=\"async\" class=\"aligncenter size-full wp-image-378369\" src=\"http:\/\/nuevacordoba.net\/wp-content\/uploads\/2025\/10\/la-encuesta-que-muestra-a-milei-arriba-de-fuerza-patria-y-al-peronismo-provincial-fuera-de-competencia-1.jpg\" alt width=\"680\" height=\"383\" srcset=\"http:\/\/nuevacordoba.net\/wp-content\/uploads\/2025\/10\/la-encuesta-que-muestra-a-milei-arriba-de-fuerza-patria-y-al-peronismo-provincial-fuera-de-competencia-1.jpg 680w, http:\/\/nuevacordoba.net\/wp-content\/uploads\/2025\/10\/la-encuesta-que-muestra-a-milei-arriba-de-fuerza-patria-y-al-peronismo-provincial-fuera-de-competencia-2.jpg 300w\" sizes=\"(max-width: 680px) 100vw, 680px\" loading=\"lazy\">\n<\/p>\n<p data-start=\"1313\" data-end=\"1683\">La tercera fuerza queda lejos: los <strong data-start=\"1348\" data-end=\"1367\">PJ provinciales<\/strong>, que nuclean expresiones peronistas no alineadas con las coaliciones nacionales, apenas re\u00fanen el <strong data-start=\"1466\" data-end=\"1474\">5,3%<\/strong> del electorado en intenci\u00f3n directa. Incluso en el escenario proyectado \u2014que redistribuye indecisos y votos afirmativos\u2014 ese espacio s\u00f3lo asciende al <strong data-start=\"1625\" data-end=\"1633\">5,8%<\/strong>, sin alterar el esquema de competencia principal.\n<\/p>\n<p data-start=\"1685\" data-end=\"2114\">Aunque la encuesta no muestra expl\u00edcitamente el porcentaje de voto directo a listas de LLA en el escenario electoral, el nivel de predisposici\u00f3n a acompa\u00f1ar a sus candidatos sugiere que el espacio retiene un piso alto de intenci\u00f3n frente a Fuerza Patria. En contraste, la distancia entre la adhesi\u00f3n gen\u00e9rica y el voto directo de este \u00faltimo (42,1% frente a 26,9%) evidencia posibles fugas entre la simpat\u00eda y la boleta concreta.<\/p>\n<div class=\"g g-37\">\n<div class=\"g-dyn a-175 c-1\"><a class=\"gofollow\" data-track=\"MTc1LDM3LDYw\" href=\"https:\/\/www.abogado.org.ar\/\" target=\"_blank\" rel=\"noopener\"><img src=\"http:\/\/nuevacordoba.net\/wp-content\/uploads\/2025\/10\/la-encuesta-que-muestra-a-milei-arriba-de-fuerza-patria-y-al-peronismo-provincial-fuera-de-competencia.gif\" loading=\"lazy\"><\/a><\/div>\n<\/div>\n<p data-start=\"2116\" data-end=\"2505\"><strong>La consolidaci\u00f3n de LLA y Fuerza Patria como polos de disputa deja al peronismo provincial limitado a un rol marginal, sin se\u00f1ales de crecimiento incluso con la incorporaci\u00f3n de indeciso<\/strong>s. El sondeo anticipa una elecci\u00f3n donde el reparto de bancas se definir\u00e1 entre dos bloques, en detrimento de expresiones territoriales que en otros turnos supieron incidir en la negociaci\u00f3n legislativa.<\/p>\n<p data-start=\"2507\" data-end=\"2721\">Con un electorado de alta definici\u00f3n \u2014seg\u00fan el mismo informe\u2014, la encuesta perfila una contienda donde el desaf\u00edo no pasa por captar indecisos sino por retener adhesiones y movilizar votantes el d\u00eda de la elecci\u00f3n.\n<\/p>\n<div class=\"g g-38\">\n<div class=\"g-dyn a-24 c-1\"><a class=\"gofollow\" data-track=\"MjQsMzgsNjA=\" href=\"https:\/\/www.epec.com.ar\/comunidad-epec\/articulo\/113\" target=\"_blank\" rel=\"noopener\"><img src=\"http:\/\/nuevacordoba.net\/wp-content\/uploads\/2025\/10\/la-encuesta-que-muestra-a-milei-arriba-de-fuerza-patria-y-al-peronismo-provincial-fuera-de-competencia-1.gif\" loading=\"lazy\"><\/a><\/div>\n<div class=\"g-dyn a-12 c-2\"><a class=\"gofollow\" data-track=\"MTIsMzgsNjA=\" href=\"https:\/\/hospitalprivado.com.ar\/\" target=\"_blank\" rel=\"noopener\"><img src=\"http:\/\/nuevacordoba.net\/wp-content\/uploads\/2025\/10\/la-encuesta-que-muestra-a-milei-arriba-de-fuerza-patria-y-al-peronismo-provincial-fuera-de-competencia-2.gif\" loading=\"lazy\"><\/a><\/div>\n<\/div>\n","protected":false},"excerpt":{"rendered":"<p>A menos de dos semanas de las elecciones legislativas nacionales, una encuesta de CB Consultora de Opini\u00f3n P\u00fablica revela un escenario polarizado entre La Libertad Avanza (LLA) y Fuerza Patria, con un peronismo provincial rezagado y sin capacidad de disputa real a nivel nacional. El estudio \u2014realizado entre el 11 y el 15 de octubre [&hellip;]<\/p>\n","protected":false},"author":1,"featured_media":68647,"comment_status":"open","ping_status":"closed","sticky":false,"template":"","format":"standard","meta":[],"categories":[12,14],"tags":[],"_links":{"self":[{"href":"http:\/\/nuevacordoba.net\/index.php\/wp-json\/wp\/v2\/posts\/68646"}],"collection":[{"href":"http:\/\/nuevacordoba.net\/index.php\/wp-json\/wp\/v2\/posts"}],"about":[{"href":"http:\/\/nuevacordoba.net\/index.php\/wp-json\/wp\/v2\/types\/post"}],"author":[{"embeddable":true,"href":"http:\/\/nuevacordoba.net\/index.php\/wp-json\/wp\/v2\/users\/1"}],"replies":[{"embeddable":true,"href":"http:\/\/nuevacordoba.net\/index.php\/wp-json\/wp\/v2\/comments?post=68646"}],"version-history":[{"count":0,"href":"http:\/\/nuevacordoba.net\/index.php\/wp-json\/wp\/v2\/posts\/68646\/revisions"}],"wp:featuredmedia":[{"embeddable":true,"href":"http:\/\/nuevacordoba.net\/index.php\/wp-json\/wp\/v2\/media\/68647"}],"wp:attachment":[{"href":"http:\/\/nuevacordoba.net\/index.php\/wp-json\/wp\/v2\/media?parent=68646"}],"wp:term":[{"taxonomy":"category","embeddable":true,"href":"http:\/\/nuevacordoba.net\/index.php\/wp-json\/wp\/v2\/categories?post=68646"},{"taxonomy":"post_tag","embeddable":true,"href":"http:\/\/nuevacordoba.net\/index.php\/wp-json\/wp\/v2\/tags?post=68646"}],"curies":[{"name":"wp","href":"https:\/\/api.w.org\/{rel}","templated":true}]}}